{"id":31298,"date":"2026-03-11T16:04:53","date_gmt":"2026-03-11T16:04:53","guid":{"rendered":"https:\/\/confesq.org\/?p=31298"},"modified":"2026-03-16T08:05:20","modified_gmt":"2026-03-16T08:05:20","slug":"firma-la-declaracion-de-madrid","status":"publish","type":"post","link":"https:\/\/confesq.org\/?p=31298","title":{"rendered":"FIRMA PARA INCLUIR LA SQM EN LA CIE-11 (OMS)"},"content":{"rendered":"<div class=\"wpb-content-wrapper\"><p>[vc_row][vc_column][vc_column_text css=\u00bb\u00bb]<\/p>\n<div class=\"title-h1 title-h2\" style=\"text-align: center;\"><span style=\"color: #000000;\">FIRMA LA DECLARACI\u00d3N DE MADRID<\/span><\/div>\n<p>[\/vc_column_text][vc_column_text css=\u00bb\u00bb]<\/p>\n<div>\n<h4><strong>\u00bfQu\u00e9 es la Declaraci\u00f3n de Madrid?<\/strong><\/h4>\n<\/div>\n<p>[\/vc_column_text][vc_column_text css=\u00bb\u00bb]<\/p>\n<p style=\"text-align: justify;\"><span style=\"color: #000000;\">La Declaraci\u00f3n de Madrid es un documento consensuado por expertos internacionales en salud ambiental que reclama la incorporaci\u00f3n de la <strong>Sensibilidad Qu\u00edmica M\u00faltiple (SQM)<\/strong> en la <strong>Clasificaci\u00f3n Internacional de Enfermedades (CIE\u201111)<\/strong> de la Organizaci\u00f3n Mundial de la Salud (OMS). Este reconocimiento permitir\u00eda avanzar de manera decisiva en el diagn\u00f3stico, tratamiento y atenci\u00f3n adecuada de las personas afectadas.<\/span><\/p>\n<p>[\/vc_column_text][vc_column_text css=\u00bb\u00bb]<\/p>\n<div class=\"title-h4\" style=\"text-align: justify;\">\u00bfPor qu\u00e9 es importante?<\/div>\n<p>[\/vc_column_text][vc_column_text css=\u00bb\u00bb]<\/p>\n<p style=\"text-align: justify;\"><span style=\"color: #000000;\">Actualmente, miles de pacientes con SQM se encuentran en una situaci\u00f3n de vulnerabilidad, sin un c\u00f3digo diagn\u00f3stico reconocido por la OMS que les permita acceder a una atenci\u00f3n sanitaria especializada. Esta falta de codificaci\u00f3n genera desigualdades, retrasos diagn\u00f3sticos y dificultades para el acceso a prestaciones, tratamientos y reconocimiento institucional.<\/span><\/p>\n<div>\n<p><span style=\"color: #000000;\">Incorporar la SQM en la CIE\u201111 es esencial para:<\/span><\/p>\n<ul>\n<li><span style=\"color: #000000;\">Garantizar un <strong>diagn\u00f3stico homog\u00e9neo y basado en evidencia cient\u00edfica<\/strong>.<\/span><\/li>\n<li><span style=\"color: #000000;\">Facilitar la <strong>formaci\u00f3n de profesionales sanitarios<\/strong> y la generaci\u00f3n de protocolos de atenci\u00f3n.<\/span><\/li>\n<li><span style=\"color: #000000;\">Proteger el <strong>derecho a la salud, la dignidad y la calidad de vida<\/strong> de los pacientes.<\/span><\/li>\n<\/ul>\n<\/div>\n<p>[\/vc_column_text][vc_column_text css=\u00bb\u00bb]<\/p>\n<div class=\"title-h4\" style=\"text-align: justify;\"><span style=\"letter-spacing: 0.05em;\">\u00bfQu\u00e9 solicita la Declaraci\u00f3n?<\/span><\/div>\n<p>[\/vc_column_text][vc_column_text css=\u00bb\u00bb]<\/p>\n<p style=\"text-align: justify;\"><span style=\"color: #000000;\">Actualmente, miles de pacientes con SQM se encuentran en una situaci\u00f3n de vulnerabilidad, sin un c\u00f3digo diagn\u00f3stico reconocido por la OMS que les permita acceder a una atenci\u00f3n sanitaria especializada. Esta falta de codificaci\u00f3n genera desigualdades, retrasos diagn\u00f3sticos y dificultades para el acceso a prestaciones, tratamientos y reconocimiento institucional.<\/span><\/p>\n<div>\n<p><span style=\"color: #000000;\">Incorporar la SQM en la CIE\u201111 es esencial para:<\/span><\/p>\n<ul>\n<li><span style=\"color: #000000;\">La incorporaci\u00f3n de la SQM como entidad cl\u00ednica diferenciada con un c\u00f3digo diagn\u00f3stico espec\u00edfico.<\/span><\/li>\n<li><span style=\"color: #000000;\">Garantizar una definici\u00f3n clara basada en criterios cl\u00ednicos y cient\u00edficos sin interpretaciones reduccionistas ni estigmatizantes<\/span><\/li>\n<li><span style=\"color: #000000;\">Facilitar la armonizaci\u00f3n diagn\u00f3stica internacional, la investigaci\u00f3n epidemiol\u00f3gica y el desarrollo de pol\u00edticas de prevenci\u00f3n ambiental<\/span><\/li>\n<li><span style=\"color: #000000;\">reconocer el impacto funcional, social y sanitario de la SQM en millones de personas en todo el mundo.\u00a0<\/span><\/li>\n<\/ul>\n<\/div>\n<p>[\/vc_column_text][vc_column_text css=\u00bb\u00bb]<\/p>\n<h4>Documento de la declaraci\u00f3n<\/h4>\n<p>[\/vc_column_text][vc_column_text css=\u00bb\u00bb]<\/p>\n<ul>\n<li>\n<div class=\"styled-subtitle\"><a href=\"https:\/\/confesq.org\/wp-content\/uploads\/2026\/03\/MADRID-DECLARATION.pdf\">English Version: Madrid Declaration<\/a><\/div>\n<\/li>\n<li>\n<div class=\"styled-subtitle\"><a href=\"https:\/\/confesq.org\/wp-content\/uploads\/2026\/03\/temp_Declaracion-de-Madrid-2-1.pdf\">Versi\u00f3n en Espa\u00f1ol: Declaraci\u00f3n de Madrid<\/a><\/div>\n<\/li>\n<\/ul>\n<p>[\/vc_column_text][vc_btn title=\u00bbFIRMA LA DECLARACI\u00d3N AQU\u00cd\u00bb color=\u00bbpurple\u00bb size=\u00bblg\u00bb align=\u00bbcenter\u00bb css=\u00bb\u00bb link=\u00bburl:https%3A%2F%2Fsecure.avaaz.org%2Fcommunity_petitions%2Fes%2Forganizacion_mundial_de_la_salud_incluyan_la_sensibilidad_quimica_multiple_en_el_cie_11_oms%2F%3FcqmiUub%26utm_source%3Dcopy%26utm_medium%3Dsocial_share%26utm_campaign%3D1764017%26utm_term%3DcqmiUub%252Bes%26share_location%3Ddo_landing\u00bb][vc_column_text css=\u00bb\u00bb]https:\/\/youtu.be\/CMgvmm65odM[\/vc_column_text][\/vc_column][\/vc_row][vc_row][vc_column][\/vc_column][\/vc_row]<\/p>\n<\/div>","protected":false},"excerpt":{"rendered":"<p>[vc_row][vc_column][vc_column_text css=\u00bb\u00bb] FIRMA LA DECLARACI\u00d3N DE MADRID [\/vc_column_text][vc_column_text css=\u00bb\u00bb] \u00bfQu\u00e9 es la Declaraci\u00f3n de Madrid? [\/vc_column_text][vc_column_text css=\u00bb\u00bb] La Declaraci\u00f3n de&#8230;<\/p>\n","protected":false},"author":2,"featured_media":31325,"comment_status":"open","ping_status":"closed","sticky":false,"template":"","format":"aside","meta":{"footnotes":""},"categories":[105],"tags":[],"class_list":{"0":"post-31298","1":"post","2":"type-post","3":"status-publish","4":"format-aside","5":"has-post-thumbnail","7":"category-novedades","8":"post_format-post-format-aside"},"menu_order":0,"_links":{"self":[{"href":"https:\/\/confesq.org\/index.php?rest_route=\/wp\/v2\/posts\/31298","targetHints":{"allow":["GET"]}}],"collection":[{"href":"https:\/\/confesq.org\/index.php?rest_route=\/wp\/v2\/posts"}],"about":[{"href":"https:\/\/confesq.org\/index.php?rest_route=\/wp\/v2\/types\/post"}],"author":[{"embeddable":true,"href":"https:\/\/confesq.org\/index.php?rest_route=\/wp\/v2\/users\/2"}],"replies":[{"embeddable":true,"href":"https:\/\/confesq.org\/index.php?rest_route=%2Fwp%2Fv2%2Fcomments&post=31298"}],"version-history":[{"count":17,"href":"https:\/\/confesq.org\/index.php?rest_route=\/wp\/v2\/posts\/31298\/revisions"}],"predecessor-version":[{"id":31323,"href":"https:\/\/confesq.org\/index.php?rest_route=\/wp\/v2\/posts\/31298\/revisions\/31323"}],"wp:featuredmedia":[{"embeddable":true,"href":"https:\/\/confesq.org\/index.php?rest_route=\/wp\/v2\/media\/31325"}],"wp:attachment":[{"href":"https:\/\/confesq.org\/index.php?rest_route=%2Fwp%2Fv2%2Fmedia&parent=31298"}],"wp:term":[{"taxonomy":"category","embeddable":true,"href":"https:\/\/confesq.org\/index.php?rest_route=%2Fwp%2Fv2%2Fcategories&post=31298"},{"taxonomy":"post_tag","embeddable":true,"href":"https:\/\/confesq.org\/index.php?rest_route=%2Fwp%2Fv2%2Ftags&post=31298"}],"curies":[{"name":"wp","href":"https:\/\/api.w.org\/{rel}","templated":true}]}}