{"id":30711,"date":"2025-10-28T10:34:52","date_gmt":"2025-10-28T10:34:52","guid":{"rendered":"https:\/\/confesq.org\/?p=30711"},"modified":"2025-11-06T11:52:47","modified_gmt":"2025-11-06T11:52:47","slug":"entrevista-al-dr-chris-amstrong-copy-copy-2-copy-copy-copy-2-copy-copy-copy-copy-copy-2-copy-2-copy-2-copy","status":"publish","type":"post","link":"https:\/\/confesq.org\/?p=30711","title":{"rendered":"V\u00eddeos Mesa Salud 4ta edici\u00f3n de las Jornadas #CONFESQSeMueve: Una mirada al futuro 2024"},"content":{"rendered":"<div class=\"wpb-content-wrapper\"><p>[vc_row][vc_column][vc_column_text]<\/p>\n<div class=\"title-h4\" style=\"text-align: center;\">\n<p>V\u00eddeos Mesa salud 4ta edici\u00f3n de las Jornadas #CONFESQSeMueve: Una mirada al futuro<\/p>\n<\/div>\n<p>[\/vc_column_text][vc_single_image image=\u00bb30765&#8243; img_size=\u00bblarge\u00bb alignment=\u00bbcenter\u00bb][vc_column_text css=\u00bb.vc_custom_1760960891895{margin-right: 30px !important;margin-left: 30px !important;}\u00bb]<\/p>\n<div style=\"text-align: justify;\"><span style=\"color: #000000;\">El 7 de noviembre de 2024 se inauguraron las <strong>Jornadas #CONFESQSeMueve: Una mirada al futuro con una participaci\u00f3n de 27 asociaciones tanto en formato presencial como online.<\/strong> Son unas jornadas bianuales dirigidas a equipos directivos y t\u00e9cnicos, as\u00ed como voluntarios de las asociaciones que representan pacientes con fibromialgia, encefalomielitis mi\u00e1lgica, sensibilidad qu\u00edmica m\u00faltiple y electrohipersensibilidad, que <strong>tienen como objetivo la reflexi\u00f3n conjunta sobre temas de actualidad que inciden en nuestras enfermedades,<\/strong> <strong>as\u00ed como dotar de herramientas a los equipos de las asociaciones.<\/strong><\/span><\/div>\n<p>[\/vc_column_text][vc_column_text css=\u00bb.vc_custom_1760960911941{margin-right: 30px !important;margin-left: 30px !important;}\u00bb]<\/p>\n<div style=\"text-align: justify;\">\n<p><span style=\"color: #000000;\">El lema de esta jornada refleja nuestro <strong>deseo de fomentar una reflexi\u00f3n conjunta que nos permita construir nuevas propuestas y estrategias para el futuro.<\/strong> A lo largo de dos d\u00e9cadas, Confesq ha trabajado incansablemente para impulsar <strong>la mejora en derechos<\/strong> y visualizaci\u00f3n de las enfermedades que representamos, y esta edici\u00f3n de #CONFESQSeMueve representa una oportunidad para<strong> celebrar nuestros logros y mirar hacia adelante con optimismo y determinaci\u00f3n.<\/strong><\/span><\/p>\n<\/div>\n<div class=\"styled-subtitle\" style=\"text-align: justify;\"><\/div>\n<div><\/div>\n<p>[\/vc_column_text][vc_separator][vc_column_text css=\u00bb.vc_custom_1761564193223{margin-right: 30px !important;margin-left: 30px !important;}\u00bb]<span style=\"color: #000000;\">Esta semana os dejamos<strong> los v\u00eddeos de la Mesa de Salud.<\/strong><\/span>[\/vc_column_text][vc_column_text css=\u00bb.vc_custom_1761562382429{margin-right: 30px !important;margin-left: 30px !important;}\u00bb]<\/p>\n<div style=\"text-align: justify;\">\n<div class=\"title-h6\" style=\"text-align: justify;\"><span style=\"color: #000000;\"><strong>Reflexiones sobre salud:\u00a0<\/strong><\/span><\/div>\n<div style=\"text-align: justify;\"><\/div>\n<\/div>\n<p>[\/vc_column_text][vc_column_text css=\u00bb.vc_custom_1761821617358{margin-right: 30px !important;margin-left: 30px !important;}\u00bb]<\/p>\n<div style=\"text-align: justify;\">\n<div class=\"xdj266r x11i5rnm xat24cr x1mh8g0r x1vvkbs x126k92a\">\n<div dir=\"auto\" style=\"text-align: left;\"><strong><span style=\"color: #000000;\">Nuevos paradigmas a partir del Long Covid<\/span><\/strong><\/div>\n<div dir=\"auto\" style=\"text-align: left;\"><span style=\"color: #000000;\">A cargo del\u00a0 Dr. Francisco Mera Cordero, director de la Unidad de Long Covid, S\u00edndromes Postvirales y Medicina de Precisi\u00f3n en el Centro Blue Healthcare. Nos habl\u00f3 sobre \u201cNuevos paradigmas a partir del Long Covid\u201d.<\/span><\/div>\n<div dir=\"auto\">\n<ul>\n<li><strong><a href=\"https:\/\/youtu.be\/Leiq44FxFKg\">V\u00eddeo: Nuevos paradigmas a partir del Long Covid<\/a><\/strong><\/li>\n<\/ul>\n<\/div>\n<\/div>\n<\/div>\n<div class=\"styled-subtitle\" style=\"text-align: justify;\"><\/div>\n<p>[\/vc_column_text][vc_column_text css=\u00bb.vc_custom_1761743250219{margin-right: 30px !important;margin-left: 30px !important;}\u00bb][embedyt] https:\/\/www.youtube.com\/watch?v=Leiq44FxFKg[\/embedyt][\/vc_column_text][vc_column_text css=\u00bb.vc_custom_1761563960875{margin-right: 30px !important;margin-left: 30px !important;}\u00bb]<\/p>\n<div style=\"text-align: justify;\">\n<div class=\"x11i5rnm xat24cr x1mh8g0r x1vvkbs xtlvy1s x126k92a\">\n<div style=\"text-align: justify;\">\n<div class=\"x11i5rnm xat24cr x1mh8g0r x1vvkbs xtlvy1s x126k92a\">\n<div dir=\"auto\">\n<div class=\"xdj266r x11i5rnm xat24cr x1mh8g0r x1vvkbs x126k92a\">\n<div dir=\"auto\"><span style=\"color: #000000;\"><strong>Sue\u00f1o y dolor:\u00a0<\/strong><\/span><\/div>\n<\/div>\n<div class=\"x11i5rnm xat24cr x1mh8g0r x1vvkbs xtlvy1s x126k92a\">\n<div dir=\"auto\"><span style=\"color: #000000;\">Conectamos v\u00eda online con el Dr. Santiago Antonio Juarros Mart\u00ednez, Responsable de la Unidad de Trastornos Respiratorios del Sue\u00f1o y Jefe de la Unidad de Tabaquismo en el Hospital Cl\u00ednico Universitario de Valladolid.<\/span><\/div>\n<\/div>\n<\/div>\n<\/div>\n<\/div>\n<ul>\n<li dir=\"auto\">\n<div style=\"text-align: justify;\"><strong><a href=\"https:\/\/youtu.be\/YzoWGdezVXQ\">V\u00eddeo: Sue\u00f1o y dolor<\/a><\/strong><\/div>\n<\/li>\n<\/ul>\n<\/div>\n<\/div>\n<div style=\"text-align: justify;\"><\/div>\n<div dir=\"auto\"><\/div>\n<p>[\/vc_column_text][vc_column_text css=\u00bb.vc_custom_1761564008166{margin-right: 30px !important;margin-left: 30px !important;}\u00bb]<\/p>\n<div style=\"text-align: justify;\">\n<div class=\"x11i5rnm xat24cr x1mh8g0r x1vvkbs xtlvy1s x126k92a\">\n<div style=\"text-align: justify;\">\n<div class=\"x11i5rnm xat24cr x1mh8g0r x1vvkbs xtlvy1s x126k92a\"><\/div>\n<\/div>\n<\/div>\n<\/div>\n<div style=\"text-align: justify;\">[embedyt] https:\/\/www.youtube.com\/watch?v=YzoWGdezVXQ[\/embedyt]<\/div>\n<div dir=\"auto\"><\/div>\n<p>[\/vc_column_text][vc_column_text css=\u00bb.vc_custom_1761564116336{margin-right: 30px !important;margin-left: 30px !important;}\u00bb]<\/p>\n<div style=\"text-align: justify;\">\n<div class=\"x11i5rnm xat24cr x1mh8g0r x1vvkbs xtlvy1s x126k92a\">\n<div class=\"xdj266r x11i5rnm xat24cr x1mh8g0r x1vvkbs x126k92a\">\n<div dir=\"auto\"><span style=\"color: #000000;\"><strong>T\u00f3xicos y Dolor:\u00a0<\/strong><\/span><\/div>\n<\/div>\n<div class=\"x11i5rnm xat24cr x1mh8g0r x1vvkbs xtlvy1s x126k92a\">\n<div dir=\"auto\"><span style=\"color: #000000;\">Una sesi\u00f3n a cargo del Dr. Javier Mateos, Doctor en Medicina por la UAH y especialista en Medicina Interna, quien nos comparti\u00f3 su visi\u00f3n sobre los efectos de los t\u00f3xicos en el organismo y su relaci\u00f3n con el dolor cr\u00f3nico<\/span><\/div>\n<\/div>\n<ul>\n<li><strong><a href=\"https:\/\/youtu.be\/gWh7oH4r8kU\">V\u00eddeo: T\u00f3xicos y dolor<\/a><\/strong><\/li>\n<\/ul>\n<\/div>\n<\/div>\n<div style=\"text-align: justify;\"><\/div>\n<div dir=\"auto\"><\/div>\n<p>[\/vc_column_text][vc_column_text css=\u00bb.vc_custom_1761564154389{margin-right: 30px !important;margin-left: 30px !important;}\u00bb]<\/p>\n<div style=\"text-align: justify;\">\n<div class=\"x11i5rnm xat24cr x1mh8g0r x1vvkbs xtlvy1s x126k92a\">\n<div style=\"text-align: justify;\">\n<div class=\"x11i5rnm xat24cr x1mh8g0r x1vvkbs xtlvy1s x126k92a\"><\/div>\n<\/div>\n<\/div>\n<\/div>\n<div dir=\"auto\">[embedyt] https:\/\/www.youtube.com\/watch?v=gWh7oH4r8kU[\/embedyt]<\/div>\n<p>[\/vc_column_text][vc_column_text css=\u00bb.vc_custom_1761740689458{margin-right: 30px !important;margin-left: 30px !important;}\u00bb]<\/p>\n<div style=\"text-align: justify;\">\n<div class=\"x11i5rnm xat24cr x1mh8g0r x1vvkbs xtlvy1s x126k92a\">\n<div class=\"xdj266r x11i5rnm xat24cr x1mh8g0r x1vvkbs x126k92a\"><\/div>\n<\/div>\n<\/div>\n<div class=\"title-h5\" style=\"text-align: center;\">\u00a1NO TE PIERDAS LAS JORNADAS DE ESTE A\u00d1O 2025!<\/div>\n<div dir=\"auto\"><\/div>\n<p>[\/vc_column_text][vc_btn title=\u00bb#CONFESQsemueve 2025&#8243; color=\u00bbwarning\u00bb align=\u00bbcenter\u00bb link=\u00bburl:https%3A%2F%2Fconfesq.org%2F%3Fp%3D30720|title:JORNADA%20%23CONFESQsemueve%202025&#8243;][\/vc_column][\/vc_row]<\/p>\n<\/div>","protected":false},"excerpt":{"rendered":"<p>[vc_row][vc_column][vc_column_text] V\u00eddeos Mesa salud 4ta edici\u00f3n de las Jornadas #CONFESQSeMueve: Una mirada al futuro [\/vc_column_text][vc_single_image image=\u00bb30765&#8243; img_size=\u00bblarge\u00bb alignment=\u00bbcenter\u00bb][vc_column_text css=\u00bb.vc_custom_1760960891895{margin-right: 30px&#8230;<\/p>\n","protected":false},"author":2,"featured_media":30765,"comment_status":"closed","ping_status":"closed","sticky":false,"template":"","format":"standard","meta":{"footnotes":""},"categories":[105],"tags":[131],"class_list":{"0":"post-30711","1":"post","2":"type-post","3":"status-publish","4":"format-standard","5":"has-post-thumbnail","7":"category-novedades","8":"tag-jornadas-fm-sfc-em-sqm-ehs"},"menu_order":0,"_links":{"self":[{"href":"https:\/\/confesq.org\/index.php?rest_route=\/wp\/v2\/posts\/30711","targetHints":{"allow":["GET"]}}],"collection":[{"href":"https:\/\/confesq.org\/index.php?rest_route=\/wp\/v2\/posts"}],"about":[{"href":"https:\/\/confesq.org\/index.php?rest_route=\/wp\/v2\/types\/post"}],"author":[{"embeddable":true,"href":"https:\/\/confesq.org\/index.php?rest_route=\/wp\/v2\/users\/2"}],"replies":[{"embeddable":true,"href":"https:\/\/confesq.org\/index.php?rest_route=%2Fwp%2Fv2%2Fcomments&post=30711"}],"version-history":[{"count":10,"href":"https:\/\/confesq.org\/index.php?rest_route=\/wp\/v2\/posts\/30711\/revisions"}],"predecessor-version":[{"id":30766,"href":"https:\/\/confesq.org\/index.php?rest_route=\/wp\/v2\/posts\/30711\/revisions\/30766"}],"wp:featuredmedia":[{"embeddable":true,"href":"https:\/\/confesq.org\/index.php?rest_route=\/wp\/v2\/media\/30765"}],"wp:attachment":[{"href":"https:\/\/confesq.org\/index.php?rest_route=%2Fwp%2Fv2%2Fmedia&parent=30711"}],"wp:term":[{"taxonomy":"category","embeddable":true,"href":"https:\/\/confesq.org\/index.php?rest_route=%2Fwp%2Fv2%2Fcategories&post=30711"},{"taxonomy":"post_tag","embeddable":true,"href":"https:\/\/confesq.org\/index.php?rest_route=%2Fwp%2Fv2%2Ftags&post=30711"}],"curies":[{"name":"wp","href":"https:\/\/api.w.org\/{rel}","templated":true}]}}