{"id":30437,"date":"2025-06-25T09:35:34","date_gmt":"2025-06-25T09:35:34","guid":{"rendered":"https:\/\/confesq.org\/?p=30437"},"modified":"2025-06-26T10:51:34","modified_gmt":"2025-06-26T10:51:34","slug":"informe-de-repercusion-y-nota-de-prensa-12m-copy-copy-copy-2-copy-copy","status":"publish","type":"post","link":"https:\/\/confesq.org\/?p=30437","title":{"rendered":"Jornada: EHS, Actualizaci\u00f3n"},"content":{"rendered":"<div class=\"wpb-content-wrapper\"><p>[vc_row][vc_column][vc_column_text]<\/p>\n<div class=\"title-h4 title-h3\" style=\"text-align: center;\">Jornada EHS Actualizaci\u00f3n<\/div>\n<p>[\/vc_column_text][vc_column_text css=\u00bb.vc_custom_1750848382309{margin-right: 30px !important;margin-left: 30px !important;}\u00bb]<\/p>\n<div class=\"styled-subtitle\">\n<p data-start=\"244\" data-end=\"563\"><span style=\"color: #000000;\">Con motivo del <strong data-start=\"259\" data-end=\"321\">D\u00eda Internacional contra la Contaminaci\u00f3n Electromagn\u00e9tica<\/strong>, el pasado 24 de junio se celebr\u00f3 la jornada online <strong data-start=\"374\" data-end=\"398\">\u201cEHS: Actualizaci\u00f3n\u201d<\/strong>, organizada por <strong data-start=\"415\" data-end=\"480\">EQSDS (Electro y Qu\u00edmico Sensibles por el Derecho a la Salud)<\/strong> en colaboraci\u00f3n con <strong data-start=\"501\" data-end=\"512\">CONFESQ<\/strong>, <strong data-start=\"514\" data-end=\"536\">Fundaci\u00f3n Alborada<\/strong> y <strong data-start=\"539\" data-end=\"562\">Medusa Human Rights<\/strong>.<\/span><\/p>\n<p data-start=\"565\" data-end=\"818\"><span style=\"color: #000000;\">Durante esta jornada se abordaron los principales retos, avances cient\u00edficos y propuestas de actuaci\u00f3n en torno a la <strong data-start=\"682\" data-end=\"716\">Electrohipersensibilidad (EHS).<\/strong><\/span><\/p>\n<\/div>\n<p>[\/vc_column_text][vc_separator][vc_single_image image=\u00bb30439&#8243; img_size=\u00bblarge\u00bb alignment=\u00bbcenter\u00bb][vc_column_text]<\/p>\n<h5>Bienvenida y Presentaci\u00f3n de la Jornada<\/h5>\n<p>[\/vc_column_text][vc_column_text]<span style=\"color: #000000;\">La Jornada fue moderada por Pilar Aleza, Presidenta de EQSDS, qui\u00e9n se encargo de presentar a cada ponente y cerrar la jornada.\u00a0<\/span>[\/vc_column_text][vc_column_text]<span style=\"color: #000000;\">La sesi\u00f3n comenz\u00f3 con la intervenci\u00f3n de <strong data-start=\"912\" data-end=\"934\">Mar\u00eda del Mar Rosa<\/strong>, secretaria de EQSDS, quien contextualiz\u00f3 el impacto creciente de la <strong data-start=\"1004\" data-end=\"1038\">contaminaci\u00f3n electromagn\u00e9tica<\/strong> en la salud humana, animal y del medioambiente. Un recorrido por la evoluci\u00f3n de los estudios en este campo sirvi\u00f3 para enmarcar la jornada dentro de esta fecha clave para la sensibilizaci\u00f3n.<\/span>[\/vc_column_text][vc_column_text]<\/p>\n<h5>\u00abLa Hipersensibilidad electromagn\u00e9tica. Actualizaci\u00f3n de las evidencias cient\u00edficas\u00bb<\/h5>\n<p>[\/vc_column_text][vc_column_text]<span style=\"color: #000000;\">A continuaci\u00f3n, la <strong data-start=\"1286\" data-end=\"1313\">Dra. Pilar Mu\u00f1oz Calero<\/strong>, presidenta de Fundaci\u00f3n Alborada y referente en Medicina Ambiental, expuso los <strong>\u00faltimos estudios y avances cient\u00edficos sobre EHS<\/strong>. Habl\u00f3 tanto del abordaje cl\u00ednico como de las dificultades reales que enfrentan quienes padecen esta enfermedad en su vida diaria.<\/span>[\/vc_column_text][vc_column_text]<\/p>\n<div class=\"title-h5\">Las cifras de SQM y EHS desde un enfoque de Derechos Humanos y Discapacidad<\/div>\n<p>[\/vc_column_text][vc_column_text]<span style=\"color: #000000;\">La jornada continu\u00f3 con la participaci\u00f3n de <strong data-start=\"1772\" data-end=\"1789\">Paloma Torres<\/strong>, abogada de <strong data-start=\"1802\" data-end=\"1825\">Medusa Human Rights<\/strong>, quien reivindic\u00f3 los derechos fundamentales de las personas afectadas por EHS y SQM. A partir del <strong>informe \u00ab<a href=\"https:\/\/confesq.org\/?p=29997\">Las Cifras de SQM y EHS desde un enfoque de Derechos Humanos y Discapacidad<\/a>\u00ab<\/strong> y sus resultados, explic\u00f3 el marco jur\u00eddico existente e incit\u00f3 a la necesidad de seguir luchando por el reconocimiento institucional de estas condiciones<\/span>.[\/vc_column_text][vc_column_text]<\/p>\n<div class=\"title-h5\">Libro Verde sobre adaptaci\u00f3n de puestos de trabajo para SQM y EHS<\/div>\n<p>[\/vc_column_text][vc_column_text]<span style=\"color: #000000;\">Finalmente, <strong data-start=\"2190\" data-end=\"2215\">Mar\u00eda L\u00f3pez Matallana<\/strong>, Presidenta de <strong data-start=\"2231\" data-end=\"2242\">CONFESQ<\/strong>, present\u00f3 el trabajo en curso sobre el <strong data-start=\"2282\" data-end=\"2361\">Libro Verde: Adaptaci\u00f3n de puestos de trabajo para personas con SQM y EHS<\/strong>. Este documento recoger\u00e1 aportes profesionales, una gu\u00eda de adaptaci\u00f3n para SQM y EHS y casos de \u00e9xito para ejemplificar, con el objetivo de proponer medidas tangibles de protecci\u00f3n y adaptaci\u00f3n laboral.<\/span>[\/vc_column_text][vc_column_text]<\/p>\n<div class=\"title-h5\">Cierre<\/div>\n<p>[\/vc_column_text][vc_column_text]<span style=\"color: #000000;\">Para <strong>cerrar la Jornada, Pilar Aleza comparte un emotivo agradecimiento, dedicatoria y mensaje de esperanza<\/strong>: <\/span><\/p>\n<p style=\"text-align: justify; padding-left: 40px;\"><span style=\"color: #000000;\">\u00abQuiero agradecer a todas las que hab\u00e9is intervenido hoy, tambi\u00e9n a las personas que han estado ocup\u00e1ndose de que todo saliera bien, agradecer a la audiencia. Quiero dedicar la Jornada a quienes no han perdido sus hogares pero duermen en coches y en lugares solitarios y aislados porque deben huir de la radiaci\u00f3n; a quienes han perdido sus hogares completamente por no poder soportar lo que les llega dentro; quienes perdieron sus trabajos por no tener la adaptaci\u00f3n ni el reconocimiento; quienes perdieron la relaci\u00f3n con familiares y amigos porque a sus seres queridos les falt\u00f3 informaci\u00f3n; a quienes no pueden ni siquiera acudir a un m\u00e9dico o un hospital; a quienes no pueden acudir a una oficina ni a renovar el DNI; a quienes viven en una situaci\u00f3n de exclusi\u00f3n social total y no pueden salir ni de sus casas y a todos los que perdieron su libertad y sus vidas. <\/span><\/p>\n<p style=\"text-align: justify; padding-left: 40px;\"><span style=\"color: #000000;\">Queremos, despu\u00e9s de esta dedicatoria, dar un mensaje de esperanza porque estamos en otro momento y han pasado muchas cosas. Ya no es tan f\u00e1cil negar que lo que nos sucede es real y esto es una buena muestra de ello y de que se est\u00e1n dando pasos muy importantes.\u00bb- Pilar Aleza, Presidenta EQSDS<\/span><\/p>\n<p>[\/vc_column_text][\/vc_column][\/vc_row][vc_row][vc_column][vc_column_text]<strong><span style=\"color: #000000;\">Para ver la grabaci\u00f3n completa entra en el canal de YouTube de CONFESQ o accede a trav\u00e9s de este enlace:<\/span><\/strong>[\/vc_column_text][\/vc_column][\/vc_row][vc_row][vc_column][vc_btn title=\u00bbMira la grabaci\u00f3n\u00bb color=\u00bbprimary\u00bb size=\u00bblg\u00bb align=\u00bbcenter\u00bb link=\u00bburl:https%3A%2F%2Fyoutube.com%2Flive%2FR2AFUw85Tx4|title:Mira%20la%20grabaci%C3%B3n\u00bb][\/vc_column][\/vc_row]<\/p>\n<\/div>","protected":false},"excerpt":{"rendered":"<p>[vc_row][vc_column][vc_column_text] Jornada EHS Actualizaci\u00f3n [\/vc_column_text][vc_column_text css=\u00bb.vc_custom_1750848382309{margin-right: 30px !important;margin-left: 30px !important;}\u00bb] Con motivo del D\u00eda Internacional contra la Contaminaci\u00f3n Electromagn\u00e9tica, el&#8230;<\/p>\n","protected":false},"author":2,"featured_media":30455,"comment_status":"closed","ping_status":"closed","sticky":false,"template":"","format":"standard","meta":{"footnotes":""},"categories":[105],"tags":[128],"class_list":{"0":"post-30437","1":"post","2":"type-post","3":"status-publish","4":"format-standard","5":"has-post-thumbnail","7":"category-novedades","8":"tag-12mayo"},"menu_order":0,"_links":{"self":[{"href":"https:\/\/confesq.org\/index.php?rest_route=\/wp\/v2\/posts\/30437","targetHints":{"allow":["GET"]}}],"collection":[{"href":"https:\/\/confesq.org\/index.php?rest_route=\/wp\/v2\/posts"}],"about":[{"href":"https:\/\/confesq.org\/index.php?rest_route=\/wp\/v2\/types\/post"}],"author":[{"embeddable":true,"href":"https:\/\/confesq.org\/index.php?rest_route=\/wp\/v2\/users\/2"}],"replies":[{"embeddable":true,"href":"https:\/\/confesq.org\/index.php?rest_route=%2Fwp%2Fv2%2Fcomments&post=30437"}],"version-history":[{"count":14,"href":"https:\/\/confesq.org\/index.php?rest_route=\/wp\/v2\/posts\/30437\/revisions"}],"predecessor-version":[{"id":30457,"href":"https:\/\/confesq.org\/index.php?rest_route=\/wp\/v2\/posts\/30437\/revisions\/30457"}],"wp:featuredmedia":[{"embeddable":true,"href":"https:\/\/confesq.org\/index.php?rest_route=\/wp\/v2\/media\/30455"}],"wp:attachment":[{"href":"https:\/\/confesq.org\/index.php?rest_route=%2Fwp%2Fv2%2Fmedia&parent=30437"}],"wp:term":[{"taxonomy":"category","embeddable":true,"href":"https:\/\/confesq.org\/index.php?rest_route=%2Fwp%2Fv2%2Fcategories&post=30437"},{"taxonomy":"post_tag","embeddable":true,"href":"https:\/\/confesq.org\/index.php?rest_route=%2Fwp%2Fv2%2Ftags&post=30437"}],"curies":[{"name":"wp","href":"https:\/\/api.w.org\/{rel}","templated":true}]}}