{"id":30066,"date":"2025-03-28T11:26:50","date_gmt":"2025-03-28T11:26:50","guid":{"rendered":"https:\/\/confesq.org\/?p=30066"},"modified":"2025-04-01T14:06:02","modified_gmt":"2025-04-01T14:06:02","slug":"entrevista-al-dr-chris-amstrong-copy-copy-2-copy-copy-copy-2-copy-copy-copy-copy-copy-copy-copy-copy-copy-copy-2-copy","status":"publish","type":"post","link":"https:\/\/confesq.org\/?p=30066","title":{"rendered":"MEMORIA SOCIAL 2024"},"content":{"rendered":"<div class=\"wpb-content-wrapper\"><p>[vc_row][vc_column][vc_column_text]<\/p>\n<div class=\"title-h4\" style=\"text-align: center;\">\n<p><strong>MEMORIAL SOCIAL 2024<\/strong><\/p>\n<\/div>\n<p>[\/vc_column_text][vc_single_image image=\u00bb30068&#8243; img_size=\u00bblarge\u00bb alignment=\u00bbcenter\u00bb onclick=\u00bbcustom_link\u00bb link=\u00bbhttps:\/\/confesq.org\/wp-content\/uploads\/2024\/04\/MEMORIA-2023-PDF-25-ABRIL-comprimido.pdf\u00bb][vc_column_text css=\u00bb.vc_custom_1743161578494{margin-right: 30px !important;margin-left: 30px !important;}\u00bb]<\/p>\n<div class=\"styled-subtitle\" style=\"text-align: center;\"><span style=\"color: #000000;\">\u00a1Ya est\u00e1 disponible la<\/span> <a href=\"https:\/\/confesq.org\/wp-content\/uploads\/2025\/03\/MEMORIA-FINAL-2024-MAQUETADA_V7_compressed.pdf\">memoria social<\/a> <span style=\"color: #000000;\">correspondiente al a\u00f1o 2024!<\/span><\/div>\n<div class=\"styled-subtitle\" style=\"text-align: justify;\"><\/div>\n<p>[\/vc_column_text][vc_column_text css=\u00bb.vc_custom_1743509765449{margin-right: 30px !important;margin-left: 30px !important;}\u00bb]<\/p>\n<div class=\"styled-subtitle\"><span style=\"color: #000000;\">En la <a style=\"color: #000000;\" href=\"https:\/\/confesq.org\/wp-content\/uploads\/2025\/03\/MEMORIA-FINAL-2024-MAQUETADA_V7_compressed.pdf\"><span style=\"color: #33cccc;\">MEMORIA SOCIAL 2024 <\/span><\/a>hemos hecho un resumen de todo lo que hemos estado haciendo durante el pasado a\u00f1o 2024 en conjunto con\u00a0 las entidades miembro que conforman parte de CONFESQ: un total de 25 entidades asociadas, de las que 6 son federaciones.<\/span><\/div>\n<div class=\"styled-subtitle\" style=\"text-align: justify;\"><\/div>\n<p>[\/vc_column_text][vc_single_image image=\u00bb30078&#8243; img_size=\u00bb400&#215;200&#8243; alignment=\u00bbcenter\u00bb][vc_column_text css=\u00bb.vc_custom_1743510241216{margin-right: 30px !important;margin-left: 30px !important;}\u00bb]<\/p>\n<div class=\"styled-subtitle\" style=\"text-align: justify;\"><span style=\"color: #000000;\">La presidenta de CONFESQ, Mar\u00eda L\u00f3pez Matallana, presenta la memoria de este a\u00f1o: \u00ab<em>En 2024 CONFESQ ha cumplido 20 a\u00f1os de andadura, un momento ideal para parar, reflexionar acerca del camino recorrido, con sus los logros y, s\u00ed, tambi\u00e9n sus fracasos. Y tambi\u00e9n para lanzar una mirada al futuro, lema de nuestras IV Jornadas #CONFESQsemueve, algo que hemos hecho juntas las asociaciones que formamos parte de esta Coalici\u00f3n y que nos llevar\u00e1 en 2025 a trabajar en un plan estrat\u00e9gico participativo. Durante este a\u00f1o, CONFESQ ha continuado creciendo en representatividad para las enfermedades que representa: Fibromialgia, Encefalomielitis Mi\u00e1lgica \/S\u00edndrome de Fatiga Cr\u00f3nica, Sensibilidad Qu\u00edmica M\u00faltiple y Electrosensibilidad\u00bb<\/em><\/span><\/div>\n<p>[\/vc_column_text][vc_column_text css=\u00bb.vc_custom_1743510039621{margin-right: 30px !important;margin-left: 30px !important;}\u00bb]<\/p>\n<div class=\"styled-subtitle\" style=\"text-align: justify;\"><span style=\"color: #000000;\">Un a\u00f1o m\u00e1s, reconocemos profundamente la contribuci\u00f3n invaluable de las organizaciones y personas que han apoyado nuestra causa, y es por ello que reservamos el \u00faltimo segmento de este informe para expresar nuestra gratitud.<\/span><\/div>\n<div class=\"styled-subtitle\" style=\"text-align: justify;\"><\/div>\n<p>[\/vc_column_text][vc_column_text css=\u00bb.vc_custom_1743516354473{margin-right: 30px !important;margin-left: 30px !important;}\u00bb]<\/p>\n<div class=\"styled-subtitle\" style=\"text-align: justify;\"><span style=\"color: #000000;\">Con esta memoria que os invitamos a leer, cerramos 2024 y abordamos los retos para nuestras patolog\u00edas con una nueva mirada, confiando en el enorme potencial de esta Coalici\u00f3n y las entidades y personas que la conforman. Gracias a todos. Seguimos trabajando.<\/span><\/div>\n<p>[\/vc_column_text][\/vc_column][\/vc_row]<\/p>\n<\/div>","protected":false},"excerpt":{"rendered":"<p>[vc_row][vc_column][vc_column_text] MEMORIAL SOCIAL 2024 [\/vc_column_text][vc_single_image image=\u00bb30068&#8243; img_size=\u00bblarge\u00bb alignment=\u00bbcenter\u00bb onclick=\u00bbcustom_link\u00bb link=\u00bbhttps:\/\/confesq.org\/wp-content\/uploads\/2024\/04\/MEMORIA-2023-PDF-25-ABRIL-comprimido.pdf\u00bb][vc_column_text css=\u00bb.vc_custom_1743161578494{margin-right: 30px !important;margin-left: 30px !important;}\u00bb] \u00a1Ya est\u00e1 disponible la memoria&#8230;<\/p>\n","protected":false},"author":2,"featured_media":30068,"comment_status":"closed","ping_status":"closed","sticky":false,"template":"","format":"standard","meta":{"footnotes":""},"categories":[105],"tags":[],"class_list":{"0":"post-30066","1":"post","2":"type-post","3":"status-publish","4":"format-standard","5":"has-post-thumbnail","7":"category-novedades"},"menu_order":0,"_links":{"self":[{"href":"https:\/\/confesq.org\/index.php?rest_route=\/wp\/v2\/posts\/30066","targetHints":{"allow":["GET"]}}],"collection":[{"href":"https:\/\/confesq.org\/index.php?rest_route=\/wp\/v2\/posts"}],"about":[{"href":"https:\/\/confesq.org\/index.php?rest_route=\/wp\/v2\/types\/post"}],"author":[{"embeddable":true,"href":"https:\/\/confesq.org\/index.php?rest_route=\/wp\/v2\/users\/2"}],"replies":[{"embeddable":true,"href":"https:\/\/confesq.org\/index.php?rest_route=%2Fwp%2Fv2%2Fcomments&post=30066"}],"version-history":[{"count":14,"href":"https:\/\/confesq.org\/index.php?rest_route=\/wp\/v2\/posts\/30066\/revisions"}],"predecessor-version":[{"id":30089,"href":"https:\/\/confesq.org\/index.php?rest_route=\/wp\/v2\/posts\/30066\/revisions\/30089"}],"wp:featuredmedia":[{"embeddable":true,"href":"https:\/\/confesq.org\/index.php?rest_route=\/wp\/v2\/media\/30068"}],"wp:attachment":[{"href":"https:\/\/confesq.org\/index.php?rest_route=%2Fwp%2Fv2%2Fmedia&parent=30066"}],"wp:term":[{"taxonomy":"category","embeddable":true,"href":"https:\/\/confesq.org\/index.php?rest_route=%2Fwp%2Fv2%2Fcategories&post=30066"},{"taxonomy":"post_tag","embeddable":true,"href":"https:\/\/confesq.org\/index.php?rest_route=%2Fwp%2Fv2%2Ftags&post=30066"}],"curies":[{"name":"wp","href":"https:\/\/api.w.org\/{rel}","templated":true}]}}