{"id":30012,"date":"2025-02-17T14:15:10","date_gmt":"2025-02-17T14:15:10","guid":{"rendered":"https:\/\/confesq.org\/?p=30012"},"modified":"2025-06-05T08:44:35","modified_gmt":"2025-06-05T08:44:35","slug":"informe-de-repercusion-y-nota-de-prensa-12m-copy-copy-copy-2","status":"publish","type":"post","link":"https:\/\/confesq.org\/?p=30012","title":{"rendered":"NOTA DE PRENSA E INFORME DE REPERCUSI\u00d3N: Informe destaca la vulneraci\u00f3n de derechos de personas con SQM y EHS en Espa\u00f1a y exige medidas urgentes"},"content":{"rendered":"<div class=\"wpb-content-wrapper\"><p>[vc_row][vc_column][vc_column_text]<\/p>\n<h3 style=\"text-align: center;\">NOTA DE PRENSA E INFORME DE REPERCUSI\u00d3N: Informe destaca la vulneraci\u00f3n de derechos de personas con SQM y EHS en Espa\u00f1a y exige medidas urgentes<\/h3>\n<p>[\/vc_column_text][vc_single_image image=\u00bb30020&#8243; img_size=\u00bblarge\u00bb alignment=\u00bbcenter\u00bb][vc_column_text css=\u00bb.vc_custom_1739802886959{margin-right: 30px !important;margin-left: 30px !important;}\u00bb]<\/p>\n<div class=\"styled-subtitle\" style=\"text-align: justify;\"><span style=\"color: #000000;\">El informe<\/span> <a href=\"https:\/\/confesq.org\/wp-content\/uploads\/2025\/02\/12022025_InformeCONFESQ-maquetado_v3_compressed.pdf\">\u00abLas cifras de SQM y EHS desde un enfoque de derechos humanos y discapacidad\u00bb,<\/a> <span style=\"color: #000000;\">presentado el 13 de febrero de 2024 por CONFESQ, destaca la urgente necesidad de medidas estructurales en Espa\u00f1a para abordar la exclusi\u00f3n social y vulneraci\u00f3n de derechos que enfrentan las personas con Sensibilidad Qu\u00edmica M\u00faltiple y Electrohipersensibilidad.<\/span><\/div>\n<p>[\/vc_column_text][vc_column_text css=\u00bb.vc_custom_1739803022552{margin-right: 30px !important;margin-left: 30px !important;}\u00bb]<\/p>\n<div class=\"styled-subtitle\" style=\"text-align: justify;\"><span style=\"color: #000000;\">El 13 de febrero de 2024 se ha <a href=\"https:\/\/www.youtube.com\/live\/pWlREb-twwk\">presentado de manera online el informe \u00abLas cifras de SQM y EHS desde un enfoque de derechos humanos y discapacidad\u00bb<\/a>. Este relevante documento busca arrojar luz sobre la situaci\u00f3n de vulneraci\u00f3n de derechos que enfrentan diariamente las personas afectadas por Sensibilidad Qu\u00edmica M\u00faltiple (SQM) y Electrohipersensibilidad (EHS) en Espa\u00f1a. La Coalici\u00f3n Nacional que re\u00fane a las asociaciones de Sensibilidad Qu\u00edmica M\u00faltiple y Electrohipersensibilidad (CONFESQ), con el apoyo de las prestigiosas organizaciones Fundaci\u00f3n ONCE, CERMI estatal y COCEMFE, lidera esta iniciativa. Cabe destacar que Fundaci\u00f3n ONCE ha financiado el proyecto y COCEMFE asesora a esta entidad en el reconocimiento de las barreras ambientales.<\/span><\/div>\n<p>[\/vc_column_text][vc_column_text css=\u00bb.vc_custom_1739803033716{margin-right: 30px !important;margin-left: 30px !important;}\u00bb]<\/p>\n<div class=\"styled-subtitle\" style=\"text-align: justify;\">\n<p><span style=\"color: #000000;\">El informe ha sido presentado por sus autoras, las abogadas y consultoras de derechos humanos Paloma Torres L\u00f3pez e Isabel Diez Velasco, de MEDUSA Human Rights. Este documento complementa los informes publicados en 2023, subrayando las experiencias de exclusi\u00f3n y desaf\u00edos que enfrentan quienes padecen SQM y EHS, y en esta ocasi\u00f3n, se espera que las administraciones p\u00fablicas tomen medidas urgentes para corregir esta situaci\u00f3n.<\/span><\/p>\n<\/div>\n<p>[\/vc_column_text][vc_column_text css=\u00bb.vc_custom_1739803046837{margin-right: 30px !important;margin-left: 30px !important;}\u00bb]<\/p>\n<div class=\"styled-subtitle\" style=\"text-align: justify;\">\n<p><span style=\"color: #000000;\">Una de las cifras m\u00e1s impactantes del informe revela que el 72% de las personas encuestadas se sienten excluidas de la sociedad con frecuencia. Esta exclusi\u00f3n se debe, en gran medida, a la falta de reconocimiento oficial de la discapacidad org\u00e1nica, la imposibilidad de acceder a empleos adecuados, y la dificultad para recibir atenci\u00f3n sanitaria sin agentes desencadenantes. El informe se\u00f1ala que el 49% prefiere evitar los hospitales debido a la ausencia de protocolos espec\u00edficos, empeorando as\u00ed su salud. Adem\u00e1s, el 67% asegura que el personal sanitario desconoce estas patolog\u00edas, lo que resulta en diagn\u00f3sticos incorrectos y atenci\u00f3n inadecuada.<\/span><\/p>\n<\/div>\n<p>[\/vc_column_text][vc_column_text css=\u00bb.vc_custom_1739803058158{margin-right: 30px !important;margin-left: 30px !important;}\u00bb]<\/p>\n<div class=\"styled-subtitle\" style=\"text-align: justify;\"><span style=\"color: #000000;\">En el \u00e1mbito laboral, la situaci\u00f3n es igualmente alarmante. S\u00f3lo el 27% de los encuestados est\u00e1 trabajando, el 73% est\u00e1 desempleado o se encuentra incapacitado. Hay una notable falta de adaptaciones laborales y m\u00e1s del 70% de las solicitudes para ajustes razonables han sido rechazadas, perpetuando as\u00ed el estigma y las barreras para un empleo digno. En t\u00e9rminos de vivienda, el 38% ha tenido que mudarse debido a condiciones de vida inadecuadas.<\/span><\/div>\n<p>[\/vc_column_text][vc_column_text css=\u00bb.vc_custom_1739803065302{margin-right: 30px !important;margin-left: 30px !important;}\u00bb]<\/p>\n<div class=\"styled-subtitle\" style=\"text-align: justify;\"><span style=\"color: #000000;\">El informe concluye con una llamada urgente a las autoridades para implementar medidas efectivas que aborden estas problem\u00e1ticas. Entre las recomendaciones se incluyen la creaci\u00f3n de protocolos sanitarios espec\u00edficos, el reconocimiento de la discapacidad org\u00e1nica en marcos oficiales, la promoci\u00f3n de pol\u00edticas inclusivas en el \u00e1mbito laboral y la adaptaci\u00f3n de viviendas y espacios p\u00fablicos. \u00abEs imprescindible adoptar medidas estructurales para eliminar estos obst\u00e1culos y garantizar un entorno accesible para todas las personas afectadas,\u00bb concluye el informe, subrayando la importancia de no ignorar m\u00e1s esta situaci\u00f3n de exclusi\u00f3n.<\/span><\/div>\n<p>[\/vc_column_text][vc_separator][vc_column_text css=\u00bb.vc_custom_1739802134699{margin-right: 30px !important;margin-left: 30px !important;}\u00bb]<\/p>\n<div class=\"styled-subtitle\" style=\"text-align: justify;\"><span style=\"color: #5f727f; font-family: Source Sans Pro;\"><span style=\"color: #000000;\">Esta es la<\/span> <a href=\"https:\/\/confesq.org\/wp-content\/uploads\/2025\/02\/Informe-destaca-la-vulneracion-de-derechos-de-personas-con-SQM-y-EHS-en-Espana-y-exige-medidas-urgentes.pdf\" target=\"_blank\" rel=\"noopener\"><span style=\"text-decoration: underline;\">nota de prensa<\/span><\/a> <span style=\"color: #000000;\">que CONFESQ y sus asociaciones hemos enviado con motivo de la publicaci\u00f3n del informe:<\/span><\/span><\/div>\n<p>[\/vc_column_text][vc_column_text css=\u00bb.vc_custom_1739802288189{margin-right: 30px !important;margin-left: 30px !important;}\u00bb]<\/p>\n<div class=\"styled-subtitle\" style=\"text-align: justify;\"><span style=\"color: #000000;\"><span class=\"NormalTextRun SCXW141352841 BCX0\">La nota de prensa ha obtenido unos resultados destacables<\/span><span class=\"NormalTextRun SCXW141352841 BCX0\">:\u00a0<\/span><span class=\"NormalTextRun SCXW141352841 BCX0\">\u00a0<\/span><span class=\"NormalTextRun SCXW141352841 BCX0\">un total de <strong>45.191\u00a0impactos<\/strong>, una <strong>audiencia estimada de 125.065 <\/strong>\u00a0y una <strong>repercusi\u00f3n total de 170,256 usuarios<\/strong><\/span><span class=\"NormalTextRun SCXW141352841 BCX0\">. <\/span>Este es el<\/span> <a href=\"https:\/\/confesq.org\/wp-content\/uploads\/2025\/02\/informe-1260891-NP-estudio-SQMEHS-2025_compressed.pdf\">informe de repercusi\u00f3n:<\/a><\/div>\n<div><\/div>\n<div><\/div>\n<p>[\/vc_column_text][vc_column_text css=\u00bb.vc_custom_1749113002139{margin-right: 30px !important;margin-left: 30px !important;}\u00bb]<\/p>\n<div class=\"styled-subtitle\" style=\"text-align: justify;\"><span style=\"color: #000000;\">Estos son algunos medios en los que ha aparecido:<\/span><\/div>\n<ul>\n<li>\n<div class=\"styled-subtitle\"><a href=\"https:\/\/www.elconfidencialdigital.com\/articulo\/comunicados\/informe-destaca-vulneracion-derechos-personas-sqm-ehs-espana-exige-medidas-urgentes\/20250214084212927678.html\"><u>El Confidencial Digital<\/u><\/a><\/div>\n<\/li>\n<li>\n<div class=\"styled-subtitle\"><a href=\"https:\/\/www.europapress.es\/comunicados\/sociedad-00909\/noticia-comunicado-informe-destaca-vulneracion-derechos-personas-sqm-ehs-espana-exige-medidas-urgentes-20250214102525.html\">Europapress<\/a><\/div>\n<\/li>\n<li>\n<div class=\"styled-subtitle\"><a href=\"https:\/\/www.diariosigloxxi.com\/texto-diario\/mostrar\/5181069\/informe-destaca-vulneracion-derechos-personas-sqm-ehs-espana-exige-medidas-urgentes\">Diario Siglo XXI<\/a><\/div>\n<\/li>\n<li>\n<div class=\"styled-subtitle\"><a href=\"https:\/\/www.diariocritico.com\/noticia\/582647\/notas-de-prensa\/informe-destaca-la-vulneracion-de-derechos-de-personas-con-sqm-y-ehs-en-espana-y-exige-medidas-urgentes.html\">Diario Cr\u00edtico<\/a><\/div>\n<\/li>\n<\/ul>\n<div class=\"styled-subtitle\">\n<p><span style=\"color: #000000;\">Tambi\u00e9n<\/span> <a href=\"https:\/\/diario.cermi.es\/entry\/informe-destaca-la-vulneracion-de-derechos-de-personas-con-sqm-y-ehs-en-espana-y-exige-medidas-urgentes\">CERMI DIARIO<\/a> \u00a0<a href=\"https:\/\/www.cocemfe.es\/informate\/noticias\/confesq-denuncia-la-vulneracion-de-derechos-de-personas-con-sqm-y-ehs-en-espana-y-exige-medidas-urgentes\/\">COCEMFE<\/a> y <a href=\"https:\/\/medusahumanrights.com\/informe-las-cifras-de-sqm-y-ehs-desde-un-enfoque-de-derechos-humanos-y-discapacidad-para-confesq\/\">MEDUSA Human Rights<\/a> <span style=\"color: #000000;\">lo han publicado en su web.<\/span><\/p>\n<p><span style=\"color: #000000;\">Adem\u00e1s, ha sido publicado por el<\/span> <a href=\"https:\/\/sid-inico.usal.es\/documentacion\/las-cifras-de-sqm-y-ehs-desde-un-enfoque-de-derechos-humanos-y-discapacidad\/\">SID (Servicio de Informaci\u00f3n sobre Discapacidad) de Castilla y Le\u00f3n<\/a> <span style=\"color: #000000;\">como parte de su base de documentaci\u00f3n.\u00a0<\/span><\/p>\n<\/div>\n<p>[\/vc_column_text][\/vc_column][\/vc_row]<\/p>\n<\/div>","protected":false},"excerpt":{"rendered":"<p>[vc_row][vc_column][vc_column_text] NOTA DE PRENSA E INFORME DE REPERCUSI\u00d3N: Informe destaca la vulneraci\u00f3n de derechos de personas con SQM y EHS&#8230;<\/p>\n","protected":false},"author":2,"featured_media":30020,"comment_status":"closed","ping_status":"closed","sticky":false,"template":"","format":"standard","meta":{"footnotes":""},"categories":[105],"tags":[128],"class_list":{"0":"post-30012","1":"post","2":"type-post","3":"status-publish","4":"format-standard","5":"has-post-thumbnail","7":"category-novedades","8":"tag-12mayo"},"menu_order":0,"_links":{"self":[{"href":"https:\/\/confesq.org\/index.php?rest_route=\/wp\/v2\/posts\/30012","targetHints":{"allow":["GET"]}}],"collection":[{"href":"https:\/\/confesq.org\/index.php?rest_route=\/wp\/v2\/posts"}],"about":[{"href":"https:\/\/confesq.org\/index.php?rest_route=\/wp\/v2\/types\/post"}],"author":[{"embeddable":true,"href":"https:\/\/confesq.org\/index.php?rest_route=\/wp\/v2\/users\/2"}],"replies":[{"embeddable":true,"href":"https:\/\/confesq.org\/index.php?rest_route=%2Fwp%2Fv2%2Fcomments&post=30012"}],"version-history":[{"count":8,"href":"https:\/\/confesq.org\/index.php?rest_route=\/wp\/v2\/posts\/30012\/revisions"}],"predecessor-version":[{"id":30371,"href":"https:\/\/confesq.org\/index.php?rest_route=\/wp\/v2\/posts\/30012\/revisions\/30371"}],"wp:featuredmedia":[{"embeddable":true,"href":"https:\/\/confesq.org\/index.php?rest_route=\/wp\/v2\/media\/30020"}],"wp:attachment":[{"href":"https:\/\/confesq.org\/index.php?rest_route=%2Fwp%2Fv2%2Fmedia&parent=30012"}],"wp:term":[{"taxonomy":"category","embeddable":true,"href":"https:\/\/confesq.org\/index.php?rest_route=%2Fwp%2Fv2%2Fcategories&post=30012"},{"taxonomy":"post_tag","embeddable":true,"href":"https:\/\/confesq.org\/index.php?rest_route=%2Fwp%2Fv2%2Ftags&post=30012"}],"curies":[{"name":"wp","href":"https:\/\/api.w.org\/{rel}","templated":true}]}}