{"id":29970,"date":"2025-01-28T08:00:09","date_gmt":"2025-01-28T08:00:09","guid":{"rendered":"https:\/\/confesq.org\/?p=29970"},"modified":"2025-01-28T08:06:01","modified_gmt":"2025-01-28T08:06:01","slug":"informe-de-repercusion-y-nota-de-prensa-12m-copy-copy-copy","status":"publish","type":"post","link":"https:\/\/confesq.org\/?p=29970","title":{"rendered":"El pr\u00f3ximo 13\/02 presentamos el informe: \u00abLas cifras de SQM y EHS desde un enfoque de derechos humanos y discapacidad\u00bb"},"content":{"rendered":"<div class=\"wpb-content-wrapper\"><p>[vc_row][vc_column][vc_column_text]<\/p>\n<h3 style=\"text-align: center;\">PRESENTACI\u00d3N INFORME: \u00abLas cifras de SQM y EHS desde un enfoque de derechos humanos y discapacidad\u00bb<\/h3>\n<p>[\/vc_column_text][vc_single_image image=\u00bb29972&#8243; img_size=\u00bblarge\u00bb alignment=\u00bbcenter\u00bb][vc_column_text css=\u00bb.vc_custom_1738051390813{margin-right: 30px !important;margin-left: 30px !important;}\u00bb]<\/p>\n<div class=\"styled-subtitle\" style=\"text-align: justify;\"><span style=\"color: #000000;\">&#x1f5d3; <strong>Fecha:<\/strong> 13 de febrero de 2025<\/span><\/div>\n<div class=\"styled-subtitle\" style=\"text-align: justify;\"><span style=\"color: #000000;\">&#x1f55b;\u00a0<strong>Hora:<\/strong>\u00a012:00 (hora peninsular)<br \/>\n&#x1f310;\u00a0<strong>Formato:<\/strong>\u00a0Online<\/span><\/div>\n<p>[\/vc_column_text][vc_column_text css=\u00bb.vc_custom_1738051417416{margin-right: 30px !important;margin-left: 30px !important;}\u00bb]<\/p>\n<div class=\"styled-subtitle\" style=\"text-align: justify;\"><span style=\"color: #000000;\">Este informe complementa los <a href=\"https:\/\/confesq.org\/?p=29294\" target=\"_blank\" rel=\"noopener\">informes publicados en 2023<\/a>\u00a0poniendo en evidencia la situaci\u00f3n de vulneraci\u00f3n de los derechos que sufren cada d\u00eda las personas afectadas por Sensibilidad Qu\u00edmica M\u00faltiple y por Electrohipersensibilidad en Espa\u00f1a.\u00a0<\/span><\/div>\n<p>[\/vc_column_text][vc_column_text css=\u00bb.vc_custom_1738051435807{margin-right: 30px !important;margin-left: 30px !important;}\u00bb]<\/p>\n<div class=\"styled-subtitle\" style=\"text-align: justify;\"><span style=\"color: #000000;\">Es un honor para CONFESQ contar con el acompa\u00f1amiento de las tres organizaciones de discapacidad de m\u00e1s influencia en nuestro pais y que tantos hitos han alcanzado:\u00a0<strong>Fundaci\u00f3n ONCE<\/strong>, a quien agradecemos adem\u00e1s la financiaci\u00f3n de este proyecto,\u00a0<strong>CERMI estatal\u00a0<\/strong>\u00a0que participa en el Comit\u00e9 de Discapacidad de Naciones Unidas, y\u00a0<strong>COCEMFE<\/strong>, que nos acompa\u00f1a y asesora en el d\u00eda a d\u00eda de este dif\u00edcil camino por el reconocimeitno de las bareras ambientales.<\/span><\/div>\n<p>[\/vc_column_text][vc_column_text css=\u00bb.vc_custom_1738051477001{margin-right: 30px !important;margin-left: 30px !important;}\u00bb]<\/p>\n<div class=\"styled-subtitle\" style=\"text-align: justify;\">\n<p><span style=\"color: #000000;\">Presentan el informe sus autoras, \u00a0<strong>Paloma Torres L\u00f3pez e Isabel Diez Velasco<\/strong>, abogadas de derechos humanos y consultoras de\u00a0<a href=\"https:\/\/medusahumanrights.com\/en\/\"><strong>MEDUSA Human Rights.<\/strong><\/a><\/span><\/p>\n<\/div>\n<p>[\/vc_column_text][vc_column_text css=\u00bb.vc_custom_1738051497586{margin-right: 30px !important;margin-left: 30px !important;}\u00bb]<\/p>\n<div class=\"styled-subtitle\" style=\"text-align: justify;\"><span style=\"color: #000000;\">&#x1f449; <strong>Inscr\u00edbete aqu\u00ed:<\/strong>\u00a0<a href=\"https:\/\/forms.office.com\/e\/rjfScga57z?origin=lprLink\" target=\"_blank\" rel=\"noopener\">https:\/\/forms.office.com\/e\/rjfScga57z?origin=lprLink<\/a><\/span><\/div>\n<p>[\/vc_column_text]<div class=\"gem-button-container gem-button-position-inline thegem-button-69ee1ff5191e21434    \"  ><a class=\"gem-button gem-button-size-small gem-button-style-flat gem-button-text-weight-normal\" data-ll-effect=\"drop-right-without-wrap\" style=\"border-radius: 3px;\" onmouseleave=\"\" onmouseenter=\"\" href=\"https:\/\/forms.office.com\/e\/rjfScga57z?origin=lprLink\" target=\"_self\">INSCR\u00cdBETE AQU\u00cd<\/a><\/div> [\/vc_column][\/vc_row]<\/p>\n<\/div>","protected":false},"excerpt":{"rendered":"<p>[vc_row][vc_column][vc_column_text] PRESENTACI\u00d3N INFORME: \u00abLas cifras de SQM y EHS desde un enfoque de derechos humanos y discapacidad\u00bb [\/vc_column_text][vc_single_image image=\u00bb29972&#8243; img_size=\u00bblarge\u00bb&#8230;<\/p>\n","protected":false},"author":2,"featured_media":29972,"comment_status":"closed","ping_status":"closed","sticky":false,"template":"","format":"standard","meta":{"footnotes":""},"categories":[105],"tags":[128],"class_list":{"0":"post-29970","1":"post","2":"type-post","3":"status-publish","4":"format-standard","5":"has-post-thumbnail","7":"category-novedades","8":"tag-12mayo"},"menu_order":0,"_links":{"self":[{"href":"https:\/\/confesq.org\/index.php?rest_route=\/wp\/v2\/posts\/29970","targetHints":{"allow":["GET"]}}],"collection":[{"href":"https:\/\/confesq.org\/index.php?rest_route=\/wp\/v2\/posts"}],"about":[{"href":"https:\/\/confesq.org\/index.php?rest_route=\/wp\/v2\/types\/post"}],"author":[{"embeddable":true,"href":"https:\/\/confesq.org\/index.php?rest_route=\/wp\/v2\/users\/2"}],"replies":[{"embeddable":true,"href":"https:\/\/confesq.org\/index.php?rest_route=%2Fwp%2Fv2%2Fcomments&post=29970"}],"version-history":[{"count":2,"href":"https:\/\/confesq.org\/index.php?rest_route=\/wp\/v2\/posts\/29970\/revisions"}],"predecessor-version":[{"id":29973,"href":"https:\/\/confesq.org\/index.php?rest_route=\/wp\/v2\/posts\/29970\/revisions\/29973"}],"wp:featuredmedia":[{"embeddable":true,"href":"https:\/\/confesq.org\/index.php?rest_route=\/wp\/v2\/media\/29972"}],"wp:attachment":[{"href":"https:\/\/confesq.org\/index.php?rest_route=%2Fwp%2Fv2%2Fmedia&parent=29970"}],"wp:term":[{"taxonomy":"category","embeddable":true,"href":"https:\/\/confesq.org\/index.php?rest_route=%2Fwp%2Fv2%2Fcategories&post=29970"},{"taxonomy":"post_tag","embeddable":true,"href":"https:\/\/confesq.org\/index.php?rest_route=%2Fwp%2Fv2%2Ftags&post=29970"}],"curies":[{"name":"wp","href":"https:\/\/api.w.org\/{rel}","templated":true}]}}