{"id":29932,"date":"2024-11-27T11:03:48","date_gmt":"2024-11-27T11:03:48","guid":{"rendered":"https:\/\/confesq.org\/?p=29932"},"modified":"2024-12-02T11:10:18","modified_gmt":"2024-12-02T11:10:18","slug":"ii-jornada-de-investigacion-en-fm-sfc-em-sqm-y-ehs-copy-copy-copy-2","status":"publish","type":"post","link":"https:\/\/confesq.org\/?p=29932","title":{"rendered":"CONFESQ comparte las \u00faltimas noticias de EMEA, reflejando el impacto en el \u00e1mbito europeo sobre la defensa y visibilidad de la encefalomielitis mi\u00e1lgica\/s\u00edndrome de fatiga cr\u00f3nica (EM\/SFC)"},"content":{"rendered":"<div class=\"wpb-content-wrapper\"><p>[vc_row][vc_column][vc_column_text]<\/p>\n<h3 style=\"text-align: center;\">CONFESQ comparte las \u00faltimas noticias de EMEA, reflejando el impacto en el \u00e1mbito europeo sobre la defensa y visibilidad de la encefalomielitis mi\u00e1lgica\/s\u00edndrome de fatiga cr\u00f3nica (EM\/SFC).<\/h3>\n<p>[\/vc_column_text][vc_single_image image=\u00bb29934&#8243; img_size=\u00bblarge\u00bb alignment=\u00bbcenter\u00bb][vc_column_text css=\u00bb.vc_custom_1733137687124{margin-right: 30px !important;margin-left: 30px !important;}\u00bb]<\/p>\n<div class=\"styled-subtitle\" style=\"text-align: justify;\">\n<p><span style=\"color: #000000;\">CONFESQ comparte las \u00faltimas noticias de EMEA, reflejando el impacto en el \u00e1mbito europeo sobre la defensa y visibilidad de la encefalomielitis mi\u00e1lgica\/s\u00edndrome de fatiga cr\u00f3nica (EM\/SFC).<\/span><\/p>\n<p><span style=\"color: #000000;\"><br \/>\n<strong>1. Conferencia del 11 de noviembre de 2024<\/strong><\/span><\/p>\n<p><span style=\"color: #000000;\"><br \/>\nEMEA public\u00f3 en su sitio web la informaci\u00f3n y un video de 10 minutos sobre la presentaci\u00f3n realizada en esta conferencia, destacando la necesidad urgente de asistencia personal para las personas con EM\/SFC y planteando preguntas \u00e9ticas fundamentales para todos los actores involucrados. Acceda a la presentaci\u00f3n <a href=\"https:\/\/www.europeanmealliance.org\/news-Q42024-003.shtml\">aqu\u00ed<\/a>.<\/span><\/p>\n<p><span style=\"color: #000000;\"><br \/>\n<strong>2. Reuni\u00f3n del Parlamento Europeo (12 de noviembre de 2024)<\/strong><\/span><\/p>\n<p><span style=\"color: #000000;\"><br \/>\nEMEA particip\u00f3 en la reuni\u00f3n del Grupo de Inter\u00e9s sobre Salud Cerebral y Enfermedades Neurol\u00f3gicas, destacando la urgencia de implementar la Resoluci\u00f3n del Parlamento Europeo de 2020 sobre EM\/SFC. Lea m\u00e1s en <a href=\"https:\/\/www.efna.net\/meeting-report-mep-interest-group-on-brain-health-and-neurological-conditions\/\">el informe de EFNA<\/a> o consulte <a href=\"https:\/\/www.europeanmealliance.org\/documents\/MEPIG\/EMEA-MEP-Interest-Group-Brussels-2024-11-12.pdf\">las diapositivas presentadas por EMEA.<\/a><\/span><\/p>\n<p><span style=\"color: #000000;\"><br \/>\n<strong>3. Representaci\u00f3n del equipo de investigaci\u00f3n Young EMERG en la OMS Europa<\/strong><\/span><\/p>\n<p><span style=\"color: #000000;\"><br \/>\nEMEA, a trav\u00e9s de su red Young EMERG, cuenta ahora con representaci\u00f3n en la red Youth4Health de la OMS. Esta oportunidad fortalece la defensa de la EM\/SFC en pol\u00edticas de salud p\u00fablica a nivel europeo. Descubra m\u00e1s sobre esta importante iniciativa <a href=\"https:\/\/emergecr.org\/ye-news2411-youth4health.shtml\">aqu\u00ed<\/a>.<\/span><\/p>\n<p><span style=\"color: #000000;\"><br \/>\nSeguiremos informando sobre pr\u00f3ximas reuniones y actualizaciones relevantes para la comunidad de EM\/SFC en Europa.<\/span><\/p>\n<p>&nbsp;<\/p>\n<\/div>\n<p>[\/vc_column_text][\/vc_column][\/vc_row]<\/p>\n<\/div>","protected":false},"excerpt":{"rendered":"<p>[vc_row][vc_column][vc_column_text] CONFESQ comparte las \u00faltimas noticias de EMEA, reflejando el impacto en el \u00e1mbito europeo sobre la defensa y visibilidad&#8230;<\/p>\n","protected":false},"author":2,"featured_media":29934,"comment_status":"closed","ping_status":"closed","sticky":false,"template":"","format":"standard","meta":{"footnotes":""},"categories":[105],"tags":[],"class_list":{"0":"post-29932","1":"post","2":"type-post","3":"status-publish","4":"format-standard","5":"has-post-thumbnail","7":"category-novedades"},"menu_order":0,"_links":{"self":[{"href":"https:\/\/confesq.org\/index.php?rest_route=\/wp\/v2\/posts\/29932","targetHints":{"allow":["GET"]}}],"collection":[{"href":"https:\/\/confesq.org\/index.php?rest_route=\/wp\/v2\/posts"}],"about":[{"href":"https:\/\/confesq.org\/index.php?rest_route=\/wp\/v2\/types\/post"}],"author":[{"embeddable":true,"href":"https:\/\/confesq.org\/index.php?rest_route=\/wp\/v2\/users\/2"}],"replies":[{"embeddable":true,"href":"https:\/\/confesq.org\/index.php?rest_route=%2Fwp%2Fv2%2Fcomments&post=29932"}],"version-history":[{"count":3,"href":"https:\/\/confesq.org\/index.php?rest_route=\/wp\/v2\/posts\/29932\/revisions"}],"predecessor-version":[{"id":29936,"href":"https:\/\/confesq.org\/index.php?rest_route=\/wp\/v2\/posts\/29932\/revisions\/29936"}],"wp:featuredmedia":[{"embeddable":true,"href":"https:\/\/confesq.org\/index.php?rest_route=\/wp\/v2\/media\/29934"}],"wp:attachment":[{"href":"https:\/\/confesq.org\/index.php?rest_route=%2Fwp%2Fv2%2Fmedia&parent=29932"}],"wp:term":[{"taxonomy":"category","embeddable":true,"href":"https:\/\/confesq.org\/index.php?rest_route=%2Fwp%2Fv2%2Fcategories&post=29932"},{"taxonomy":"post_tag","embeddable":true,"href":"https:\/\/confesq.org\/index.php?rest_route=%2Fwp%2Fv2%2Ftags&post=29932"}],"curies":[{"name":"wp","href":"https:\/\/api.w.org\/{rel}","templated":true}]}}