{"id":29901,"date":"2024-11-20T11:10:27","date_gmt":"2024-11-20T11:10:27","guid":{"rendered":"https:\/\/confesq.org\/?p=29901"},"modified":"2024-11-29T08:45:34","modified_gmt":"2024-11-29T08:45:34","slug":"entrevista-al-dr-chris-amstrong-copy-copy-2-copy-copy-copy-2-copy-copy-copy-copy-copy-2-copy-2-copy","status":"publish","type":"post","link":"https:\/\/confesq.org\/?p=29901","title":{"rendered":"20 aniversario de CONFESQ"},"content":{"rendered":"<div class=\"wpb-content-wrapper\"><p>[vc_row][vc_column][vc_column_text]<\/p>\n<div class=\"title-h4\" style=\"text-align: center;\">\n<p>20 aniversario de CONFESQ<\/p>\n<\/div>\n<p>[\/vc_column_text][vc_single_image image=\u00bb29903&#8243; img_size=\u00bblarge\u00bb alignment=\u00bbcenter\u00bb][vc_column_text css=\u00bb.vc_custom_1732869926702{margin-right: 30px !important;margin-left: 30px !important;}\u00bb]<\/p>\n<div class=\"styled-subtitle\" style=\"text-align: justify;\">\n<p><span style=\"color: #000000;\">El pasado 7 de noviembre de 2024, CONFESQ (Coalici\u00f3n Nacional de Fibromialgia, S\u00edndrome de Fatiga Cr\u00f3nica, Sensibilidad Qu\u00edmica M\u00faltiple y Electrohipersensibilidad) celebr\u00f3 su <strong>20\u00ba aniversario<\/strong> con un emotivo acto en la Sala Maruja Mallo, ubicada en la plaza Daoiz y Velarde, en Madrid.<\/span><\/p>\n<p><span style=\"color: #000000;\">Durante el evento, que tuvo lugar a las 18:30 h, se rindi\u00f3 homenaje a entidades y personas que, a lo largo de estas dos d\u00e9cadas, han colaborado de manera destacada en la defensa de los derechos y el bienestar de las personas afectadas por las enfermedades representadas por la coalici\u00f3n. Adem\u00e1s, Mar\u00eda L\u00f3pez Matallana, presidenta de CONFESQ, hizo un repaso sobre la historia de la coalici\u00f3n.<\/span><\/p>\n<p><span style=\"color: #000000;\">Aqu\u00ed puedes consultar la presentaci\u00f3n sobre la historia de CONFESQ:\u00a0<\/span><\/p>\n<\/div>\n<div class=\"styled-subtitle\" style=\"text-align: justify;\">\n<p style=\"text-align: center;\">\n<\/div>\n<p>[\/vc_column_text][vc_column_text css=\u00bb.vc_custom_1732869019845{margin-right: 30px !important;margin-left: 30px !important;}\u00bb]<\/p>\n<p style=\"text-align: center;\"><iframe src=\"https:\/\/www.youtube.com\/embed\/Zevx1iwAs4k\" width=\"560\" height=\"315\" frameborder=\"0\" allowfullscreen=\"allowfullscreen\"><\/iframe><\/p>\n<p>[\/vc_column_text][vc_column_text css=\u00bb.vc_custom_1732869317275{margin-right: 30px !important;margin-left: 30px !important;}\u00bb]<\/p>\n<div class=\"styled-subtitle\" style=\"text-align: justify;\">\n<p><span style=\"color: #000000;\">Las entidades y personas premiadas fueron las siguientes:<\/span><\/p>\n<ul>\n<li><span style=\"color: #000000;\"><strong>Mar Arruti<\/strong>, fundadora y primera presidenta de Fibromialgia y Fatiga Cr\u00f3nica Espa\u00f1a. Coordinadora Nacional de Asociaciones de Fibromialgia y Fatiga Cr\u00f3nica, hoy CONFESQ\u200b. Mar Arruti no pudo acudir al acto, de este modo, fue posible su intervenci\u00f3n a trav\u00e9s de un v\u00eddeo que fue proyectado durante la presentaci\u00f3n.\u00a0<\/span><\/li>\n<li><span style=\"color: #000000;\"><a href=\"https:\/\/www.cocemfe.es\/\"><strong>COCEMFE ESTATAL<\/strong><\/a> y en su representaci\u00f3n <strong>Eva P\u00e9rez Bech<\/strong>, vicepresidenta de COCEMFE y <strong>Elena Antelo Garc\u00eda<\/strong>, directora gerente\u200b<\/span><\/li>\n<li><span style=\"color: #000000;\"><a href=\"https:\/\/plataformadepacientes.org\/?utm_campaign=1764257015&amp;gad_source=1&amp;gclid=CjwKCAiAxqC6BhBcEiwAlXp45_Z6AtFHQKZWryi-mu5P6m7dwIPYq9kPBlZ0U3TsRKZ4_J6m0O6VmxoC73oQAvD_BwE\"><strong>Plataforma de Organizaciones de Pacientes (POP)<\/strong><\/a> y en su representaci\u00f3n <strong>Pedro Carrascal,<\/strong> director general de la POP,\u00a0 hizo acto de presencia de manera virtual.\u00a0<\/span><\/li>\n<li><span style=\"color: #000000;\"><a href=\"https:\/\/www.sefifac.es\/\"><strong>SEFIFAC<\/strong><\/a> (Sociedad Espa\u00f1ola de Fibromialgia y S\u00edndrome Fatiga Cr\u00f3nica) y en su representaci\u00f3n el <strong>Dr. Antonio Collado<\/strong>, presidente de SEFIFAC\u200b<\/span><\/li>\n<li><span style=\"color: #000000;\"><a href=\"https:\/\/www.fundacion-alborada.org\/\"><strong>FUNDACI\u00d3N ALBORADA<\/strong><\/a> y en su representaci\u00f3n la <strong>Dra. Pilar Mu\u00f1oz Calero<\/strong>, presidenta de Fundaci\u00f3n Alborada\u200b<\/span><\/li>\n<li><span style=\"color: #000000;\"><a href=\"https:\/\/www.madrid.es\/portales\/munimadrid\/es\/Inicio\/Actividad-economica-y-hacienda\/Direcciones-y-telefonos\/Junta-Municipal-del-Distrito-de-Retiro\/?vgnextfmt=default&amp;vgnextoid=27098aa6bd91f010VgnVCM1000000b205a0aRCRD&amp;vgnextchannel=60e7c5dee78fe410VgnVCM1000000b205a0aRCRD\"><strong>JUNTA MUNICIPAL DE RETIRO<\/strong><\/a> y sus trabajadores\u200b, en su nombre recogi\u00f3 el premio <strong>Andrea Levy<\/strong>, concejala presidenta del distrito de Retiro. El premio a la Junta Municipal de Retiro fue entregado durante las jornadas #CONFESQSeMueve por la ma\u00f1ana del mismo d\u00eda 7 de noviembre.<\/span><\/li>\n<\/ul>\n<\/div>\n<p>[\/vc_column_text][vc_column_text css=\u00bb.vc_custom_1732869426981{margin-right: 30px !important;margin-left: 30px !important;}\u00bb]<\/p>\n<div class=\"styled-subtitle\" style=\"text-align: justify;\">\n<p><span style=\"color: #000000;\"><span style=\"color: #000000;\">El premio llevaba impreso la ilustraci\u00f3n ganadora del concurso <a href=\"https:\/\/confesq.org\/?p=29870\">\u00ab20 a\u00f1os con CONFESQ\u00bb<\/a>, elaborada por Virginia Rexach Romero y con t\u00edtulo <b>\u201cEl dolor invisible\u00bb.\u00a0<\/b><\/span><\/span><\/p>\n<p style=\"text-align: center;\">\n<\/div>\n<p>[\/vc_column_text][vc_single_image image=\u00bb29924&#8243; img_size=\u00bblarge\u00bb alignment=\u00bbcenter\u00bb][vc_column_text css=\u00bb.vc_custom_1732869335044{margin-right: 30px !important;margin-left: 30px !important;}\u00bb]<\/p>\n<div class=\"styled-subtitle\" style=\"text-align: justify;\">\n<p><span style=\"color: #000000;\">La celebraci\u00f3n fue un espacio para recordar los logros alcanzados, reafirmar el compromiso con la misi\u00f3n de CONFESQ y agradecer la dedicaci\u00f3n de quienes han sido fundamentales en este recorrido. Fue un encuentro cargado de reconocimiento y gratitud hacia todos los participantes, miembros y colaboradores que hicieron posible este camino.<\/span><\/p>\n<p><span style=\"color: #000000;\">Para culminar el acto con un toque de emotividad y belleza,<strong> Laura Machado<\/strong> deleit\u00f3 a los asistentes con una\u00a0 interpretaci\u00f3n de I Giorni de Ludovico Einaudi al piano.<\/span><\/p>\n<p style=\"text-align: center;\"><span style=\"color: #000000;\">\u00a1Gracias a todos por acompa\u00f1arnos en esta fecha tan especial!<\/span><\/p>\n<p style=\"text-align: center;\">\n<\/div>\n<p>[\/vc_column_text][vc_images_carousel images=\u00bb29906,29905,29910,29922,29907,29908,29909,29911,29912,29913,29923,29904&#8243; img_size=\u00bblarge\u00bb][\/vc_column][\/vc_row]<\/p>\n<\/div>","protected":false},"excerpt":{"rendered":"<p>[vc_row][vc_column][vc_column_text] 20 aniversario de CONFESQ [\/vc_column_text][vc_single_image image=\u00bb29903&#8243; img_size=\u00bblarge\u00bb alignment=\u00bbcenter\u00bb][vc_column_text css=\u00bb.vc_custom_1732869926702{margin-right: 30px !important;margin-left: 30px !important;}\u00bb] El pasado 7 de noviembre de&#8230;<\/p>\n","protected":false},"author":2,"featured_media":29903,"comment_status":"closed","ping_status":"closed","sticky":false,"template":"","format":"standard","meta":{"footnotes":""},"categories":[105],"tags":[131],"class_list":{"0":"post-29901","1":"post","2":"type-post","3":"status-publish","4":"format-standard","5":"has-post-thumbnail","7":"category-novedades","8":"tag-jornadas-fm-sfc-em-sqm-ehs"},"menu_order":0,"_links":{"self":[{"href":"https:\/\/confesq.org\/index.php?rest_route=\/wp\/v2\/posts\/29901","targetHints":{"allow":["GET"]}}],"collection":[{"href":"https:\/\/confesq.org\/index.php?rest_route=\/wp\/v2\/posts"}],"about":[{"href":"https:\/\/confesq.org\/index.php?rest_route=\/wp\/v2\/types\/post"}],"author":[{"embeddable":true,"href":"https:\/\/confesq.org\/index.php?rest_route=\/wp\/v2\/users\/2"}],"replies":[{"embeddable":true,"href":"https:\/\/confesq.org\/index.php?rest_route=%2Fwp%2Fv2%2Fcomments&post=29901"}],"version-history":[{"count":10,"href":"https:\/\/confesq.org\/index.php?rest_route=\/wp\/v2\/posts\/29901\/revisions"}],"predecessor-version":[{"id":29931,"href":"https:\/\/confesq.org\/index.php?rest_route=\/wp\/v2\/posts\/29901\/revisions\/29931"}],"wp:featuredmedia":[{"embeddable":true,"href":"https:\/\/confesq.org\/index.php?rest_route=\/wp\/v2\/media\/29903"}],"wp:attachment":[{"href":"https:\/\/confesq.org\/index.php?rest_route=%2Fwp%2Fv2%2Fmedia&parent=29901"}],"wp:term":[{"taxonomy":"category","embeddable":true,"href":"https:\/\/confesq.org\/index.php?rest_route=%2Fwp%2Fv2%2Fcategories&post=29901"},{"taxonomy":"post_tag","embeddable":true,"href":"https:\/\/confesq.org\/index.php?rest_route=%2Fwp%2Fv2%2Ftags&post=29901"}],"curies":[{"name":"wp","href":"https:\/\/api.w.org\/{rel}","templated":true}]}}