{"id":29619,"date":"2024-05-24T07:29:07","date_gmt":"2024-05-24T07:29:07","guid":{"rendered":"https:\/\/confesq.org\/?p=29619"},"modified":"2024-06-12T17:05:48","modified_gmt":"2024-06-12T17:05:48","slug":"entrevista-al-dr-chris-amstrong-copy-copy-2-copy-copy-copy-2-copy-copy-copy-copy-copy-copy-copy-copy-copy-copy-copy-copy-copy-copy-copy-copy-2-copy-copy-copy-copy-copy-copy-copy-2-copy-2","status":"publish","type":"post","link":"https:\/\/confesq.org\/?p=29619","title":{"rendered":"REPERCUSI\u00d3N ACCIONES 12 DE MAYO ASOCIACIONES CONFESQ"},"content":{"rendered":"<div class=\"wpb-content-wrapper\"><p>[vc_row][vc_column][vc_column_text]<\/p>\n<div class=\"title-h4\" style=\"text-align: center;\">\n<div class=\"wpb_text_column wpb_content_element thegem-vc-text thegem-custom-6567616b54c091692\">\n<div class=\"wpb_wrapper\">\n<div class=\"title-h4\">\n<p>REPERCUSI\u00d3N ACCIONES 12 DE MAYO ASOCIACIONES CONFESQ<\/p>\n<\/div>\n<\/div>\n<\/div>\n<\/div>\n<p>[\/vc_column_text][vc_single_image image=\u00bb29622&#8243; img_size=\u00bblarge\u00bb alignment=\u00bbcenter\u00bb][vc_column_text css=\u00bb.vc_custom_1716546958756{margin-right: 30px !important;margin-left: 30px !important;}\u00bb][\/vc_column_text][vc_separator][vc_column_text css=\u00bb.vc_custom_1716536004195{margin-right: 30px !important;margin-left: 30px !important;}\u00bb]<\/p>\n<div class=\"styled-subtitle\" style=\"text-align: justify;\"><span class=\"NormalTextRun SCXW256395547 BCX0\">Por el 12 de mayo, <strong>D\u00eda Mundial de la Fibromialgia (FM), S\u00edndrome de Fatiga Cr\u00f3nica\/ Encefalomielitis Mi\u00e1lgica (SFC\/EM), Sensibilidad Qu\u00edmica M\u00faltiple (SQM) y Electrohipersensibilidad (EHS)<\/strong>, las asociaciones representadas por CONFESQ hemos llevado a cabo diferentes <strong>actividades<\/strong> en todo el territorio espa\u00f1ol, y tambi\u00e9n hemos realizado varias lecturas del manifiesto que preparamos.\u00a0<\/span><\/div>\n<p>[\/vc_column_text][vc_column_text css=\u00bb.vc_custom_1716536027432{margin-right: 30px !important;margin-left: 30px !important;}\u00bb]<\/p>\n<div class=\"styled-subtitle\" style=\"text-align: justify;\"><span class=\"TextRun SCXW242701311 BCX0\" lang=\"ES-ES\" xml:lang=\"ES-ES\" data-contrast=\"auto\"><span class=\"NormalTextRun SCXW242701311 BCX0\">En este post querr\u00edamos <strong>recoger la repercusi\u00f3n <\/strong><\/span><strong><span class=\"NormalTextRun SCXW242701311 BCX0\">que hemos tenido<\/span><span class=\"NormalTextRun SCXW242701311 BCX0\"> con la difusi\u00f3n de notas de prensa y lecturas de manifiesto. <\/span><\/strong><\/span><strong><span class=\"EOP SCXW242701311 BCX0\" data-ccp-props=\"{&quot;201341983&quot;:0,&quot;335559739&quot;:160,&quot;335559740&quot;:279}\">\u00a0<\/span><\/strong><\/div>\n<p>[\/vc_column_text][vc_column_text css=\u00bb.vc_custom_1716546958756{margin-right: 30px !important;margin-left: 30px !important;}\u00bb][\/vc_column_text][vc_separator][vc_column_text css=\u00bb.vc_custom_1716547268383{margin-right: 30px !important;margin-left: 30px !important;}\u00bb]<\/p>\n<div class=\"title-h3\" style=\"text-align: center;\"><strong><span class=\"TextRun SCXW115234772 BCX0\" lang=\"ES-ES\" xml:lang=\"ES-ES\" data-contrast=\"auto\"><span class=\"NormalTextRun SCXW115234772 BCX0\">SFC-SQM Comunidad Valenciana<\/span><\/span><\/strong><span class=\"TextRun SCXW115234772 BCX0\" lang=\"ES-ES\" xml:lang=\"ES-ES\" data-contrast=\"auto\"><span class=\"NormalTextRun SCXW115234772 BCX0\">\u00a0<\/span><\/span><\/div>\n<p>[\/vc_column_text][vc_column_text css=\u00bb.vc_custom_1716536049299{margin-right: 30px !important;margin-left: 30px !important;}\u00bb]<\/p>\n<div class=\"styled-subtitle\"><span class=\"TextRun SCXW115234772 BCX0\" lang=\"ES-ES\" xml:lang=\"ES-ES\" data-contrast=\"auto\"><span class=\"NormalTextRun SCXW115234772 BCX0\">Desde <\/span><\/span><strong><span class=\"TextRun SCXW115234772 BCX0\" lang=\"ES-ES\" xml:lang=\"ES-ES\" data-contrast=\"auto\"><span class=\"NormalTextRun SCXW115234772 BCX0\">SFC-SQM Comunidad Valenciana<\/span><\/span><\/strong><span class=\"TextRun SCXW115234772 BCX0\" lang=\"ES-ES\" xml:lang=\"ES-ES\" data-contrast=\"auto\"><span class=\"NormalTextRun SCXW115234772 BCX0\"> se ley\u00f3 el Manifiesto preparado por el 12 de mayo.<\/span><\/span><\/div>\n<p>[\/vc_column_text][vc_single_image image=\u00bb29624&#8243; img_size=\u00bblarge\u00bb alignment=\u00bbcenter\u00bb][vc_column_text css=\u00bb.vc_custom_1716536533228{margin-right: 30px !important;margin-left: 30px !important;}\u00bb]<\/p>\n<div class=\"styled-subtitle\" style=\"text-align: justify;\"><span class=\"EOP SCXW256486530 BCX0\" data-ccp-props=\"{&quot;201341983&quot;:0,&quot;335551550&quot;:6,&quot;335551620&quot;:6,&quot;335559738&quot;:300,&quot;335559739&quot;:300,&quot;335559740&quot;:420,&quot;335572071&quot;:0,&quot;335572072&quot;:0,&quot;335572073&quot;:14935011,&quot;335572075&quot;:0,&quot;335572076&quot;:0,&quot;335572077&quot;:14935011,&quot;335572079&quot;:0,&quot;335572080&quot;:0,&quot;335572081&quot;:14935011,&quot;335572083&quot;:0,&quot;335572084&quot;:0,&quot;335572085&quot;:14935011,&quot;335572087&quot;:0,&quot;335572088&quot;:0,&quot;335572089&quot;:14935011,&quot;469789798&quot;:&quot;none&quot;,&quot;469789802&quot;:&quot;none&quot;,&quot;469789806&quot;:&quot;none&quot;,&quot;469789810&quot;:&quot;none&quot;,&quot;469789814&quot;:&quot;none&quot;}\">Adem\u00e1s, la<strong> nota de prensa<\/strong> que informaba sobre sus actividades realizadas sali\u00f3 en los siguientes medios:\u00a0<\/span><\/div>\n<ul>\n<li>\n<p class=\"styled-subtitle\"><a href=\"https:\/\/www.infosalus.com\/actualidad\/noticia-asociacion-sindrome-fatiga-cronica-sqm-reivindica-diagnostico-investigacion-enfermedades-20240508164147.html\">InfoSalus<\/a><\/p>\n<\/li>\n<li>\n<div class=\"styled-subtitle\"><a href=\"https:\/\/www.abc.es\/espana\/comunidad-valenciana\/asociacion-sindrome-fatiga-cronica-sqm-reivindica-diagnostico-20240508124909-nt.html\">ABC Comunidad Valenciana<\/a><\/div>\n<\/li>\n<li>\n<div class=\"styled-subtitle\"><a href=\"https:\/\/www.abc.es\/espana\/comunidad-valenciana\/asociacion-sindrome-fatiga-cronica-sqm-reivindica-diagnostico-20240508124909-nt.html\">Las Provincias<\/a><\/div>\n<\/li>\n<\/ul>\n<p>[\/vc_column_text][vc_separator][vc_column_text css=\u00bb.vc_custom_1716547283982{margin-right: 30px !important;margin-left: 30px !important;}\u00bb]<\/p>\n<div class=\"styled-subtitle title-h3\" style=\"text-align: center;\"><strong>FRIDA Navarra<\/strong><\/div>\n<p>[\/vc_column_text][vc_column_text css=\u00bb.vc_custom_1716536557802{margin-right: 30px !important;margin-left: 30px !important;}\u00bb]<\/p>\n<div class=\"styled-subtitle\">En <strong>FRIDA Navarra<\/strong> han tenido la siguiente repercusi\u00f3n de los actos realizados con motivo del 12 de mayo:<\/div>\n<p>[\/vc_column_text][vc_column_text css=\u00bb.vc_custom_1716536693388{margin-right: 30px !important;margin-left: 30px !important;}\u00bb]<\/p>\n<div class=\"styled-subtitle\" style=\"text-align: justify;\"><span class=\"TextRun SCXW141352841 BCX0\" lang=\"ES-ES\" xml:lang=\"ES-ES\" data-contrast=\"auto\"><span class=\"NormalTextRun SCXW141352841 BCX0\">En el medio Noticias Navarra han aparecido en dos art\u00edculos:\u00a0<\/span><\/span><\/div>\n<ul>\n<li>\n<div class=\"styled-subtitle\"><a href=\"https:\/\/www.noticiasdenavarra.com\/sociedad\/2024\/05\/11\/claves-alimentacion-fibromialgia-8220456.html\">Las claves de la alimentaci\u00f3n en fibromialgia\u00a0<\/a><\/div>\n<\/li>\n<li>\n<div class=\"styled-subtitle\"><a href=\"https:\/\/www.noticiasdenavarra.com\/opinion\/tribunas\/2024\/05\/12\/mujer-fibromialgia-8222985.html\">Mujer con fibromialgia<\/a><\/div>\n<\/li>\n<\/ul>\n<p>[\/vc_column_text][vc_column_text css=\u00bb.vc_custom_1716548758306{margin-right: 30px !important;margin-left: 30px !important;}\u00bb]<\/p>\n<div class=\"styled-subtitle\" style=\"text-align: justify;\"><span class=\"TextRun SCXW141352841 BCX0\" lang=\"ES-ES\" xml:lang=\"ES-ES\" data-contrast=\"auto\"><span class=\"NormalTextRun SCXW141352841 BCX0\">Tambi\u00e9n han contado con el apoyo del <a href=\"https:\/\/www.facebook.com\/photo\/?fbid=861931692630917&amp;set=a.621655439991878\">Ayuntamiento de Tudela<\/a>, con el <a href=\"https:\/\/www.facebook.com\/photo?fbid=841756507998269&amp;set=a.295085305998728\">Parlamento de Navarra,<\/a> <a href=\"https:\/\/www.facebook.com\/photo\/?fbid=901608788676139&amp;set=a.297839742386383\">Ayuntamiento de Pamplona<\/a>, y se ha realizado este <a href=\"https:\/\/www.facebook.com\/fridanavarra\/videos\/1251339452506904\">v\u00eddeo de difusi\u00f3n.<\/a><\/span><\/span><\/div>\n<p>[\/vc_column_text][vc_column_text css=\u00bb.vc_custom_1716548767960{margin-right: 30px !important;margin-left: 30px !important;}\u00bb]<\/p>\n<div class=\"styled-subtitle\" style=\"text-align: justify;\"><span class=\"TextRun SCXW67634953 BCX0\" lang=\"ES-ES\" xml:lang=\"ES-ES\" data-contrast=\"auto\"><span class=\"NormalTextRun SCXW67634953 BCX0\">Aparecieron en el diario<a href=\"https:\/\/www.berria.eus\/lurraldeak\/nafarroa\/berrehun-sintoma-baino-gehiago-daude-fibromialgiari-lotuta_2124952_102.html\"> \u201c<\/a><\/span><span class=\"NormalTextRun SpellingErrorV2Themed SCXW67634953 BCX0\">Berria<\/span><span class=\"NormalTextRun SCXW67634953 BCX0\">\u201d con una entrevista a <\/span><span class=\"NormalTextRun SpellingErrorV2Themed SCXW67634953 BCX0\">Mariain<\/span><span class=\"NormalTextRun SCXW67634953 BCX0\"> Asiain, presidenta de la Asociaci\u00f3n Navarra de Fibromialgia.<\/span><\/span><\/div>\n<p>[\/vc_column_text][vc_separator][vc_column_text css=\u00bb.vc_custom_1716548868211{margin-right: 30px !important;margin-left: 30px !important;}\u00bb]<\/p>\n<div class=\"styled-subtitle title-h3\" style=\"text-align: center;\"><strong><span class=\"TextRun SCXW238218362 BCX0\" lang=\"ES-ES\" xml:lang=\"ES-ES\" data-contrast=\"auto\"><span class=\"NormalTextRun SCXW238218362 BCX0\">SFC-SQM Murcia<\/span><\/span><\/strong><\/div>\n<p>[\/vc_column_text][vc_column_text css=\u00bb.vc_custom_1716549971460{margin-right: 30px !important;margin-left: 30px !important;}\u00bb]<\/p>\n<div class=\"styled-subtitle\" style=\"text-align: justify;\"><span class=\"TextRun SCXW238218362 BCX0\" lang=\"ES-ES\" xml:lang=\"ES-ES\" data-contrast=\"auto\"><span class=\"NormalTextRun SCXW238218362 BCX0\">En<\/span><\/span><strong><span class=\"TextRun SCXW238218362 BCX0\" lang=\"ES-ES\" xml:lang=\"ES-ES\" data-contrast=\"auto\"><span class=\"NormalTextRun SCXW238218362 BCX0\"> SFC-SQM Murcia<\/span><\/span><\/strong><span class=\"TextRun SCXW238218362 BCX0\" lang=\"ES-ES\" xml:lang=\"ES-ES\" data-contrast=\"auto\"><span class=\"NormalTextRun SCXW238218362 BCX0\"> han contado con el apoyo de la Consejer\u00eda de Salud, propiciando la emisi\u00f3n del corto<strong> <em>Es el progreso, est\u00fapida<\/em><\/strong> en las pantallas de las salas de espera de los hospitales y un <\/span><span class=\"NormalTextRun SCXW238218362 BCX0\">peque\u00f1o <\/span><span class=\"NormalTextRun SpellingErrorV2Themed SCXW238218362 BCX0\">Power<\/span><span class=\"NormalTextRun SCXW238218362 BCX0\"> Point explicando la sensibilidad qu\u00edmica m\u00faltiple.<\/span><\/span><span class=\"EOP SCXW238218362 BCX0\" data-ccp-props=\"{&quot;201341983&quot;:0,&quot;335559739&quot;:160,&quot;335559740&quot;:279}\">\u00a0<\/span><\/div>\n<p>[\/vc_column_text][vc_column_text css=\u00bb.vc_custom_1716549983862{margin-right: 30px !important;margin-left: 30px !important;}\u00bb]<\/p>\n<div class=\"styled-subtitle\" style=\"text-align: justify;\"><span class=\"TextRun SCXW200275489 BCX0\" lang=\"ES-ES\" xml:lang=\"ES-ES\" data-contrast=\"auto\"><span class=\"NormalTextRun SCXW200275489 BCX0\">Tambi\u00e9n se llev\u00f3 a cabo <\/span><span class=\"NormalTextRun SCXW200275489 BCX0\">una <strong>charla de t\u00f3xicos<\/strong> en el hogar en el CEA infante, ha colaborado el departamento de Salud del CEA Infante de Murcia.<\/span><\/span><span class=\"EOP SCXW200275489 BCX0\" data-ccp-props=\"{&quot;201341983&quot;:0,&quot;335559739&quot;:160,&quot;335559740&quot;:279}\">\u00a0<\/span><\/div>\n<p>[\/vc_column_text][vc_column_text css=\u00bb.vc_custom_1716550000512{margin-right: 30px !important;margin-left: 30px !important;}\u00bb]<\/p>\n<div class=\"styled-subtitle\" style=\"text-align: justify;\"><span class=\"TextRun SCXW169478418 BCX0\" lang=\"ES-ES\" xml:lang=\"ES-ES\" data-contrast=\"auto\"><span class=\"NormalTextRun SCXW169478418 BCX0\">En <strong>Yecla,<\/strong> se proyect\u00f3 el corto <span class=\"TextRun SCXW238218362 BCX0\" lang=\"ES-ES\" xml:lang=\"ES-ES\" data-contrast=\"auto\"><span class=\"NormalTextRun SCXW238218362 BCX0\"><strong><em>Es el progreso, est\u00fapida <\/em><\/strong>en las pantallas de las salas de espera de los hospitales<\/span><\/span> y tras la proyecci\u00f3n hubo <strong>un coloquio<\/strong>, <\/span><span class=\"NormalTextRun SCXW169478418 BCX0\">al <\/span><span class=\"NormalTextRun SCXW169478418 BCX0\">que asistieron la concejala delegada de Pol\u00edtica Social, <\/span><span class=\"NormalTextRun ContextualSpellingAndGrammarErrorV2Themed SCXW169478418 BCX0\">Igualdad ,<\/span><span class=\"NormalTextRun SCXW169478418 BCX0\"> Mujer y Familia, de Yecla<\/span><span class=\"NormalTextRun SCXW169478418 BCX0\">;<\/span><span class=\"NormalTextRun SCXW169478418 BCX0\"> Patricia Soriano Vidal<\/span><span class=\"NormalTextRun SCXW169478418 BCX0\">;<\/span><span class=\"NormalTextRun SCXW169478418 BCX0\"> primer <\/span><span class=\"NormalTextRun ContextualSpellingAndGrammarErrorV2Themed SCXW169478418 BCX0\">Teniente de Alcalde<\/span> <span class=\"NormalTextRun ContextualSpellingAndGrammarErrorV2Themed SCXW169478418 BCX0\">Concejal<\/span><span class=\"NormalTextRun SCXW169478418 BCX0\"> delegado de Agricultura, Agua y Sanidad de Yecla, Vicente Quiles Albert.<\/span><\/span><span class=\"EOP SCXW169478418 BCX0\" data-ccp-props=\"{&quot;201341983&quot;:0,&quot;335559739&quot;:160,&quot;335559740&quot;:279}\">\u00a0<\/span><\/div>\n<p>[\/vc_column_text][vc_column_text css=\u00bb.vc_custom_1716550019320{margin-right: 30px !important;margin-left: 30px !important;}\u00bb]<\/p>\n<div class=\"styled-subtitle\"><span class=\"TextRun SCXW25562435 BCX0\" lang=\"ES-ES\" xml:lang=\"ES-ES\" data-contrast=\"auto\"><span class=\"NormalTextRun SCXW25562435 BCX0\">Tambi\u00e9n una entrevista a una de las socias de SFC-SQM Murcia en la televisi\u00f3n, <strong>en la 7 Regi\u00f3n de Murcia<\/strong>.\u00a0<\/span><\/span><\/div>\n<p>[\/vc_column_text][vc_column_text css=\u00bb.vc_custom_1716537013349{margin-right: 30px !important;margin-left: 30px !important;}\u00bb]<\/p>\n<div class=\"styled-subtitle\"><span class=\"TextRun SCXW150992623 BCX0\" lang=\"ES-ES\" xml:lang=\"ES-ES\" data-contrast=\"auto\"><span class=\"NormalTextRun SCXW150992623 BCX0\">Adem\u00e1s, se coloc\u00f3<\/span><span class=\"NormalTextRun SCXW150992623 BCX0\"> la banderola y el <\/span><span class=\"NormalTextRun SpellingErrorV2Themed SCXW150992623 BCX0\">rollup<\/span> <span class=\"NormalTextRun SCXW150992623 BCX0\">en\u00a0el<\/span><span class=\"NormalTextRun SCXW150992623 BCX0\"> Hospital Universitario de La Arrixaca de Murcia.<\/span><\/span><span class=\"EOP SCXW150992623 BCX0\" data-ccp-props=\"{&quot;201341983&quot;:0,&quot;335559739&quot;:160,&quot;335559740&quot;:279}\">\u00a0<\/span><\/div>\n<p>[\/vc_column_text][vc_single_image image=\u00bb29626&#8243; img_size=\u00bblarge\u00bb alignment=\u00bbcenter\u00bb][vc_separator][vc_column_text css=\u00bb.vc_custom_1716549907830{margin-right: 30px !important;margin-left: 30px !important;}\u00bb]<\/p>\n<div class=\"styled-subtitle title-h3\" style=\"text-align: center;\"><span class=\"TextRun SCXW238218362 BCX0\" lang=\"ES-ES\" xml:lang=\"ES-ES\" data-contrast=\"auto\"><span class=\"NormalTextRun SCXW238218362 BCX0\"><strong><span class=\"TextRun SCXW21670870 BCX0\" lang=\"ES-ES\" xml:lang=\"ES-ES\" data-contrast=\"auto\"><span class=\"NormalTextRun SpellingErrorV2Themed SCXW21670870 BCX0\">Agrafim (Asociaci\u00f3n Granadina de Fibromialgia)<\/span><\/span><\/strong><\/span><\/span><\/div>\n<p>[\/vc_column_text][vc_column_text css=\u00bb.vc_custom_1716537193807{margin-right: 30px !important;margin-left: 30px !important;}\u00bb]<\/p>\n<div class=\"styled-subtitle\" style=\"text-align: justify;\"><span class=\"TextRun SCXW238218362 BCX0\" lang=\"ES-ES\" xml:lang=\"ES-ES\" data-contrast=\"auto\"><span class=\"NormalTextRun SCXW238218362 BCX0\"><span class=\"TextRun SCXW21670870 BCX0\" lang=\"ES-ES\" xml:lang=\"ES-ES\" data-contrast=\"auto\"><span class=\"NormalTextRun SCXW21670870 BCX0\">Desde <\/span><\/span><strong><span class=\"TextRun SCXW21670870 BCX0\" lang=\"ES-ES\" xml:lang=\"ES-ES\" data-contrast=\"auto\"><span class=\"NormalTextRun SpellingErrorV2Themed SCXW21670870 BCX0\">Agrafim<\/span><\/span><\/strong><span class=\"TextRun SCXW21670870 BCX0\" lang=\"ES-ES\" xml:lang=\"ES-ES\" data-contrast=\"auto\"><span class=\"NormalTextRun SCXW21670870 BCX0\">, <\/span><span class=\"NormalTextRun SCXW21670870 BCX0\">con motivo del 12 de mayo, llevaron a cabo diferentes iniciativas de difusi\u00f3n: <\/span><\/span><span class=\"EOP SCXW21670870 BCX0\" data-ccp-props=\"{&quot;201341983&quot;:0,&quot;335559739&quot;:160,&quot;335559740&quot;:279}\">\u00a0<\/span><\/span><\/span><\/div>\n<p>[\/vc_column_text][vc_column_text css=\u00bb.vc_custom_1716537688277{margin-right: 30px !important;margin-left: 30px !important;}\u00bb]<\/p>\n<div class=\"styled-subtitle\" style=\"text-align: justify;\"><span class=\"TextRun SCXW72439830 BCX0\" lang=\"ES-ES\" xml:lang=\"ES-ES\" data-contrast=\"auto\"><span class=\"NormalTextRun SCXW72439830 BCX0\">Lectura del MANIFIESTO: 10 DE MAYO en la localidad de Motril, Granada.<\/span><\/span><span class=\"EOP SCXW72439830 BCX0\" data-ccp-props=\"{&quot;201341983&quot;:0,&quot;335559739&quot;:160,&quot;335559740&quot;:279}\"> Puedes escucharlo <a href=\"https:\/\/granadasocial.org\/podcast\/agrafim-enfermedades-sensibilidad-central\/?amp=1\">aqu\u00ed.<\/a><\/span><\/div>\n<div><\/div>\n<div class=\"styled-subtitle\"><\/div>\n<p>[\/vc_column_text][vc_column_text css=\u00bb.vc_custom_1716537392510{margin-right: 30px !important;margin-left: 30px !important;}\u00bb]<\/p>\n<div class=\"styled-subtitle\" style=\"text-align: justify;\">Lectura de MANIFIESTO: 13 DE MAYO EN GRANADA (HOSPITAL UNIVERSITARIO VIRGEN DE LAS NIEVES)<\/div>\n<p>[\/vc_column_text][vc_single_image image=\u00bb29632&#8243; img_size=\u00bblarge\u00bb alignment=\u00bbcenter\u00bb][vc_column_text css=\u00bb.vc_custom_1716537774485{margin-right: 30px !important;margin-left: 30px !important;}\u00bb]<\/p>\n<div class=\"styled-subtitle\">Tambi\u00e9n han aparecido en <a href=\"https:\/\/granadasocial.org\/podcast\/agrafim-enfermedades-sensibilidad-central\/?amp=1\">Granada Digital y Granada Social<\/a><\/div>\n<p>&nbsp;<\/p>\n<div><\/div>\n<div class=\"styled-subtitle\"><\/div>\n<p>[\/vc_column_text][vc_separator][vc_column_text css=\u00bb.vc_custom_1716547326782{margin-right: 30px !important;margin-left: 30px !important;}\u00bb]<\/p>\n<div class=\"styled-subtitle title-h3\" style=\"text-align: center;\"><span class=\"TextRun SCXW7200353 BCX0\" lang=\"ES-ES\" xml:lang=\"ES-ES\" data-contrast=\"auto\"><span class=\"NormalTextRun SCXW7200353 BCX0\">\u00a0<b>ACOFI C\u00f3rdoba<\/b><\/span><\/span><\/div>\n<p>[\/vc_column_text][vc_column_text css=\u00bb.vc_custom_1716545841047{margin-right: 30px !important;margin-left: 30px !important;}\u00bb]<\/p>\n<div class=\"styled-subtitle\"><span class=\"TextRun SCXW7200353 BCX0\" lang=\"ES-ES\" xml:lang=\"ES-ES\" data-contrast=\"auto\"><span class=\"NormalTextRun SCXW7200353 BCX0\">Desde <b>ACOFI C\u00f3rdoba<\/b><\/span><\/span><span class=\"TextRun SCXW7200353 BCX0\" lang=\"ES-ES\" xml:lang=\"ES-ES\" data-contrast=\"auto\"><span class=\"NormalTextRun SCXW7200353 BCX0\"> han podido dar voz a los afectados de fibromialgia en C\u00f3rdoba a trav\u00e9s de este art\u00edculo publicado en el <a href=\"https:\/\/www.abc.es\/espana\/andalucia\/cordoba\/incomprendida-vida-fibromialgia-cordoba-piensan-queremos-trabajar-20240513193723-nts.html\"><strong>ABC C\u00f3rdoba: \u00abLa incomprendida vida con fibromialgia en C\u00f3rdoba: \u00abPiensan que no queremos trabajar\u00bb\u00bb<\/strong><\/a><\/span><\/span><\/div>\n<div class=\"styled-subtitle\"><\/div>\n<p>[\/vc_column_text][vc_column_text css=\u00bb.vc_custom_1716546020199{margin-right: 30px !important;margin-left: 30px !important;}\u00bb]<\/p>\n<div class=\"styled-subtitle\">Tambi\u00e9n han aparecido en <a href=\"https:\/\/www.cordobahoy.es\/articulo\/provincia\/psoe\/20240513210144157840.html\">c\u00f3rdobahoy<\/a> junto a la secretaria general del PSOE de C\u00f3rdoba y diputada, Rafi Cresp\u00edn, demandando el 13 de mayo, D\u00eda Internacional de la Fibromialgia y S\u00edndrome de Fatiga Cr\u00f3nica, \u00abm\u00e1s recursos y medios para tratar a los enfermos de estas patolog\u00edas\u00bb. La secretaria se reuni\u00f3 \u00a0junto a responsables de Acofi y otros cargos p\u00fablicos socialistas para demandar al Gobierno andaluz del PP \u00abm\u00e1s medios\u00bb para tratar a los enfermos de Fibromialgia.<\/div>\n<div class=\"styled-subtitle\"><\/div>\n<p>[\/vc_column_text][vc_column_text css=\u00bb.vc_custom_1716546096244{margin-right: 30px !important;margin-left: 30px !important;}\u00bb]<\/p>\n<div class=\"styled-subtitle\">Y en Diario C\u00f3rdoba <a href=\"https:\/\/www.diariocordoba.com\/cordoba-ciudad\/2024\/05\/13\/acofi-reclama-recursos-investigar-fibromialgia-102326428.html?utm_source=whatsapp&amp;utm_medium=social&amp;utm_campaign=btn-share\">\u00abAcofi reclama m\u00e1s recursos para investigar sobre la fibromialgia y el s\u00edndrome de fatiga cr\u00f3nica\u00bb.<\/a><\/div>\n<div class=\"styled-subtitle\"><\/div>\n<p>[\/vc_column_text][vc_separator][vc_column_text css=\u00bb.vc_custom_1716549775039{margin-right: 30px !important;margin-left: 30px !important;}\u00bb]<\/p>\n<div class=\"styled-subtitle title-h3\" style=\"text-align: center;\"><strong>CONFIBRO: Federaci\u00f3n de Murcia<\/strong><\/div>\n<p>[\/vc_column_text][vc_column_text css=\u00bb.vc_custom_1716546318197{margin-right: 30px !important;margin-left: 30px !important;}\u00bb]<\/p>\n<div class=\"styled-subtitle\">En <strong>CONFIBRO <\/strong>han presentado una moci\u00f3n para pedir al Gobierno de L\u00f3pez Miras la creaci\u00f3n de una Unidad Especializada de Fibromialgia. M\u00e1s informaci\u00f3n <a href=\"https:\/\/psoe-regiondemurcia.com\/nota\/el-psoe-exige-al-gobierno-regional-que-ponga-en-marcha-una-unidad-especializada-de-fibromialgia-tal-y-como-ya-existe-en-otras-comunidades-autonomas\">aqu\u00ed.\u00a0<\/a><\/div>\n<p>[\/vc_column_text][vc_separator][vc_column_text css=\u00bb.vc_custom_1716549805580{margin-right: 30px !important;margin-left: 30px !important;}\u00bb]<\/p>\n<div class=\"styled-subtitle title-h3\" style=\"text-align: center;\"><strong>AFIBROM Madrid<\/strong><\/div>\n<p>[\/vc_column_text][vc_column_text css=\u00bb.vc_custom_1716546801363{margin-right: 30px !important;margin-left: 30px !important;}\u00bb]<\/p>\n<div class=\"styled-subtitle\">Desde AFIBROM han surgido eco sus propuestas medi\u00e1ticas, tanto por su participaci\u00f3n en el <a href=\"https:\/\/www.rtve.es\/noticias\/20240512\/dia-fibromialgia-superando-escepticismo-abrazando-esperanza\/16085273.shtml\">telediario Rtve del d\u00eda 12 de mayo<\/a>, como la aparici\u00f3n en portada en <a href=\"https:\/\/www.telecinco.es\/noticias\/salud\/20240512\/fibromialgia-prejuicios-amigos-testimonio_18_012456041.html\">noticias salud de Telecinco<\/a>, adem\u00e1s de la aparici\u00f3n de la paciente afectada de fibromialgia <a href=\"https:\/\/www.consalud.es\/pacientes\/fibromialgia-enfermedad-100-sintomas-no-tenia-fuerzas-levantarme-cama_143690_102.html\">Luc\u00eda Mart\u00ednez Tejedo en ConSalud.es<\/a><\/div>\n<p>[\/vc_column_text][vc_column_text css=\u00bb.vc_custom_1716550074264{margin-right: 30px !important;margin-left: 30px !important;}\u00bb]<\/p>\n<div class=\"styled-subtitle\">Tambi\u00e9n llevaron a cabo el 10 de mayo las <strong>jornadas \u00abHumanizaci\u00f3n y Cronicidad: Jornadas para un Futuro Saludable\u201d.<\/strong><\/div>\n<p>[\/vc_column_text][vc_single_image image=\u00bb29652&#8243; img_size=\u00bblarge\u00bb alignment=\u00bbcenter\u00bb][vc_separator][vc_column_text css=\u00bb.vc_custom_1716549816036{margin-right: 30px !important;margin-left: 30px !important;}\u00bb]<\/p>\n<div class=\"styled-subtitle title-h2 title-h3\" style=\"text-align: center;\"><strong><span class=\"TextRun SCXW7200353 BCX0\" lang=\"ES-ES\" xml:lang=\"ES-ES\" data-contrast=\"auto\"><span class=\"NormalTextRun SCXW7200353 BCX0\">FFISCYL<\/span><\/span><\/strong><span class=\"TextRun SCXW7200353 BCX0\" lang=\"ES-ES\" xml:lang=\"ES-ES\" data-contrast=\"auto\"><strong><span class=\"NormalTextRun SCXW7200353 BCX0\"> (CASTILLA Y LE\u00d3N) y sus <\/span><\/strong><span class=\"NormalTextRun SCXW7200353 BCX0\"><strong>\u00a0entidades miembro:<\/strong>\u00a0<\/span><\/span><\/div>\n<p>[\/vc_column_text][vc_single_image image=\u00bb29667&#8243; img_size=\u00bblarge\u00bb alignment=\u00bbcenter\u00bb][vc_column_text css=\u00bb.vc_custom_1716813957109{margin-right: 30px !important;margin-left: 30px !important;}\u00bb]<\/p>\n<div class=\"styled-subtitle\"><span class=\"TextRun SCXW7200353 BCX0\" lang=\"ES-ES\" xml:lang=\"ES-ES\" data-contrast=\"auto\"><span class=\"NormalTextRun SCXW7200353 BCX0\">Desde <\/span><\/span><strong><span class=\"TextRun SCXW7200353 BCX0\" lang=\"ES-ES\" xml:lang=\"ES-ES\" data-contrast=\"auto\"><span class=\"NormalTextRun SCXW7200353 BCX0\">FFISCYL<\/span><\/span><\/strong><span class=\"TextRun SCXW7200353 BCX0\" lang=\"ES-ES\" xml:lang=\"ES-ES\" data-contrast=\"auto\"><strong><span class=\"NormalTextRun SCXW7200353 BCX0\"> y sus asociaciones<\/span><\/strong><span class=\"NormalTextRun SCXW7200353 BCX0\">\u00a0 AFACYL (PALENCIA), AFIBE (BENAVENTE), AFFIBIERZO (EL BIERZO), AFIBROSAL (SALAMANCA), AFIBUR (BURGOS), AFICROVALL (VALLADOLID), ALEFAS (LE\u00d3N), FIBROSEGOVIA (SEGOVIA) y FIBROAS (Soria) han llevado a cabo diferentes lecturas de manifiesto:\u00a0<\/span><\/span><\/div>\n<div><\/div>\n<div class=\"styled-subtitle\"><\/div>\n<div class=\"styled-subtitle\"><\/div>\n<p>[\/vc_column_text][vc_column_text css=\u00bb.vc_custom_1716882781316{margin-right: 30px !important;margin-left: 30px !important;}\u00bb]<\/p>\n<div class=\"styled-subtitle\"><strong>AFACYL (Palencia)<\/strong> el 13 mayo en la Plaza del Hospital R\u00edo Carri\u00f3n. Acompa\u00f1aron la alcadesa de Palencia M\u00edriam Andr\u00e9s, concejala de Servicios Sociales Rosario Garc\u00eda, delegado Territorial de Palencia Jos\u00e9 Antonio Rubio Mielgo, y gerente del Hospital R\u00edo Carri\u00f3n Jos\u00e9 Jol\u00edn.<\/div>\n<div><\/div>\n<div class=\"styled-subtitle\"><\/div>\n<div class=\"styled-subtitle\"><\/div>\n<p>[\/vc_column_text][vc_column_text css=\u00bb.vc_custom_1716814025989{margin-right: 30px !important;margin-left: 30px !important;}\u00bb]<\/p>\n<div class=\"styled-subtitle\"><strong>AFFI BIERZO (El Bierzo),<\/strong> el 11 mayo en la Plaza Julio Laz\u00fartegui<\/div>\n<div><\/div>\n<div class=\"styled-subtitle\"><\/div>\n<div class=\"styled-subtitle\"><\/div>\n<p>[\/vc_column_text][vc_column_text css=\u00bb.vc_custom_1716882791432{margin-right: 30px !important;margin-left: 30px !important;}\u00bb]<\/p>\n<div class=\"styled-subtitle\"><strong>AFIBROSAL (Salamanca)<\/strong>, el 11 mayo en B\u00e9jar, Convento de San Francisco<\/div>\n<div><\/div>\n<div class=\"styled-subtitle\"><\/div>\n<div class=\"styled-subtitle\"><\/div>\n<p>[\/vc_column_text][vc_column_text css=\u00bb.vc_custom_1716883227041{margin-right: 30px !important;margin-left: 30px !important;}\u00bb]<\/p>\n<div class=\"styled-subtitle\"><strong>AFIBROSAL (Salamanca)<\/strong>, el 11 mayo en B\u00e9jar, Convento de San Francisco. Tambi\u00e9n el 13 mayo en el Ayuntamiento de Salamanca. Recepci\u00f3n en el Consistorio. Acompa\u00f1aron el alcalde de Salamanca Carlos Manuel Garc\u00eda Carbayo, y la Concejala de Salud P\u00fablica Mar\u00eda de la Vega Villar.<\/div>\n<div><\/div>\n<div class=\"styled-subtitle\"><\/div>\n<div class=\"styled-subtitle\"><\/div>\n<p>[\/vc_column_text][vc_column_text css=\u00bb.vc_custom_1716814128894{margin-right: 30px !important;margin-left: 30px !important;}\u00bb]<\/p>\n<div class=\"styled-subtitle\"><strong>AFIBUR (Burgos)<\/strong>, el 12 mayo en Plaza Mayor de Burgos<\/div>\n<div><\/div>\n<div class=\"styled-subtitle\"><\/div>\n<div class=\"styled-subtitle\"><\/div>\n<p>[\/vc_column_text][vc_column_text css=\u00bb.vc_custom_1716814161044{margin-right: 30px !important;margin-left: 30px !important;}\u00bb]<\/p>\n<div class=\"styled-subtitle\"><strong>AFICROVALL (Valladolid)<\/strong>, el 12 mayo en Plaza del Ayuntamiento<\/div>\n<div><\/div>\n<div class=\"styled-subtitle\"><\/div>\n<div class=\"styled-subtitle\"><\/div>\n<p>[\/vc_column_text][vc_column_text css=\u00bb.vc_custom_1716814191420{margin-right: 30px !important;margin-left: 30px !important;}\u00bb]<\/p>\n<div class=\"styled-subtitle\"><strong>ALEFAS (Le\u00f3n)<\/strong>, el 10 mayo en Plaza Botines. Acompa\u00f1an el alcalde de Le\u00f3n Jos\u00e9 Antonio Diez, y la concejala de Bienestar Social, Vera L\u00f3pez.<\/div>\n<div><\/div>\n<div class=\"styled-subtitle\"><\/div>\n<div class=\"styled-subtitle\"><\/div>\n<p>[\/vc_column_text][vc_column_text css=\u00bb.vc_custom_1716814216932{margin-right: 30px !important;margin-left: 30px !important;}\u00bb]<\/p>\n<div class=\"styled-subtitle\"><strong>FIBROAS (Soria), el 11 mayo<\/strong> en la\u00a0 Plaza Mayor. Recorrido por las calles.<\/div>\n<div><\/div>\n<div class=\"styled-subtitle\"><\/div>\n<div class=\"styled-subtitle\"><\/div>\n<p>[\/vc_column_text][vc_column_text css=\u00bb.vc_custom_1716814241212{margin-right: 30px !important;margin-left: 30px !important;}\u00bb]<\/p>\n<div class=\"styled-subtitle\"><strong>FIBROSEGOVIA (Segovia)<\/strong>, el 12 mayo en\u00a0 Plaza Mayor<\/div>\n<div><\/div>\n<div class=\"styled-subtitle\"><\/div>\n<div class=\"styled-subtitle\"><\/div>\n<p>[\/vc_column_text][vc_column_text css=\u00bb.vc_custom_1716882869237{margin-right: 30px !important;margin-left: 30px !important;}\u00bb]<\/p>\n<div class=\"styled-subtitle\">Adem\u00e1s, han obtenido mucha repercusi\u00f3n en prensa. A continuaci\u00f3n se presentan los enlaces a las noticias publicadas sobre las actividades de las diferentes asociaciones organizadas durante la Semana del 12 de mayo:<\/div>\n<div><\/div>\n<div class=\"styled-subtitle\"><\/div>\n<div class=\"styled-subtitle\"><\/div>\n<p>[\/vc_column_text][vc_column_text css=\u00bb.vc_custom_1716882909420{margin-right: 30px !important;margin-left: 30px !important;}\u00bb]<\/p>\n<div class=\"styled-subtitle\"><strong>AFACYL (Palencia)<\/strong><\/div>\n<div class=\"styled-subtitle\">\n<ul>\n<li><a href=\"https:\/\/www.elnortedecastilla.es\/palencia\/nombre-mujer-veces-comun hombres 20240515100201nt.html?fbclid=IwZXh0bgNhZW0CMTEAAR2dGTO93iv6zH Y00ZscLt8JI_d46aVKjxUoQFipWITu3N Q_G7zIgaCjpE_aem_AQ3OB3efNGugCRTjpC5ramX34poue131Q1XCXzEsL 6tPjP8n5rXV5vIeO6iNgJ28xt8QfSFTNbxguS8wsTVieko#vca=fixed btn&amp;vso=rrss&amp;vmc=fb&amp;vli=palencia\">El Norte de Castilla<\/a><\/li>\n<li><a href=\"https:\/\/fonoteca.radiocolores.es\/2024\/Sentirnos%20vivos\/m.play\/Fibromi algia%20Pilar%20Fdez.html?fbclid=IwZXh0bgNhZW0CMTAAAR1F4gluux0y 7BeUI4ZO48HleN7iZv1nEp_7ScJT epC4LQSMdfBxmT2jQE_aem_AQ3axO1FKlrMff1WD7KwXQqZked OiAexxA_L9gJgPeH_zOvd_6wkosKw5LhQSDSJUvGDsIPz3kfkMJbpHwR888J\">Radio colores\u00a0<\/a><\/li>\n<li><a href=\"https:\/\/www.elnortedecastilla.es\/palencia\/pacientes-fibromialgia reclaman-pautas-tratamientos-comprension-20240515100216 nt.html?fbclid=IwZXh0bgNhZW0CMTEAAR1OHYPF09KLHLr1A_0lHR8zu9Ta WHMWZe0rR2OUjqJSugzNfSH44AvW_2M_aem_AQ3IQpjycjrbL84Yy_LwCr R6cc3JAscRAwc7CGQhhAlLEES51Eixg5bBJzc1gdcyMNh9mWXSmyEAQ0GH u_NALmE9#vca=fixed-btn&amp;vso=rrss&amp;vmc=fb&amp;vli=palencia\">El Norte de Castilla\u00a0<\/a><\/li>\n<\/ul>\n<\/div>\n<div class=\"styled-subtitle\"><strong>AFIBE (Benavente)<\/strong><\/div>\n<div class=\"styled-subtitle\">\n<ul>\n<li><a href=\"https:\/\/interbenavente.es\/art\/56950\/afibe-celebra-este-sabado-su-gala benefica-en-el-teatro-reina sofia?fbclid=IwZXh0bgNhZW0CMTEAAR1davmMkkoRvi UdAM8GZpKKxy78J1qLvXLmyLvtP-ibzvEtv5t 1pY0Mc_aem_AQ2kv9vqOXAcgAbN9MK_2xZz4j9Sj0HafNMODINcyyvWB4u xAmOSLMkf1sZnWCgD_4Q8yh2k1oL6LWATvCcUVcf9\">Interbenavente<\/a><\/li>\n<li><a href=\"https:\/\/www.benaventedigital.es\/actividades-solidarias-afibe-semana-de la fibromialgia\/?fbclid=IwZXh0bgNhZW0CMTEAAR3CLEf0FpBLf5RKW8OFI7rdl 2B6CPTGKP1QVLt3acTJqM1LTH_ZaNyNYC8_aem_AQ0ai7jPvzjfWxygKvHtz Wu66izXhUxVgmb39XPyynojAydKjYCMH8WGWt3J1nr3SbkXr0KMxYu7vp6c e9-excUF\">Benaventedigital<\/a><\/li>\n<li>T<a href=\"https:\/\/www.benaventedigital.es\/actividades-solidarias-afibe-semana-de la fibromialgia\/?_thumbnail_id=105544&amp;fbclid=IwZXh0bgNhZW0CMTAAAR3 Wou2HqQbTfLVqar25GWwyCIGeamiyNU9fikNO7Qitl9So0pYuoHojU50_aem _AQ3LFYas_6xpJcCDEu9t_qk6hGHCO602uKHI4rcY8EN0EBr9AvkqAxMmKR 0MJph-ClUn4KDxi6K5PDl5g4dgN8Lb\">elevisi\u00f3n Benavente<\/a><\/li>\n<li><a href=\"https:\/\/www.facebook.com\/fibrobenavente\/videos\/279751721880583?loc ale=es_ES\">TV8 Zamora<\/a><\/li>\n<\/ul>\n<\/div>\n<div class=\"styled-subtitle\"><strong>AFFIBIERZO (El Bierzo)<\/strong><\/div>\n<div class=\"styled-subtitle\">\n<ul>\n<li><a href=\"https:\/\/www.youtube.com\/watch?v=TMG-GEXfFow\">TV8 Ponferrada<\/a><\/li>\n<\/ul>\n<\/div>\n<div class=\"styled-subtitle\"><strong>AFIBROSAL (Salamanca)<\/strong><\/div>\n<div class=\"styled-subtitle\">\n<ul>\n<li><a href=\"https:\/\/salamancartvaldia.es\/noticia\/2024-05-12-comida-de-fraternidad de-afibrosal 346719?fbclid=IwZXh0bgNhZW0CMTEAAR02RK7U9gZqrnQJ5ncEkHINC_b 7pJkNMzL0rpxZBb5Thhd32RlruiF8x4U_aem_AdJAGp0CCuBf7NrnEik3dszvT pQUOZzvOONbLpeFn7yQoh9TXGhhLpHpw5cup_jaFncRlTA_IOxOGGtDHHj MkeQ\">Salamanca RTV al D\u00eda<\/a><\/li>\n<\/ul>\n<\/div>\n<div class=\"styled-subtitle\"><strong>AFIBUR (Burgos)<\/strong><\/div>\n<div class=\"styled-subtitle\">\n<ul>\n<li><a href=\"https:\/\/www.cyltv.es\/videoSH\/8402f595-25dd-46a5-bb9f 7ca6f96a040d\/Fibromialgia-la-enfermedad-invisible-que-afecta-a-3000 personas-en-Burgos\">CyLTV<\/a><\/li>\n<li><a href=\"https:\/\/www.diariodeburgos.es\/noticia\/zce6eaf68-afe2-8b6d 7cce4cc6088ad445\/202405\/el-reto-sin-pausa-por-la-fibromialgia\">Diario de Burgos<\/a><\/li>\n<li><a href=\"https:\/\/ladeburgos.com\/burgos\/2024\/05\/09\/mas-investigacion-para avanzar-en-diagnosticos-y-tratamientos-de-la fibromialgia\/?fbclid=IwZXh0bgNhZW0CMTAAAR1ZH1988gy3V5jd6QSYtHik a0ypi3jwO3dorY4rdpzKtOJe07DdAJFAhWY_aem_AQ1llhWz3BP5OB_h9gQaj ZFB_qAYLiJ6jqqUDRimoWNp4YKPONIEQzAzxiqH3FN qBH5gyZnr3mL80V78v-DEYU3\">La de Burgos<\/a><\/li>\n<li><a href=\"https:\/\/www.burgosconecta.es\/burgos\/ayuntamiento\/asociacion burgalesa-fibromialgia-reclama-investigacion-mejores-tratamientos 20240509134945 nt_amp.html?fbclid=IwZXh0bgNhZW0CMTAAAR0XTmFbFjHcPQbKCqq7mL K3ViNJZP3C58d5Uv9hQ7THvgNGKvHD_Notta8_aem_AQ2rZZV UZFp3nglL31miM5y2zdTenFLb4u8DRSEJ3gne750uICGoyy5QMNF_q9zvmgL T8J45lGATPQWxUuEJtFc#amp_tf=De%20%251%24s&amp;aoh=17152883596 126&amp;referrer=https%3A%2F%2Fwww.google.com\">Burgos Conecta<\/a><\/li>\n<li><a href=\"https:\/\/www.canal54.es\/burgos-se-suma-al-dia-internacional-de-la fibromialgia-y-el-sindrome-de-fatiga cronica\/?fbclid=IwZXh0bgNhZW0CMTAAAR1ziT_lKimSnXKArRw4JM59m2iA GyyJMyMBHQCyXqqz1_s4LtJQBkJ37pw_aem_AQ0_sKDYF76kX_fu9khvVxt V9QVx3mPk18poCLIAZbQwluQJX2D_LMU6J9eOXDmfneIz0h iESQU9axkho0glJjx\">Canal 54<\/a><\/li>\n<li><a href=\"https:\/\/www.elcorreodeburgos.com\/burgos\/240508\/193992\/60-horas vuelta-burgos-btt-visibilizar fibromialgia.html?fbclid=IwZXh0bgNhZW0CMTEAAR2J oAfYduMYSPXI_jvhEAPgPflVlGRkeooQHubgVpLEskH yOC693pWnI_aem_AdIyEQigvfYF6 I2HJTOjPiluJWOAXPUBYpkOTlfjEE_CHHLizRwpCpD_n8ahVWzPS3RBQE_oLd NTiLR8n45ziQZ\">El correo de Burgos<\/a><\/li>\n<\/ul>\n<\/div>\n<div class=\"styled-subtitle\"><strong>AFICROVALL (Valladolid)<\/strong><\/div>\n<div class=\"styled-subtitle\">\n<ul>\n<li><a href=\"https:\/\/www.cope.es\/emisoras\/castilla-y-leon\/valladolid-provincia\/valladolid\/noticias\/cara-mas-desconocida-fibromialgia-diagnostico-los-hombres-20240513_3293886?fbclid=IwZXh0bgNhZW0CMTEAAR1B-lvjScUAB6qgv5472cqJzQ_9-1QDH21SczOKoz-haIA_2rfoxdXW0pA_aem_AQ28k-1ZQpdVbzKaaaCyjarJUAQaCQeWzYBBjQDJbV1yrwLw6IOBHed9MAhmvgL3yZjfAbi2lO6bf4vKFOksxE6Z\">COPE<\/a><\/li>\n<li><a href=\"https:\/\/www.cope.es\/emisoras\/castilla-y-leon\/valladolid provincia\/valladolid\/audios\/mediodia-cope-castilla-leon-13-05-2024-1448 20240513_2550414?fbclid=IwZXh0bgNhZW0CMTEAAR3yNLg2dcbkPuwm MjiCv8Q9kzq15fW1WXB7JIs6C3Nmj6C1QVf1SIQmZpk_aem_AdLzw2SGJor qc a51GKKlPr7JtSEnWkkQSZz3Ipjw1aU052ILJ8DqEqP5LiQ6VrK_ETgSINkvBG WUskCDm-vmeuO\">COPE<\/a><\/li>\n<\/ul>\n<\/div>\n<div class=\"styled-subtitle\"><strong>ALEFAS (LE\u00d3N)<\/strong><\/div>\n<div class=\"styled-subtitle\">\n<ul>\n<li><a href=\"https:\/\/www.diariodeleon.es\/sociedad\/240510\/1534526\/reumatologia me-dijeron-dolores-me provocaba.html?fbclid=IwZXh0bgNhZW0CMTEAAR2ZWDZvZMqohUuczFj2j KyQZ6gyLyuw_uoT_rUvDTmhCA5IrHGUIuyjMYA_aem_AdLfAHIM u45FwWibHLzzuJ5U3VuAmyu5LuP3Q_8F7BwSsyteEi2gtjefLF6i2fLGbP4g3l_ 5FmgjHv1MAJM_Zup\">Diario de Le\u00f3n<\/a><\/li>\n<li><a href=\"https:\/\/www.diariodeleon.es\/sociedad\/240511\/1535293\/fibromialgia-visibiliza-leon.html\">Diario de Le\u00f3n<\/a><\/li>\n<\/ul>\n<\/div>\n<div class=\"styled-subtitle\"><strong>FIBROAS (Soria)<\/strong><\/div>\n<div class=\"styled-subtitle\">\n<ul>\n<li><a href=\"https:\/\/www.heraldodiariodesoria.es\/soria\/240511\/163034\/fibroas-recorre-calles-gaiteros-visibilizar-enfermedad-fotos.html?fbclid=IwZXh0bgNhZW0CMTEAAR1VvQ3HifioJ-a1S1mCPRFMXV6YFnhg1tSUOr-NdvzM9TB9-3bwsTXjiVY_aem_AdLs1PuwlVRu1PXiVsj9NDtUK_0DK_SqFXKS3CzZYq7BuSqymZdYVDOGatDU4lQcv2okiz-gnExfjXzv1Qny9UNI#foto6\">Heraldo Diario de Soria<\/a><\/li>\n<li><a href=\"https:\/\/www.heraldodiariodesoria.es\/soria\/240510\/162826\/fibroas-cifra 1-500-sorianos-fibromialgia.html\">Heraldo Diario de Soria<\/a><\/li>\n<\/ul>\n<\/div>\n<div class=\"styled-subtitle\"><strong>FIBROSEGOVIA (Segovia)<\/strong><\/div>\n<ul>\n<li>\n<div class=\"styled-subtitle\"><a href=\"https:\/\/cadenaser.com\/castillayleon\/2024\/05\/12\/fibrosegovia-reivindica una-atencion-especializada-como-existe-en-otras-provincias-de-castilla-y leon-radio-segovia\/\">Cadena Ser<\/a><\/div>\n<\/li>\n<li>\n<div class=\"styled-subtitle\"><a href=\"https:\/\/www.youtube.com\/watch?v=dH5zwYgw8sY\">Vive Segovia Radio\u00a0<\/a><\/div>\n<\/li>\n<li>\n<div class=\"styled-subtitle\"><a href=\"https:\/\/www.eladelantado.com\/segovia\/magia-y-bailes-para-dar-a-conocer-la-fibromialgia-por-el-dia-mundial\/?fbclid=IwZXh0bgNhZW0CMTEAAR1ggy4XKkUVmsia_fBLYodeFGX6p42FfZ8hNQsL5Wnnrc5gcf-tVYozSRA_aem_AdI859GxftGCBjnXKjhBGQN2N392MYnOLGZz0ZgmBxRYOab7_N9OskrkTA2yc0ZFKILSPsJOQh3bBj6O5VBWkENj\">El Adelantado de Segovia<\/a><\/div>\n<\/li>\n<\/ul>\n<p>[\/vc_column_text][vc_column_text css=\u00bb.vc_custom_1716814849114{margin-right: 30px !important;margin-left: 30px !important;}\u00bb]<\/p>\n<div class=\"styled-subtitle\">Estos son los documentos que han elaborado desde FFISCYL recogiendo la repercusi\u00f3n de la lectura de manifiesto y su eco en la prensa:<\/div>\n<div><\/div>\n<div class=\"styled-subtitle\"><\/div>\n<div class=\"styled-subtitle\"><\/div>\n<p>[\/vc_column_text][\/vc_column][\/vc_row][vc_row][vc_column width=\u00bb1\/2&#8243;][vc_single_image image=\u00bb29637&#8243; img_size=\u00bbmedium\u00bb alignment=\u00bbcenter\u00bb onclick=\u00bbcustom_link\u00bb img_link_target=\u00bb_blank\u00bb link=\u00bbhttps:\/\/confesq.org\/wp-content\/uploads\/2024\/05\/FFISCYL.-Manifiesto-12-mayo-2024.pdf\u00bb][\/vc_column][vc_column width=\u00bb1\/2&#8243;][vc_single_image image=\u00bb29638&#8243; img_size=\u00bbmedium\u00bb alignment=\u00bbcenter\u00bb onclick=\u00bbcustom_link\u00bb img_link_target=\u00bb_blank\u00bb link=\u00bbhttps:\/\/confesq.org\/wp-content\/uploads\/2024\/05\/FFISCYL.-Repercusion-prensa-12-Mayo.docx.pdf\u00bb][\/vc_column][\/vc_row][vc_row][vc_column][vc_separator][vc_column_text]<\/p>\n<div class=\"styled-subtitle title-h3\" style=\"text-align: center;\"><strong>AFIVAN (Asociaci\u00f3n de Fibromialgia Valencia Norte)<\/strong><\/div>\n<p>[\/vc_column_text][vc_column_text]<\/p>\n<div class=\"styled-subtitle\">En <strong>AFIVAN<\/strong>, Asociaci\u00f3n federada a FEDAFI, han realizado la lectura del manifiesto que <a href=\"https:\/\/www.facebook.com\/permalink.php?story_fbid=pfbid02DRPDtZ6MsfmVn6oxJmdLNo8i47mEdUHu9mArjGWpfzm99mtwXxiwLPr7rt6NPPksl&amp;id=100064278812968\">ha compartido la Confederaci\u00f3n<\/a>.<\/div>\n<p>[\/vc_column_text][vc_separator][vc_column_text]<\/p>\n<div class=\"styled-subtitle title-h3\" style=\"text-align: center;\"><strong>AFICHI, Chiclana (c\u00e1diz)<\/strong><\/div>\n<p>[\/vc_column_text][vc_column_text]<\/p>\n<div class=\"styled-subtitle\">En <strong><strong>AFICHI\u00a0<\/strong><\/strong>el jueves 9 de mayo se realiz\u00f3 una entrevista a la presidenta, Antonia Loaiza , desde Radio Chiclana. Tambi\u00e9n ley\u00f3 el manifiesto por el D\u00cdA MUNDIAL DE LA FM, EM\/SFC, SQM Y EHS.<\/div>\n<div class=\"styled-subtitle\">\n<p>&nbsp;<\/p>\n<p>&nbsp;<\/p>\n<\/div>\n<p>[\/vc_column_text][vc_single_image image=\u00bb29650&#8243; img_size=\u00bblarge\u00bb alignment=\u00bbcenter\u00bb][vc_separator][vc_column_text]<\/p>\n<div class=\"styled-subtitle title-h3\" style=\"text-align: center;\"><strong>FEXAF (Federaci\u00f3n Extreme\u00f1a de Asociaciones)<\/strong><\/div>\n<p>[\/vc_column_text][vc_column_text]<\/p>\n<div class=\"styled-subtitle\">Desde <strong>FEXAF <\/strong>y tras su difusi\u00f3n de la nota de prensa se han hecho eco varios medios digitales, entre ellos <a href=\"https:\/\/jerezdeloscaballeros.hoy.es\/confesq-demanda-mejoras-atencion-sanitaria-graves-invisibles-20240523220731-nt.html?fbclid=IwZXh0bgNhZW0CMTEAAR3HDcPEVT16d53jbV-P8O9thR820CkQgsqKiqYLC2kl6aOxhPqlem7sBzs_aem_AZ3LYBXsycu6Z8VqPXrsxaYi6qs0ms093DXODptKUUYKIqm4e_o_DwdDapbtVjjkkFtxpAH_iv4UQayBKzd5YEeC\">HOY Jerez de los Caballeros\u00a0 <\/a>y en Canal Extremadura. Tambi\u00e9n han hecho un trabajo de difusi\u00f3n en la calle vendiendo pegatinas, camisetas y otros dise\u00f1os elaborados por el 12 de mayo.<\/div>\n<p>[\/vc_column_text][vc_single_image image=\u00bb29662&#8243; img_size=\u00bblarge\u00bb alignment=\u00bbcenter\u00bb][vc_separator][vc_column_text]<\/p>\n<div class=\"styled-subtitle title-h1 title-h3\" style=\"text-align: center;\"><strong>CONFESQ<\/strong><\/div>\n<p>[\/vc_column_text][vc_column_text]<\/p>\n<div class=\"styled-subtitle\">Desde <strong>CONFESQ <\/strong>hemos llevado a cabo diferentes iniciativas, entre ellas, cuatro <strong>webinars y la carrera virtual<\/strong>, ya realizada durante los pasados a\u00f1os. Tambi\u00e9n hemos difundido una nota de prensa, demandando a trav\u00e9s de ella mejoras en la atenci\u00f3n sanitaria de las graves e invisibles enfermedades que representamos.<\/div>\n<p>[\/vc_column_text][vc_column_text]<\/p>\n<div class=\"styled-subtitle\"><span class=\"TextRun SCXW1782694 BCX0\" lang=\"ES-ES\" xml:lang=\"ES-ES\" data-contrast=\"auto\"><span class=\"NormalTextRun SCXW1782694 BCX0\">La nota de prensa ha obtenido unos resultados destacables:\u00a0 un total de\u00a022.604\u00a0impactos, una audiencia estimada de\u00a0<\/span><\/span><span class=\"TextRun SCXW1782694 BCX0\" lang=\"ES-ES\" xml:lang=\"ES-ES\" data-contrast=\"auto\"><span class=\"NormalTextRun SCXW1782694 BCX0\">20.308<\/span><\/span><span class=\"TextRun SCXW1782694 BCX0\" lang=\"ES-ES\" xml:lang=\"ES-ES\" data-contrast=\"auto\"><span class=\"NormalTextRun SCXW1782694 BCX0\">\u00a0y una repercusi\u00f3n total de\u00a0<\/span><\/span><span class=\"TextRun SCXW1782694 BCX0\" lang=\"ES-ES\" xml:lang=\"ES-ES\" data-contrast=\"auto\"><span class=\"NormalTextRun SCXW1782694 BCX0\">42,912 <\/span><span class=\"NormalTextRun SpellingErrorV2Themed SCXW1782694 BCX0\">usarios<\/span><\/span><span class=\"TextRun SCXW1782694 BCX0\" lang=\"ES-ES\" xml:lang=\"ES-ES\" data-contrast=\"auto\"><span class=\"NormalTextRun SCXW1782694 BCX0\">\u00a0usuarios.<\/span><span class=\"NormalTextRun SCXW1782694 BCX0\">\u00a0 <a href=\"https:\/\/confesq.org\/wp-content\/uploads\/2024\/05\/iNFORME-REPERCUSION-NOTA-DE-PRENSA_compressed.pdf\">Este es el informe de repercusi\u00f3n.<\/a><\/span><\/span><span class=\"EOP SCXW1782694 BCX0\" data-ccp-props=\"{&quot;201341983&quot;:0,&quot;335559739&quot;:160,&quot;335559740&quot;:279}\">\u00a0<\/span><\/div>\n<p>[\/vc_column_text][vc_column_text css=\u00bb.vc_custom_1716538478726{margin-right: 30px !important;margin-left: 30px !important;}\u00bb]<\/p>\n<div class=\"styled-subtitle\"><span data-contrast=\"auto\">Alguno de los medios en los que ha aparecido son los siguientes:<\/span><span data-ccp-props=\"{&quot;201341983&quot;:0,&quot;335559739&quot;:160,&quot;335559740&quot;:279}\">\u00a0<\/span><\/div>\n<div class=\"styled-subtitle\">\n<ul>\n<li data-leveltext=\"\uf0b7\" data-font=\"Symbol\" data-listid=\"1\" data-list-defn-props=\"{&quot;335552541&quot;:1,&quot;335559683&quot;:0,&quot;335559684&quot;:-2,&quot;335559685&quot;:720,&quot;335559991&quot;:360,&quot;469769226&quot;:&quot;Symbol&quot;,&quot;469769242&quot;:[8226],&quot;469777803&quot;:&quot;left&quot;,&quot;469777804&quot;:&quot;\uf0b7&quot;,&quot;469777815&quot;:&quot;hybridMultilevel&quot;}\" aria-setsize=\"-1\" data-aria-posinset=\"1\" data-aria-level=\"1\"><a href=\"https:\/\/www.elconfidencialdigital.com\/articulo\/comunicados\/confesq-demanda-mejoras-atencion-sanitaria-graves-invisibles-enfermedades-que-representa\/20240516084221780051.html\"><span data-contrast=\"none\">ECD Confidencial Digital <\/span><\/a><span data-contrast=\"none\">\u00a0<\/span><span data-ccp-props=\"{&quot;201341983&quot;:0,&quot;335551550&quot;:6,&quot;335551620&quot;:6,&quot;335559738&quot;:300,&quot;335559739&quot;:300,&quot;335559740&quot;:420,&quot;335572071&quot;:0,&quot;335572072&quot;:0,&quot;335572073&quot;:14935011,&quot;335572075&quot;:0,&quot;335572076&quot;:0,&quot;335572077&quot;:14935011,&quot;335572079&quot;:0,&quot;335572080&quot;:0,&quot;335572081&quot;:14935011,&quot;335572083&quot;:0,&quot;335572084&quot;:0,&quot;335572085&quot;:14935011,&quot;335572087&quot;:0,&quot;335572088&quot;:0,&quot;335572089&quot;:14935011,&quot;469789798&quot;:&quot;none&quot;,&quot;469789802&quot;:&quot;none&quot;,&quot;469789806&quot;:&quot;none&quot;,&quot;469789810&quot;:&quot;none&quot;,&quot;469789814&quot;:&quot;none&quot;}\">\u00a0<\/span><\/li>\n<li data-leveltext=\"\uf0b7\" data-font=\"Symbol\" data-listid=\"1\" data-list-defn-props=\"{&quot;335552541&quot;:1,&quot;335559683&quot;:0,&quot;335559684&quot;:-2,&quot;335559685&quot;:720,&quot;335559991&quot;:360,&quot;469769226&quot;:&quot;Symbol&quot;,&quot;469769242&quot;:[8226],&quot;469777803&quot;:&quot;left&quot;,&quot;469777804&quot;:&quot;\uf0b7&quot;,&quot;469777815&quot;:&quot;hybridMultilevel&quot;}\" aria-setsize=\"-1\" data-aria-posinset=\"2\" data-aria-level=\"1\"><a href=\"https:\/\/www.murcia.com\/empresas\/noticias\/2024\/05\/16-confesq-demanda-mejoras-en-la-atencion-sanitaria-de-las-graves-e-invisibles-enfermedades-que-represe.asp\"><span data-contrast=\"none\">Murcia.com<\/span><\/a><span data-ccp-props=\"{&quot;201341983&quot;:0,&quot;335551550&quot;:6,&quot;335551620&quot;:6,&quot;335559738&quot;:300,&quot;335559739&quot;:300,&quot;335559740&quot;:420,&quot;335572071&quot;:0,&quot;335572072&quot;:0,&quot;335572073&quot;:14935011,&quot;335572075&quot;:0,&quot;335572076&quot;:0,&quot;335572077&quot;:14935011,&quot;335572079&quot;:0,&quot;335572080&quot;:0,&quot;335572081&quot;:14935011,&quot;335572083&quot;:0,&quot;335572084&quot;:0,&quot;335572085&quot;:14935011,&quot;335572087&quot;:0,&quot;335572088&quot;:0,&quot;335572089&quot;:14935011,&quot;469789798&quot;:&quot;none&quot;,&quot;469789802&quot;:&quot;none&quot;,&quot;469789806&quot;:&quot;none&quot;,&quot;469789810&quot;:&quot;none&quot;,&quot;469789814&quot;:&quot;none&quot;}\">\u00a0<\/span><\/li>\n<li data-leveltext=\"\uf0b7\" data-font=\"Symbol\" data-listid=\"1\" data-list-defn-props=\"{&quot;335552541&quot;:1,&quot;335559683&quot;:0,&quot;335559684&quot;:-2,&quot;335559685&quot;:720,&quot;335559991&quot;:360,&quot;469769226&quot;:&quot;Symbol&quot;,&quot;469769242&quot;:[8226],&quot;469777803&quot;:&quot;left&quot;,&quot;469777804&quot;:&quot;\uf0b7&quot;,&quot;469777815&quot;:&quot;hybridMultilevel&quot;}\" aria-setsize=\"-1\" data-aria-posinset=\"3\" data-aria-level=\"1\"><a href=\"https:\/\/www.diariosigloxxi.com\/texto-diario\/mostrar\/4833928\/confesq-demanda-mejoras-atencion-sanitaria-graves-e-invisibles-enfermedades-representa\"><span data-contrast=\"none\">DIARIO SIGLO XXI<\/span><\/a><span data-ccp-props=\"{&quot;134233117&quot;:false,&quot;134233118&quot;:false,&quot;201341983&quot;:0,&quot;335551550&quot;:6,&quot;335551620&quot;:6,&quot;335559685&quot;:720,&quot;335559737&quot;:0,&quot;335559738&quot;:300,&quot;335559739&quot;:300,&quot;335559740&quot;:420,&quot;335559991&quot;:360,&quot;335572072&quot;:0,&quot;335572073&quot;:14935011,&quot;335572076&quot;:0,&quot;335572077&quot;:14935011,&quot;335572080&quot;:0,&quot;335572081&quot;:14935011,&quot;335572084&quot;:0,&quot;335572085&quot;:14935011,&quot;335572088&quot;:0,&quot;335572089&quot;:14935011,&quot;469789798&quot;:&quot;none&quot;,&quot;469789802&quot;:&quot;none&quot;,&quot;469789806&quot;:&quot;none&quot;,&quot;469789810&quot;:&quot;none&quot;,&quot;469789814&quot;:&quot;none&quot;}\">\u00a0<\/span><\/li>\n<li data-leveltext=\"\uf0b7\" data-font=\"Symbol\" data-listid=\"1\" data-list-defn-props=\"{&quot;335552541&quot;:1,&quot;335559683&quot;:0,&quot;335559684&quot;:-2,&quot;335559685&quot;:720,&quot;335559991&quot;:360,&quot;469769226&quot;:&quot;Symbol&quot;,&quot;469769242&quot;:[8226],&quot;469777803&quot;:&quot;left&quot;,&quot;469777804&quot;:&quot;\uf0b7&quot;,&quot;469777815&quot;:&quot;hybridMultilevel&quot;}\" aria-setsize=\"-1\" data-aria-posinset=\"4\" data-aria-level=\"1\"><a href=\"https:\/\/www.elboletin.com\/notas-de-empresa\/?notaid=confesq-demanda-mejoras-en-la-atencion&amp;sid=comunicae\"><span data-contrast=\"none\">El Bolet\u00edn<\/span><\/a><span data-ccp-props=\"{&quot;134233117&quot;:false,&quot;134233118&quot;:false,&quot;201341983&quot;:0,&quot;335551550&quot;:0,&quot;335551620&quot;:0,&quot;335557856&quot;:16777215,&quot;335559738&quot;:0,&quot;335559739&quot;:0,&quot;335559740&quot;:279}\">\u00a0<\/span><\/li>\n<li data-leveltext=\"\uf0b7\" data-font=\"Symbol\" data-listid=\"1\" data-list-defn-props=\"{&quot;335552541&quot;:1,&quot;335559683&quot;:0,&quot;335559684&quot;:-2,&quot;335559685&quot;:720,&quot;335559991&quot;:360,&quot;469769226&quot;:&quot;Symbol&quot;,&quot;469769242&quot;:[8226],&quot;469777803&quot;:&quot;left&quot;,&quot;469777804&quot;:&quot;\uf0b7&quot;,&quot;469777815&quot;:&quot;hybridMultilevel&quot;}\" aria-setsize=\"-1\" data-aria-posinset=\"5\" data-aria-level=\"1\"><a href=\"https:\/\/bilbao24horas.com\/confesq-demanda-mejoras-en-la-atencion-sanitaria-de-las-graves-e-invisibles-enfermedades-que-representa\/\"><span data-contrast=\"none\">Bilbao24horas<\/span><\/a><span data-ccp-props=\"{&quot;134233117&quot;:false,&quot;134233118&quot;:false,&quot;201341983&quot;:0,&quot;335551550&quot;:1,&quot;335551620&quot;:1,&quot;335557856&quot;:16777215,&quot;335559685&quot;:720,&quot;335559737&quot;:0,&quot;335559738&quot;:0,&quot;335559739&quot;:0,&quot;335559740&quot;:279,&quot;335559991&quot;:360}\">\u00a0<\/span><\/li>\n<li data-leveltext=\"\uf0b7\" data-font=\"Symbol\" data-listid=\"1\" data-list-defn-props=\"{&quot;335552541&quot;:1,&quot;335559683&quot;:0,&quot;335559684&quot;:-2,&quot;335559685&quot;:720,&quot;335559991&quot;:360,&quot;469769226&quot;:&quot;Symbol&quot;,&quot;469769242&quot;:[8226],&quot;469777803&quot;:&quot;left&quot;,&quot;469777804&quot;:&quot;\uf0b7&quot;,&quot;469777815&quot;:&quot;hybridMultilevel&quot;}\" aria-setsize=\"-1\" data-aria-posinset=\"6\" data-aria-level=\"1\"><a href=\"https:\/\/comunicae.es\/notas-de-prensa\/confesq-demanda-mejoras-en-la-atencion\"><span data-contrast=\"none\">Comunicae\u2026<\/span><\/a><span data-ccp-props=\"{&quot;134233117&quot;:false,&quot;134233118&quot;:false,&quot;201341983&quot;:0,&quot;335551550&quot;:0,&quot;335551620&quot;:0,&quot;335557856&quot;:16777215,&quot;335559738&quot;:0,&quot;335559739&quot;:0,&quot;335559740&quot;:279}\">\u00a0<\/span><\/li>\n<\/ul>\n<\/div>\n<div class=\"styled-subtitle\"><span data-ccp-props=\"{&quot;134233117&quot;:false,&quot;134233118&quot;:false,&quot;201341983&quot;:0,&quot;335551550&quot;:0,&quot;335551620&quot;:0,&quot;335557856&quot;:16777215,&quot;335559738&quot;:0,&quot;335559739&quot;:0,&quot;335559740&quot;:279}\">\u00a0<\/span><\/div>\n<p>[\/vc_column_text][vc_column_text css=\u00bb.vc_custom_1716549385775{margin-right: 30px !important;margin-left: 30px !important;}\u00bb]<\/p>\n<div class=\"styled-subtitle\" style=\"text-align: justify;\">\n<p><span data-contrast=\"auto\">Adem\u00e1s, nuestra presidenta, Mar\u00eda L\u00f3pez Matallana, realiz\u00f3 la lectura del manifiesto preparado por el 12 de mayo v\u00eda <a href=\"https:\/\/www.facebook.com\/ConfederacionNacionaldeFMySFC\/videos\/923773056213240\">Facebook<\/a>, que ha tenido 1858 reproducciones y 103 en <\/span><a href=\"https:\/\/www.youtube.com\/watch?v=F8BBkSqSlwU\"><span data-contrast=\"none\">YouTube<\/span><\/a><span data-contrast=\"auto\">.<\/span><span data-ccp-props=\"{&quot;201341983&quot;:0,&quot;335559739&quot;:160,&quot;335559740&quot;:279}\">\u00a0<\/span><\/p>\n<p><span data-ccp-props=\"{&quot;201341983&quot;:0,&quot;335559739&quot;:160,&quot;335559740&quot;:279}\">\u00a0<\/span><\/p>\n<\/div>\n<p>[\/vc_column_text][vc_column_text css=\u00bb.vc_custom_1718176101213{margin-right: 30px !important;margin-left: 30px !important;}\u00bb]<\/p>\n<div class=\"styled-subtitle\" style=\"text-align: justify;\">\n<div class=\"wpb_text_column wpb_content_element vc_custom_1718003536240 thegem-vc-text thegem-custom-666948b7dd5d55023\">\n<div class=\"wpb_wrapper\">\n<div class=\"styled-subtitle\">Desde 2021, CONFESQ organiza una carrera virtual para conmemorar el\u00a0<em>#12MayoD\u00edaMundialFMEMsfcSQMEHS<\/em> y recaudar fondos para la investigaci\u00f3n de estas patolog\u00edas.<\/div>\n<\/div>\n<\/div>\n<div class=\"wpb_text_column wpb_content_element vc_custom_1654507074301 thegem-vc-text thegem-custom-666948b7dda4d8123\">\n<div class=\"wpb_wrapper\"><\/div>\n<\/div>\n<p><span data-ccp-props=\"{&quot;201341983&quot;:0,&quot;335559739&quot;:160,&quot;335559740&quot;:279}\">\u00a0<\/span><\/p>\n<\/div>\n<p>[\/vc_column_text][vc_column_text css=\u00bb.vc_custom_1718176241265{margin-right: 30px !important;margin-left: 30px !important;}\u00bb]<\/p>\n<div class=\"styled-subtitle\" style=\"text-align: justify;\">\n<div class=\"wpb_text_column wpb_content_element vc_custom_1718003536240 thegem-vc-text thegem-custom-666948b7dd5d55023\">\n<div class=\"wpb_wrapper\">\n<div>Este 2024 hemos conseguido un gran n\u00famero de inscritos a la carrera y no podemos estar m\u00e1s orgullosas. <strong>Un total de 142 personas se han sumado a la campa\u00f1a<\/strong>\u00a0<em>#12MayoMeMuevoConCONFESQ<\/em>\u00a0y han confiado en CONFESQ para seguir avanzando en la mejor\u00eda de estas cuatro enfermedades.<\/div>\n<\/div>\n<\/div>\n<div class=\"wpb_text_column wpb_content_element vc_custom_1654507074301 thegem-vc-text thegem-custom-666948b7dda4d8123\">\n<div class=\"wpb_wrapper\"><\/div>\n<\/div>\n<p><span data-ccp-props=\"{&quot;201341983&quot;:0,&quot;335559739&quot;:160,&quot;335559740&quot;:279}\">\u00a0<\/span><\/p>\n<\/div>\n<p>[\/vc_column_text][vc_images_carousel images=\u00bb29698,29697,29696,29695,29687,29688,29689,29690,29691,29692,29693,29694,29686,29685,29684,29683,29682,29681,29680,29679&#8243; img_size=\u00bbmedium\u00bb][vc_column_text css=\u00bb.vc_custom_1718210891169{margin-right: 30px !important;margin-left: 30px !important;}\u00bb]<\/p>\n<div class=\"styled-subtitle\" style=\"text-align: justify;\">\n<div class=\"wpb_text_column wpb_content_element thegem-vc-text thegem-custom-66694a0c350dd1413\">\n<div class=\"wpb_wrapper\">\n<div class=\"styled-subtitle\">Estos han sido los cuatro webinars que hemos preparado con motivo del 12 de mayo, para aquellos que no pudieron verlos en directo os dejamos los enlaces aqu\u00ed:<\/div>\n<\/div>\n<\/div>\n<div class=\"wpb_text_column wpb_content_element thegem-vc-text thegem-custom-66694a0c354818095\">\n<div class=\"wpb_wrapper\">\n<ul>\n<li class=\"styled-subtitle\"><a href=\"https:\/\/www.youtube.com\/watch?v=2jBMzyNiC-M\">Fibromialgia: algunos comentarios, por Dr. Antonio Collado.\u00a0<\/a><\/li>\n<\/ul>\n<p>Emitido el 16 de mayo ha obtenido un total de 1413 visualizaciones.<\/p>\n<ul>\n<li class=\"styled-subtitle\"><a href=\"https:\/\/www.youtube.com\/watch?v=KZ4iMx2y3nY\">Incapacidad vs discapacidad, por Milagros S\u00e1nchez Fern\u00e1ndez.\u00a0<\/a><\/li>\n<\/ul>\n<p>Emitido el 22 de mayo ha obtenido 716 visualizaciones.<\/p>\n<ul>\n<li class=\"styled-subtitle\"><a href=\"https:\/\/www.youtube.com\/watch?v=owTn4lML-hA\">Encefalomielitis mi\u00e1lgica: \u00bfen qu\u00e9 puede ayudar la enfermer\u00eda?, Cristina Oter Quintana y Almudena Alameda.<\/a><\/li>\n<\/ul>\n<p>Emitido el 29 de mayo ha obtenido 528 visualizaciones.<\/p>\n<ul>\n<li class=\"styled-subtitle\"><a href=\"https:\/\/www.youtube.com\/watch?v=sFK5gLojqcM\">\u00a0Vivienda y ambiente interior saludables para personas con SQM\/EHS, por Juan Antonio Rivera Vila.<\/a><\/li>\n<\/ul>\n<p>Emitido el 5 de junio ha obtenido un total de 425 visualizaciones.<\/p>\n<\/div>\n<\/div>\n<\/div>\n<p>[\/vc_column_text][\/vc_column][\/vc_row][vc_row][vc_column][\/vc_column][\/vc_row]<\/p>\n<\/div>","protected":false},"excerpt":{"rendered":"<p>[vc_row][vc_column][vc_column_text] REPERCUSI\u00d3N ACCIONES 12 DE MAYO ASOCIACIONES CONFESQ [\/vc_column_text][vc_single_image image=\u00bb29622&#8243; img_size=\u00bblarge\u00bb alignment=\u00bbcenter\u00bb][vc_column_text css=\u00bb.vc_custom_1716546958756{margin-right: 30px !important;margin-left: 30px !important;}\u00bb][\/vc_column_text][vc_separator][vc_column_text css=\u00bb.vc_custom_1716536004195{margin-right: 30px !important;margin-left:&#8230;<\/p>\n","protected":false},"author":2,"featured_media":29621,"comment_status":"closed","ping_status":"closed","sticky":false,"template":"","format":"standard","meta":{"footnotes":""},"categories":[105],"tags":[121],"class_list":{"0":"post-29619","1":"post","2":"type-post","3":"status-publish","4":"format-standard","5":"has-post-thumbnail","7":"category-novedades","8":"tag-discapacidad"},"menu_order":0,"_links":{"self":[{"href":"https:\/\/confesq.org\/index.php?rest_route=\/wp\/v2\/posts\/29619","targetHints":{"allow":["GET"]}}],"collection":[{"href":"https:\/\/confesq.org\/index.php?rest_route=\/wp\/v2\/posts"}],"about":[{"href":"https:\/\/confesq.org\/index.php?rest_route=\/wp\/v2\/types\/post"}],"author":[{"embeddable":true,"href":"https:\/\/confesq.org\/index.php?rest_route=\/wp\/v2\/users\/2"}],"replies":[{"embeddable":true,"href":"https:\/\/confesq.org\/index.php?rest_route=%2Fwp%2Fv2%2Fcomments&post=29619"}],"version-history":[{"count":23,"href":"https:\/\/confesq.org\/index.php?rest_route=\/wp\/v2\/posts\/29619\/revisions"}],"predecessor-version":[{"id":29725,"href":"https:\/\/confesq.org\/index.php?rest_route=\/wp\/v2\/posts\/29619\/revisions\/29725"}],"wp:featuredmedia":[{"embeddable":true,"href":"https:\/\/confesq.org\/index.php?rest_route=\/wp\/v2\/media\/29621"}],"wp:attachment":[{"href":"https:\/\/confesq.org\/index.php?rest_route=%2Fwp%2Fv2%2Fmedia&parent=29619"}],"wp:term":[{"taxonomy":"category","embeddable":true,"href":"https:\/\/confesq.org\/index.php?rest_route=%2Fwp%2Fv2%2Fcategories&post=29619"},{"taxonomy":"post_tag","embeddable":true,"href":"https:\/\/confesq.org\/index.php?rest_route=%2Fwp%2Fv2%2Ftags&post=29619"}],"curies":[{"name":"wp","href":"https:\/\/api.w.org\/{rel}","templated":true}]}}