{"id":29520,"date":"2024-05-08T09:16:07","date_gmt":"2024-05-08T09:16:07","guid":{"rendered":"https:\/\/confesq.org\/?p=29520"},"modified":"2024-05-16T07:59:24","modified_gmt":"2024-05-16T07:59:24","slug":"entrevista-al-dr-chris-amstrong-copy-copy-2-copy-copy-copy-2-copy-copy-copy-copy-copy-copy-copy-copy-copy-copy-copy-2-copy","status":"publish","type":"post","link":"https:\/\/confesq.org\/?p=29520","title":{"rendered":"PROGRAMACI\u00d3N DE NUESTRAS ASOCIACIONES POR EL 12 MAYO: D\u00cdA MUNDIAL FM, EM\/SFC, SQM Y EHS"},"content":{"rendered":"<div class=\"wpb-content-wrapper\"><p>[vc_row][vc_column][vc_column_text]<\/p>\n<div class=\"title-h4\" style=\"text-align: center;\">\n<p><strong>PROGRAMACI\u00d3N DE NUESTRAS ASOCIACIONES POR EL 12 MAYO: D\u00cdA MUNDIAL FM, EM\/SFC, SQM Y EHS\u00a0<\/strong><\/p>\n<\/div>\n<p>[\/vc_column_text][vc_single_image image=\u00bb29522&#8243; img_size=\u00bblarge\u00bb alignment=\u00bbcenter\u00bb][vc_column_text css=\u00bb.vc_custom_1715252799957{margin-right: 30px !important;margin-left: 30px !important;}\u00bb]<\/p>\n<div class=\"styled-subtitle\" style=\"text-align: justify;\">Nosotras, las asociaciones unidas en la Coalici\u00f3n Nacional CONFESQ, celebramos el D\u00eda Mundial de la Fibromialgia (FM), S\u00edndrome de Fatiga Cr\u00f3nica\/ Encefalomielitis Mi\u00e1lgica (SFC\/EM), Sensibilidad Qu\u00edmica M\u00faltiple (SQM) y Electrohipersensibilidad (EHS), y con el fin de visibilizar nuestras enfermedades, hemos organizado diferentes iniciativas durante todo el mes de mayo, mes de concienciaci\u00f3n.<\/div>\n<div><\/div>\n<div><\/div>\n<div><\/div>\n<div><\/div>\n<p>[\/vc_column_text][vc_column_text css=\u00bb.vc_custom_1715167799604{margin-right: 30px !important;margin-left: 30px !important;}\u00bb]<\/p>\n<div class=\"styled-subtitle\" style=\"text-align: justify;\">Estas son las actividades de algunas de nuestras asociaciones, se ir\u00e1n incluyendo el resto a medida que nos vayan informando de sus programas.<\/div>\n<div><\/div>\n<div><\/div>\n<div><\/div>\n<div><\/div>\n<p>[\/vc_column_text][vc_column_text css=\u00bb.vc_custom_1715162057534{margin-right: 30px !important;margin-left: 30px !important;}\u00bb]<\/p>\n<div class=\"styled-subtitle\" style=\"text-align: justify;\"><\/div>\n<div><\/div>\n<div><\/div>\n<div><\/div>\n<div><\/div>\n<p>[\/vc_column_text][vc_column_text]<\/p>\n<div class=\"title-h3\" style=\"text-align: center;\">DESDE LA RED SFC-SQM:<\/div>\n<p>[\/vc_column_text][vc_column_text][\/vc_column_text][\/vc_column][\/vc_row][vc_row][vc_column][vc_column_text]<\/p>\n<div class=\"styled-subtitle\" style=\"text-align: left;\">Del <strong>7 al 20 de Mayo, Exposici\u00f3n itinerante de vi\u00f1etas de la RED SFC-SQM, titulada \u00abSFC es&#8230; SQM es\u00bb. <\/strong>Esta vez se expone en la Biblioteca p\u00fablica Elena Fort\u00fan de Madrid.<\/div>\n<p>[\/vc_column_text][vc_single_image image=\u00bb29558&#8243; img_size=\u00bbmedium\u00bb alignment=\u00bbcenter\u00bb onclick=\u00bblink_image\u00bb][\/vc_column][\/vc_row][vc_row][vc_column][vc_column_text]<\/p>\n<div class=\"styled-subtitle\" style=\"text-align: left;\">Viernes <strong>10 de Mayo (a las 17:30), <a href=\"https:\/\/www.facebook.com\/events\/305775305886737\/?ref_source=newsfeed&amp;ref_mechanism=feed_attachment&amp;action_context=%257B%2522action_history%2522%253A%2522null%2522%257D&amp;_rdr\">Taller de musicoterapia online<\/a><\/strong> para conocer y disfrutar de sus beneficios.<\/div>\n<p>[\/vc_column_text][vc_single_image image=\u00bb29559&#8243; img_size=\u00bbmedium\u00bb alignment=\u00bbcenter\u00bb onclick=\u00bblink_image\u00bb][vc_column_text][\/vc_column_text][\/vc_column][\/vc_row][vc_row][vc_column][vc_column_text]<\/p>\n<div class=\"styled-subtitle\" style=\"text-align: left;\"><strong>S\u00e1bado 11 y Domingo 12 de Mayo<\/strong>, las Asociaciones de la Red SFC-SQM colgaremos v\u00eddeos por<a href=\"https:\/\/www.instagram.com\/redsfcsqm\/\"> el <\/a><strong>instagram de la Red con mensajes sobre la EM\/SFC y SQM<\/strong> &#8230;<\/div>\n<p>[\/vc_column_text][vc_single_image image=\u00bb29561&#8243; img_size=\u00bbmedium\u00bb alignment=\u00bbcenter\u00bb onclick=\u00bbcustom_link\u00bb link=\u00bbhttps:\/\/www.instagram.com\/redsfcsqm\/\u00bb][vc_column_text][\/vc_column_text][\/vc_column][\/vc_row][vc_row][vc_column][vc_column_text]<\/p>\n<div class=\"styled-subtitle\" style=\"text-align: left;\">Domingo <strong>12 de Mayo<\/strong>, <strong>iluminaci\u00f3n del Ayuntamiento de Durango con luz azul<\/strong>, por el d\u00eda mundial de nuestras enfermedades SQM, EM\/SFC, FM y EHS.<\/div>\n<p>[\/vc_column_text][vc_column_text][\/vc_column_text][\/vc_column][\/vc_row][vc_row][vc_column][vc_column_text]<\/p>\n<div class=\"styled-subtitle\" style=\"text-align: left;\">Martes <strong>14 de Mayo (a las 18:00h)<\/strong>, Charla online sobre <strong>\u00abIncapacidad Laboral y Derechos Laborales de los afectados de EM\/SFC y SQM\u00bb <\/strong>por <strong>Lorenzo P\u00e9rez (presidente de Fidelitis)<\/strong>.<\/div>\n<p>[\/vc_column_text][vc_column_text]<\/p>\n<div class=\"styled-subtitle\" style=\"text-align: left;\">Este es el <strong>enlace de conexi\u00f3n por ZOOM<\/strong> para entrar a la charla:<br \/>\n<a href=\"https:\/\/us02web.zoom.us\/j\/807682659?pwd=MlBVdUdUWFZCYTB4WkdxZWNVVzBJdz09\">https:\/\/us02web.zoom.us\/j\/807682659?pwd=MlBVdUdUWFZCYTB4WkdxZWNVVzBJdz09<\/a><br \/>\nID de reuni\u00f3n: 807 682 659<br \/>\nC\u00f3digo de acceso: 294629<\/div>\n<p>[\/vc_column_text][vc_single_image image=\u00bb29560&#8243; img_size=\u00bbmedium\u00bb alignment=\u00bbcenter\u00bb onclick=\u00bblink_image\u00bb][vc_column_text][\/vc_column_text][\/vc_column][\/vc_row][vc_row][vc_column width=\u00bb1\/2&#8243;][vc_column_text]<\/p>\n<div class=\"title-h3\" style=\"text-align: center;\">En SFC-SQM Comunidad Valenciana:<\/div>\n<p>[\/vc_column_text][vc_column_text]<\/p>\n<div class=\"styled-subtitle\">Organizan una actividad de visibilizaci\u00f3n, se realizar\u00e1 en <strong>los Jardines de Viveros el d\u00eda 11 de mayo desde las 10h a las 14<\/strong>, consistir\u00e1 en una exposici\u00f3n de zapatos representando a las personas que desaparecen de su vida a causa de la enfermedad, y cada par de zapatos estar\u00e1 acompa\u00f1ado por una frase de un enfermo sobre lo que piensa o lo que siente. Adem\u00e1s, amenizar\u00e1 la ma\u00f1ana el grupo de batucada Green gos.<\/div>\n<p>[\/vc_column_text][vc_column_text][\/vc_column_text][\/vc_column][vc_column width=\u00bb1\/2&#8243;][vc_single_image image=\u00bb29524&#8243; img_size=\u00bblarge\u00bb alignment=\u00bbcenter\u00bb onclick=\u00bbimg_link_large\u00bb][\/vc_column][vc_column][\/vc_column][\/vc_row][vc_row][vc_column width=\u00bb1\/2&#8243;][vc_column_text]<\/p>\n<div class=\"title-h3\" style=\"text-align: center;\">En AFIXA- ASOCIACI\u00d3N DE FIBROMIALGIA JA\u00c9N<\/div>\n<p>[\/vc_column_text][vc_column_text]<\/p>\n<div class=\"styled-subtitle\">Organizan las <strong>XII JORNADAS DE INVESTIGACI\u00d3N SOBRE FIBROMIALGIA<\/strong> que tendr\u00e1n lugar el <strong>14 de mayo<\/strong>. Est\u00e1n dirigidas a profesionales sanitarios, personas diagnosticadas de S\u00edndrome de Fibromialgia y sus familiares.<\/div>\n<div><\/div>\n<div><\/div>\n<p>[\/vc_column_text][vc_column_text]<\/p>\n<div class=\"styled-subtitle\">Inscripciones:<br \/>\nA trav\u00e9s del QR<br \/>\nLlamando al 635 02 94 68<br \/>\nCorreo electr\u00f3nico: afixauen@gmail.com<\/div>\n<div><\/div>\n<div><\/div>\n<p>[\/vc_column_text][vc_column_text][\/vc_column_text][\/vc_column][vc_column width=\u00bb1\/2&#8243;][vc_gallery interval=\u00bb3&#8243; images=\u00bb29531,29532&#8243; img_size=\u00bblarge\u00bb][\/vc_column][\/vc_row][vc_row][vc_column width=\u00bb1\/2&#8243;][vc_column_text]<\/p>\n<div class=\"title-h3\" style=\"text-align: center;\">En FRIDA-NAVARRA<\/div>\n<p>[\/vc_column_text][vc_column_text]<\/p>\n<div class=\"styled-subtitle\">Organizan la <strong>SEMANA DE LA FIBROMIALGIA, EM Y SQM<\/strong> con las siguientes actividades que tambi\u00e9n puedes ver en el cartel informativo:<\/div>\n<ul>\n<li>\n<div class=\"styled-subtitle\"><strong>Charla divulgativa<\/strong> el <strong>jueves 9 de mayo a las 18:30h<\/strong><\/div>\n<\/li>\n<li>\n<div class=\"styled-subtitle\"><strong>Comida de socias<\/strong> el <strong>s\u00e1bado 11 de mayo a las 14:00h<\/strong><\/div>\n<\/li>\n<li>\n<div class=\"styled-subtitle\"><strong>Iluminaci\u00f3n el s\u00e1bado 11 de mayo a las 21:00h<\/strong><\/div>\n<\/li>\n<li>\n<div class=\"styled-subtitle\"><strong>Mesa informativa de FRIDA<\/strong> el domingo <strong>12 de mayo a las 11:00h<\/strong><\/div>\n<\/li>\n<li>\n<div class=\"styled-subtitle\"><strong>Iluminaci\u00f3n<\/strong> el domingo <strong>12 de mayo a las 20:00h<\/strong><\/div>\n<\/li>\n<\/ul>\n<div><\/div>\n<p>[\/vc_column_text][\/vc_column][vc_column width=\u00bb1\/2&#8243;][vc_gallery interval=\u00bb3&#8243; images=\u00bb29538&#8243; img_size=\u00bblarge\u00bb][\/vc_column][\/vc_row][vc_row][vc_column width=\u00bb1\/2&#8243;][vc_column_text]<\/p>\n<div class=\"title-h3\" style=\"text-align: center;\">En FIBRO ALJARAFE<\/div>\n<p>[\/vc_column_text][vc_column_text]<\/p>\n<div class=\"styled-subtitle\">Organizan:<\/div>\n<ul>\n<li class=\"styled-subtitle\">\n<div class=\"styled-subtitle\">Una <strong>mesa informativa y lectura de manifiesto el 13 de mayo de 10:00 a 12:00 am.<\/strong> En el <strong>Centro de Salud Nuestra Se\u00f1ora de la Paz<\/strong>, San Juan de Aznalfarache.<\/div>\n<\/li>\n<li>\n<div class=\"styled-subtitle\"><strong>Taller de fisioterapia el 16 de mayo<\/strong> \u00abMu\u00e9vete por la fibromialgia\u00bb. De <strong>10:00 a 11:20 am<\/strong>. Sede Fibroaljarafe.<\/div>\n<\/li>\n<li>\n<div class=\"styled-subtitle\">Charla sobre el<strong> \u00abDolor Cr\u00f3nico\u00bb<\/strong> impartida por la doctora M\u00aa Victoria Ru\u00edz Romero el 2<strong>2 de mayo a las 17:30<\/strong> en la <strong>sede Fibroaljarafe.<\/strong><\/div>\n<\/li>\n<li>\n<div class=\"styled-subtitle\">Proyecci\u00f3n de la pel\u00edcula y coloquio sobre <strong>\u00abFibromialgia\u00bb<\/strong> el <strong>29 de mayo a las 17:00 pm<\/strong> en la <strong>sede Fibroaljarafe.<\/strong><\/div>\n<\/li>\n<\/ul>\n<p>[\/vc_column_text][\/vc_column][vc_column width=\u00bb1\/2&#8243;][vc_gallery interval=\u00bb3&#8243; images=\u00bb29541&#8243; img_size=\u00bblarge\u00bb][\/vc_column][\/vc_row][vc_row][vc_column width=\u00bb1\/2&#8243;][vc_column_text]<\/p>\n<div class=\"title-h3\" style=\"text-align: center;\">En AFIBROM<\/div>\n<p>[\/vc_column_text][vc_column_text]<\/p>\n<div class=\"styled-subtitle\">Organizan las jornadas <strong>Humanizaci\u00f3n y Cronicidad: Jornadas para un Futuro Saludable\u00a0<\/strong>el d\u00eda <strong>10 de mayo<\/strong>, con posibilidad de asistir de forma presencial u online.<\/div>\n<ul>\n<li>\n<div class=\"styled-subtitle\"><strong> 15:30 h | ACCESO Y ACREDITACI\u00d3N<\/strong><\/div>\n<\/li>\n<li>\n<div class=\"styled-subtitle\"><strong>16:00 h | INAUGURACI\u00d3N<\/strong><\/div>\n<div class=\"styled-subtitle\">D\u00f1a. Celia Garc\u00eda, Dra. Gral. de Humanizaci\u00f3n, Att. y Seguridad del<\/div>\n<div class=\"styled-subtitle\">Paciente CAM. Yolanda Diaz L\u00f3pez, Directora M\u00e9dica y Gerente en Funciones del<\/div>\n<div class=\"styled-subtitle\">HCCR. D\u00f1a. Luisa Fernanda Panadero, Presidenta de AFIBROM<\/div>\n<\/li>\n<li>\n<div class=\"styled-subtitle\"><strong>16:30 h | CHARLA MAGISTRAL | EL EFECTO DEL SEXO BIOL\u00d3GICO EN<\/strong><\/div>\n<div class=\"styled-subtitle\"><strong>LA RESPUESTA FARMACOL\u00d3GICA.<\/strong><\/div>\n<div class=\"styled-subtitle\">D. Emilio Vargas, Jefe de Servicio de Farmacolog\u00eda Cl\u00ednica del<\/div>\n<div class=\"styled-subtitle\">Hospital San Carlos. Catedr\u00e1tico de farmacolog\u00eda de la UCM. Patrono<\/div>\n<div class=\"styled-subtitle\">FUINSA.<\/div>\n<\/li>\n<li>\n<div class=\"styled-subtitle\"><strong>17:30 h | MESA REDONDA | PREVENIR ES HUMANIZAR.<\/strong><\/div>\n<div class=\"styled-subtitle\">Modera: Dr. Jos\u00e9 Antonio Martin Urrialde, Vicepresidente de Fund. Humans. Fisioterapeuta, Dr. en Fisioterapia Ejercicio F\u00edsico y Salud. Lic. en Humanidades.<\/div>\n<div class=\"styled-subtitle\">D\u00f1a. Mar\u00eda Madariaga, Presidenta SED. Unidad de dolor infantil de la Paz. D\u00f1a. Mar\u00eda Salmer\u00f3n, Servicio de pediatr\u00eda Hospital Ruber Internacional Madrid. D. Gabriel Heras, Presidente Fundaci\u00f3n Humanizando la Sanidad.<\/div>\n<\/li>\n<li>\n<div class=\"styled-subtitle\"><strong>18:15 h | PAUSA PARA EL CAF\u00c9\u00a0<\/strong><\/div>\n<\/li>\n<li>\n<div class=\"styled-subtitle\"><strong>18:45 h | MESA REDONDA | CALIDAD DE VIDA<\/strong><\/div>\n<div class=\"styled-subtitle\">Modera: D\u00f1a. Carmen Ferrer, Enfermera Experta en Cronicidad y Estrategias de Empoderamiento de Pacientes. D. Teo Luna, Experto en Mindfulness en Contextos de Salud por la UCM. Prof. Certificado MBSR (Mindfulness Based Stress Reduction) por el Center for Mindfulness, U. of Massachusetss Med. School. D\u00f1a. Manuela Monle\u00f3n, Enfermera familiar y Comunitaria. Doctora en Cuidados de la Salud por la UCM. M\u00e1ster en Investigaci\u00f3n en Cuidados de Salud. Co-autora de la Gu\u00eda de Autocuidado dirigida a las personas con dolor, y Coordinadora del Manual profesional de Autocuidado Analg\u00e9sico.<\/div>\n<\/li>\n<li>\n<div class=\"styled-subtitle\"><strong>20:00 h | CIERRE<\/strong><\/div>\n<\/li>\n<\/ul>\n<div class=\"styled-subtitle\"><\/div>\n<p>[\/vc_column_text][\/vc_column][vc_column width=\u00bb1\/2&#8243;][vc_gallery interval=\u00bb3&#8243; images=\u00bb29542,29543&#8243; img_size=\u00bblarge\u00bb][\/vc_column][\/vc_row][vc_row][vc_column width=\u00bb1\/2&#8243;][vc_column_text]<\/p>\n<div class=\"title-h3\" style=\"text-align: center;\">En FIBROFAMUR, ASOCIACi\u00d3N FIBROMIALGIA MURCIA<\/div>\n<p>[\/vc_column_text][vc_column_text]<\/p>\n<div class=\"styled-subtitle\">Han preparado diversas actividades para todo el mes de mayo con motivo del 12M.<\/div>\n<ul>\n<li>\n<div class=\"styled-subtitle\"><strong>Jueves, 2 de mayo:<\/strong> Caf\u00e9 y coloquio<\/div>\n<\/li>\n<li>\n<div class=\"styled-subtitle\"><strong>Jueves, 9 de mayo:<\/strong> 10:00h Jornada de <strong>puertas abiertas a la actividad f\u00edsica<\/strong> en el jard\u00edn del malec\u00f3n<\/div>\n<\/li>\n<li>\n<div class=\"styled-subtitle\"><strong>Viernes, 10 de mayo:<\/strong> Lectura del <strong>manifiesto<\/strong><\/div>\n<\/li>\n<li>\n<div class=\"styled-subtitle\"><strong>Domingo, 12 de mayo:<\/strong> Jornada de <strong>convivencia en Cartagena<\/strong>, Visita al Ayuntamiento, Iluminaci\u00f3n de los edificios emblem\u00e1ticos<\/div>\n<\/li>\n<li>\n<div class=\"styled-subtitle\"><strong>Jueves, 16 de mayo:<\/strong> 18:00h Charla coloquio: <strong>La visi\u00f3n del reumat\u00f3logo en fibromialgia<\/strong> Dr. Antonio Pa\u00f1os Iniesta (especialista en reumatolog\u00eda)<\/div>\n<\/li>\n<li>\n<div class=\"styled-subtitle\"><strong>Jueves, 16 de mayo:<\/strong> 18:00h Charla: <strong>Fibromialgia para debutantes: desaf\u00edos y perspectivas en la relaci\u00f3n a la discapacidad e incapacidad laboral.<\/strong> M\u00aa \u00c1ngeles Amparo Ayala Serrano (presidenta Fibrofamur) y Almudena Mart\u00ednez (trabajadora social de Fibrofamur)<\/div>\n<\/li>\n<li>\n<div class=\"styled-subtitle\"><strong>Jueves, 30 de mayo:<\/strong> 19:00h Acto de <strong>clausura<\/strong>, 19:30h <strong>Actuaci\u00f3n musical de Jorge Ru\u00edz y Miguel Losada<\/strong>. 20:00h Taller pr\u00e1ctico de nutrici\u00f3n para personas con fibromialgia. Dr. Francisco Javier Hidalgo Tall\u00f3n (m\u00e9dico experto en fibromialgia, director de Clinalgia y c\u00e1tedra de ozonoterapia de la UCAM)<\/div>\n<\/li>\n<\/ul>\n<p>[\/vc_column_text][\/vc_column][vc_column width=\u00bb1\/2&#8243;][vc_gallery interval=\u00bb3&#8243; images=\u00bb29545,29544&#8243; img_size=\u00bblarge\u00bb][\/vc_column][\/vc_row][vc_row][vc_column width=\u00bb1\/2&#8243;][vc_column_text]<\/p>\n<div class=\"title-h3\" style=\"text-align: center;\">En AFFARES<\/div>\n<p>[\/vc_column_text][vc_column_text]<\/p>\n<div class=\"styled-subtitle\">\n<p>Tambi\u00e9n tendr\u00e1n diferentes talleres y actividades con motivo del 12 de mayo,\u00a0 D\u00cdA MUNDIAL FM, EM\/SFC, SQM Y EHS.<\/p>\n<ul>\n<li>El<strong> 13 de mayo, de 09:30 a 10:30h:<\/strong> <strong>Pilates en la playa<\/strong><\/li>\n<li>El <strong>15 de mayo, <\/strong>de <strong>17:30 a 19:00<\/strong>: Taller: <strong>\u00abEl placer como analg\u00e9sico natural\u00bb<\/strong><\/li>\n<li>El <strong>17 de mayo, 10:00h<\/strong>: <strong>Paseo bot\u00e1nico para botiqu\u00edn natural\u00a0<\/strong><\/li>\n<li>El <strong>21 de mayo, de 10:00 a 12:00h: Yoga+ Brunch<\/strong><\/li>\n<li>El <strong>25 de mayo, <\/strong>a las<strong> 10:00h: Excursi\u00f3n a Formentera\u00a0<\/strong><\/li>\n<li>El <strong>29 de mayo<\/strong>, a las <strong>17:30h:<\/strong> <strong>Explicando el dolor<\/strong><\/li>\n<li>El <strong>4 de junio<\/strong>, a las <strong>17:30h<\/strong>: <strong>La importancia de la historia cl\u00ednica en el dolor\u00a0<\/strong><\/li>\n<li>El <strong>12 de junio<\/strong>, a las <strong>17:30h<\/strong>: <strong>H\u00edgado: control de la desinflamaci\u00f3n\u00a0<\/strong><\/li>\n<\/ul>\n<p>&nbsp;<\/p>\n<\/div>\n<p>[\/vc_column_text][\/vc_column][vc_column width=\u00bb1\/2&#8243;][vc_gallery interval=\u00bb3&#8243; images=\u00bb29547,29546&#8243; img_size=\u00bblarge\u00bb][\/vc_column][\/vc_row][vc_row][vc_column width=\u00bb1\/2&#8243;][vc_column_text]<\/p>\n<div class=\"title-h3\" style=\"text-align: center;\">En AFICHI<\/div>\n<p>[\/vc_column_text][vc_column_text]<\/p>\n<div class=\"styled-subtitle\">\n<p>Estos son los talleres y actividades que ha preparado AFICHI con motivo del 12 de mayo,\u00a0 D\u00cdA MUNDIAL FM, EM\/SFC, SQM Y EHS.<\/p>\n<ul>\n<li>Jueves,<strong> 9 de mayo<\/strong>, de <strong>9:30h a 13:00h : Jornada de puertas abiertas\u00a0<\/strong><\/li>\n<li>Viernes, <strong>10 de mayo, de 10:00h a 13:30h: Mesa informativa Jes\u00fas Nazareno (Junto al ambulatorio); Plaza de las bodegas.\u00a0<\/strong><\/li>\n<\/ul>\n<\/div>\n<p>[\/vc_column_text][\/vc_column][vc_column width=\u00bb1\/2&#8243;][vc_gallery interval=\u00bb3&#8243; images=\u00bb29548&#8243; img_size=\u00bblarge\u00bb][\/vc_column][\/vc_row][vc_row][vc_column width=\u00bb1\/2&#8243;][vc_column_text]<\/p>\n<div class=\"title-h3\" style=\"text-align: center;\">En FFISCYL<\/div>\n<p>[\/vc_column_text][vc_column_text]<\/p>\n<div class=\"styled-subtitle\">\n<p>Estos son los talleres y actividades que han preparado FFISCYL con motivo del 12 de mayo,\u00a0 D\u00cdA MUNDIAL FM, EM\/SFC, SQM Y EHS, en todo el territorio de Castilla y Le\u00f3n.<\/p>\n<\/div>\n<p>[\/vc_column_text][\/vc_column][vc_column width=\u00bb1\/2&#8243;][vc_single_image image=\u00bb29584&#8243; img_size=\u00bblarge\u00bb onclick=\u00bbimg_link_large\u00bb][\/vc_column][\/vc_row][vc_row][vc_column width=\u00bb1\/2&#8243;][vc_column_text]<\/p>\n<div class=\"title-h3\" style=\"text-align: center;\">Fibrosegovia, Asociaci\u00f3n de Fibromialgia de Segovia<\/div>\n<p>[\/vc_column_text][vc_column_text]<\/p>\n<div class=\"styled-subtitle\">\n<p>Celebra las <strong>Jornadas Sanitarias de Fibromialgia<\/strong>\u00a0en Segovia el <strong>d\u00eda 23 de Mayo.<\/strong><\/p>\n<\/div>\n<p>[\/vc_column_text][\/vc_column][vc_column width=\u00bb1\/2&#8243;][vc_single_image image=\u00bb29602&#8243; img_size=\u00bblarge\u00bb onclick=\u00bbimg_link_large\u00bb][\/vc_column][\/vc_row][vc_row][vc_column][vc_column_text][\/vc_column_text][vc_column_text]<\/p>\n<div class=\"title-h3\" style=\"text-align: center;\">Y DESDE CONFESQ:<\/div>\n<p>[\/vc_column_text][vc_column_text]<\/p>\n<div class=\"styled-subtitle\">Os recordamos las actividades que hemos organizado tambi\u00e9n con motivo del 12 de mayo, D\u00eda Mundial de la Fibromialgia (FM), S\u00edndrome de Fatiga Cr\u00f3nica\/ Encefalomielitis Mi\u00e1lgica (SFC\/EM), Sensibilidad Qu\u00edmica M\u00faltiple (SQM) y Electrohipersensibilidad (EHS):<\/div>\n<p>[\/vc_column_text][vc_column_text]<\/p>\n<ol>\n<li>\n<div class=\"styled-subtitle\">Una serie de videoconferencias y mesas redondas con temas de inter\u00e9s general para los pacientes.<\/div>\n<\/li>\n<\/ol>\n<p>[\/vc_column_text][vc_single_image image=\u00bb29500&#8243; img_size=\u00bbmedium\u00bb alignment=\u00bbcenter\u00bb onclick=\u00bblink_image\u00bb][vc_column_text]<\/p>\n<div class=\"styled-subtitle\">Todas las sesiones se retransmitir\u00e1n en directo a trav\u00e9s de nuestro canal de Youtube y podr\u00e1n visualizarse en los siguientes enlaces:<\/div>\n<p>[\/vc_column_text][vc_column_text]<\/p>\n<ul>\n<li class=\"styled-subtitle\">16 mayo. 17: 00h.- <a href=\"https:\/\/www.youtube.com\/watch?v=2jBMzyNiC-M\">Fibromialgia: algunos comentarios.<\/a><\/li>\n<li class=\"styled-subtitle\">22 de mayo. 18: 00h.- <a href=\"https:\/\/www.youtube.com\/watch?v=KZ4iMx2y3nY\">Incapacidad vs discapacidad.<\/a><\/li>\n<li class=\"styled-subtitle\">29 de mayo. 18: 00h.- <a href=\"https:\/\/www.youtube.com\/watch?v=owTn4lML-hA\">Encefalomielitis mi\u00e1lgica: \u00bfen qu\u00e9 puede ayudar la enfermer\u00eda?<\/a><\/li>\n<li class=\"styled-subtitle\">5 junio. 18:00h.<a href=\"https:\/\/www.youtube.com\/watch?v=sFK5gLojqcM\"> Vivienda y ambiente interior saludables para personas con SQM\/EHS.<\/a><\/li>\n<\/ul>\n<p>[\/vc_column_text][vc_column_text]<\/p>\n<div class=\"wpb_text_column wpb_content_element vc_custom_1683812932406 thegem-vc-text thegem-custom-663cae0c0fc7e286\">\n<div class=\"wpb_wrapper\">\n<div class=\"styled-subtitle\">Adem\u00e1s, quedar\u00e1n grabadas y se podr\u00e1 acceder a ellas en diferido una vez pasada la fecha de emisi\u00f3n, para aquellas personas que no hayan podido asistir en directo.<\/div>\n<\/div>\n<\/div>\n<p>[\/vc_column_text][vc_column_text]<\/p>\n<div class=\"wpb_text_column wpb_content_element vc_custom_1683812932406 thegem-vc-text thegem-custom-663cae0c0fc7e286\">\n<div class=\"wpb_wrapper styled-subtitle\">\n<p>2. Por otro lado, como en a\u00f1os anteriores, hemos organizado una carrera virtual que estar\u00e1 activa <strong>hasta el 31 de mayo<\/strong>.<\/p>\n<\/div>\n<\/div>\n<p>[\/vc_column_text][vc_single_image image=\u00bb29492&#8243; img_size=\u00bbmedium\u00bb alignment=\u00bbcenter\u00bb onclick=\u00bblink_image\u00bb][vc_column_text]<\/p>\n<div class=\"wpb_text_column wpb_content_element vc_custom_1683812932406 thegem-vc-text thegem-custom-663cae0c0fc7e286\">\n<div class=\"wpb_wrapper\">\n<div class=\"styled-subtitle\">Para participar, simplemente, hay que seguir los siguientes pasos:<\/div>\n<ul>\n<li class=\"styled-subtitle\">Inscribirse en <a href=\"https:\/\/carreras.dxtchiprun.es\/carrera\/carrera-virtual-por-el-12-de-mayo\">este formulario<\/a>. El donativo es de 5\u20ac.<\/li>\n<li class=\"styled-subtitle\">Descargar e imprimir vuestro dorsal.<\/li>\n<li class=\"styled-subtitle\">A\u00f1adirle el n\u00ba de corredor que aparecer\u00e1 en la lista de inscritos del formulario de inscripci\u00f3n.\n<div class=\"wpb_text_column wpb_content_element vc_custom_1683813365651 thegem-vc-text thegem-custom-663cae0c107a08367\">\n<div class=\"wpb_wrapper\"><\/div>\n<\/div>\n<div class=\"wpb_text_column wpb_content_element vc_custom_1714133024322 thegem-vc-text thegem-custom-663cae0c109888663\">\n<div class=\"wpb_wrapper\"><\/div>\n<\/div>\n<\/li>\n<\/ul>\n<\/div>\n<\/div>\n<p>[\/vc_column_text][vc_column_text]<\/p>\n<div class=\"wpb_text_column wpb_content_element vc_custom_1683812932406 thegem-vc-text thegem-custom-663cae0c0fc7e286\">\n<div class=\"wpb_wrapper styled-subtitle\">\n<p>\u00a1Mu\u00e9vete con CONFESQ! Hazte una foto con tu dorsal y comp\u00e1rtela en Facebook o Twitter con el hashtag <em><strong>#12MayoMeMuevoconCONFESQ<\/strong><\/em><\/p>\n<div class=\"wpb_text_column wpb_content_element vc_custom_1683813365651 thegem-vc-text thegem-custom-663cae0c107a08367\">\n<div class=\"wpb_wrapper\"><\/div>\n<\/div>\n<div class=\"wpb_text_column wpb_content_element vc_custom_1714133024322 thegem-vc-text thegem-custom-663cae0c109888663\">\n<div class=\"wpb_wrapper\"><\/div>\n<\/div>\n<\/div>\n<\/div>\n<p>[\/vc_column_text][vc_column_text]<\/p>\n<div class=\"styled-subtitle\">Si tienes las cuentas de tus redes sociales privadas y quieres que compartamos tu foto desde CONFESQ, puedes envi\u00e1rnosla a\u00a0<a href=\"mailto:webmaster@confesq.org\">webmaster@confesq.org<\/a>\u00a0, junto con los datos que quieras que aparezcan.<\/div>\n<p>[\/vc_column_text][vc_column_text]<\/p>\n<div class=\"styled-subtitle\">\n<div class=\"wpb_text_column wpb_content_element vc_custom_1715149520364 thegem-vc-text thegem-custom-663cae0c10d403264\">\n<div class=\"wpb_wrapper\">\n<div class=\"styled-subtitle\">3. Adem\u00e1s, hemos redactado y compartido con nuestras asociaciones\u00a0<a href=\"https:\/\/confesq.org\/wp-content\/uploads\/2024\/05\/MANIFIESTO-2024-para-web2.pdf\">este manifiesto<\/a> en el que se denuncia el retroceso en la atenci\u00f3n sociosanitaria en el d\u00eda mundial de las enfermedades que representamos. Tambi\u00e9n puedes ver <a href=\"https:\/\/www.youtube.com\/watch?v=F8BBkSqSlwU\">aqu\u00ed<\/a> el v\u00eddeo de lectura del Manifiesto por nuestra presidenta Mar\u00eda L\u00f3pez Matallana.<\/div>\n<\/div>\n<\/div>\n<div class=\"wpb_text_column wpb_content_element vc_custom_1683813876076 thegem-vc-text thegem-custom-663cae0c10f064306\">\n<div class=\"wpb_wrapper\">\n<div class=\"styled-subtitle\">El 12 de mayo nos hacemos m\u00e1s fuertes para visibilizar nuestras enfermedades y conseguir mejorar la atenci\u00f3n socio-sanitaria.<\/div>\n<\/div>\n<\/div>\n<\/div>\n<p>[\/vc_column_text][vc_column_text]<\/p>\n<div class=\"styled-subtitle\">\n<div class=\"wpb_text_column wpb_content_element vc_custom_1715149520364 thegem-vc-text thegem-custom-663cae0c10d403264\">\n<div class=\"wpb_wrapper\">\n<div class=\"styled-subtitle\">\n<div class=\"styled-subtitle\" style=\"text-align: center;\"><span style=\"color: #3366ff;\"><em>#12MayoD\u00edaMundialFMEMsfcSQMEHS<\/em><\/span><\/div>\n<div class=\"styled-subtitle\" style=\"text-align: center;\"><span style=\"color: #3366ff;\"><em>#12MayoMeMuevoConCONFESQ<\/em><\/span><\/div>\n<\/div>\n<\/div>\n<\/div>\n<\/div>\n<p>[\/vc_column_text][\/vc_column][\/vc_row]<\/p>\n<\/div>","protected":false},"excerpt":{"rendered":"<p>[vc_row][vc_column][vc_column_text] PROGRAMACI\u00d3N DE NUESTRAS ASOCIACIONES POR EL 12 MAYO: D\u00cdA MUNDIAL FM, EM\/SFC, SQM Y EHS\u00a0 [\/vc_column_text][vc_single_image image=\u00bb29522&#8243; img_size=\u00bblarge\u00bb alignment=\u00bbcenter\u00bb][vc_column_text&#8230;<\/p>\n","protected":false},"author":2,"featured_media":29606,"comment_status":"closed","ping_status":"closed","sticky":false,"template":"","format":"standard","meta":{"footnotes":""},"categories":[105],"tags":[128],"class_list":{"0":"post-29520","1":"post","2":"type-post","3":"status-publish","4":"format-standard","5":"has-post-thumbnail","7":"category-novedades","8":"tag-12mayo"},"menu_order":0,"_links":{"self":[{"href":"https:\/\/confesq.org\/index.php?rest_route=\/wp\/v2\/posts\/29520","targetHints":{"allow":["GET"]}}],"collection":[{"href":"https:\/\/confesq.org\/index.php?rest_route=\/wp\/v2\/posts"}],"about":[{"href":"https:\/\/confesq.org\/index.php?rest_route=\/wp\/v2\/types\/post"}],"author":[{"embeddable":true,"href":"https:\/\/confesq.org\/index.php?rest_route=\/wp\/v2\/users\/2"}],"replies":[{"embeddable":true,"href":"https:\/\/confesq.org\/index.php?rest_route=%2Fwp%2Fv2%2Fcomments&post=29520"}],"version-history":[{"count":47,"href":"https:\/\/confesq.org\/index.php?rest_route=\/wp\/v2\/posts\/29520\/revisions"}],"predecessor-version":[{"id":29603,"href":"https:\/\/confesq.org\/index.php?rest_route=\/wp\/v2\/posts\/29520\/revisions\/29603"}],"wp:featuredmedia":[{"embeddable":true,"href":"https:\/\/confesq.org\/index.php?rest_route=\/wp\/v2\/media\/29606"}],"wp:attachment":[{"href":"https:\/\/confesq.org\/index.php?rest_route=%2Fwp%2Fv2%2Fmedia&parent=29520"}],"wp:term":[{"taxonomy":"category","embeddable":true,"href":"https:\/\/confesq.org\/index.php?rest_route=%2Fwp%2Fv2%2Fcategories&post=29520"},{"taxonomy":"post_tag","embeddable":true,"href":"https:\/\/confesq.org\/index.php?rest_route=%2Fwp%2Fv2%2Ftags&post=29520"}],"curies":[{"name":"wp","href":"https:\/\/api.w.org\/{rel}","templated":true}]}}