{"id":29512,"date":"2024-05-03T09:12:00","date_gmt":"2024-05-03T09:12:00","guid":{"rendered":"https:\/\/confesq.org\/?p=29512"},"modified":"2024-05-03T09:12:00","modified_gmt":"2024-05-03T09:12:00","slug":"entrevista-al-dr-chris-amstrong-copy-copy-2-copy-copy-copy-2-copy-copy-copy-copy-copy-copy-copy-copy-copy-copy-copy-copy-copy-copy-copy-copy-2-copy-copy-copy-copy-copy-copy-copy-2-copy-copy","status":"publish","type":"post","link":"https:\/\/confesq.org\/?p=29512","title":{"rendered":"3 de mayo, Dia Nacional de la Convenci\u00f3n de DDHH. Los colectivos SQM y EHS necesitan estar presentes para el legislador. Copiar"},"content":{"rendered":"<div class=\"wpb-content-wrapper\"><p>[vc_row][vc_column][vc_column_text]<\/p>\n<h4 style=\"text-align: center\"><strong>3 de mayo, Dia Nacional de la Convenci\u00f3n de DDHH. <\/strong><\/h4>\n<h4 style=\"text-align: center\"><strong>Los colectivos SQM y EHS necesitan estar presentes para el legislador<\/strong><\/h4>\n<p>[\/vc_column_text][vc_single_image image=\u00bb29509&#8243; img_size=\u00bblarge\u00bb alignment=\u00bbcenter\u00bb][vc_column_text css=\u00bb.vc_custom_1714725339612{margin-right: 30px !important;margin-left: 30px !important;}\u00bb]<\/p>\n<div style=\"text-align: justify\">Hoy, 3 de mayo de 2024, CONFESQ ha enviado una carta a la titular de la Secretaria de Estado de Derechos Humanos, Sra Mar\u00eda Rosa Mart\u00ednez Rodr\u00edguez, con motivo del <em>Dia Nacional de la Convenci\u00f3n Internacional sobre los derechos de las personas con discapacidad de Naciones Unidas.<\/em>Queremos llamar su atenci\u00f3n sobre las <strong>enormes barreras con que se encuentran cada d\u00eda las personas con Sensibilidad Qu\u00edmica M\u00faltiple y las personas con Electrosensibilidad<\/strong>, y hemos aprovechado para presentarle sendos informes socio-jur\u00eddicos que se publicaron a finales de 2023, financiados por Fundaci\u00f3n ONCE y CONFESQ, con la intermediaci\u00f3n de COCEMFE Estatal.(clica sobre el t\u00edtulo para leer los informes)<\/div>\n<p>[\/vc_column_text][vc_column_text css=\u00bb.vc_custom_1714725454274{margin-right: 30px !important;margin-left: 30px !important;}\u00bb]<strong>\u00ab<a href=\"https:\/\/confesq.org\/wp-content\/uploads\/2023\/11\/SQM-Documento-final.pdf\">Sensibilidad Qu\u00edmica M\u00faltiple y discapacidad org\u00e1nica: an\u00e1lisis desde un enfoque de derechos humanos<\/a>\u00bb<\/strong><\/p>\n<p><strong>\u00ab<a href=\"https:\/\/confesq.org\/wp-content\/uploads\/2023\/11\/Documento-final-EHS_compressed.pdf\">Electrohipersensibilidad y discapacidad org\u00e1nica: an\u00e1lisis desde un enfoque de derechos humanos<\/a>\u00bb<\/strong><\/p>\n<p>La misma carta ha sido enviada al Real Patronato sobre Discapacidad, CERMI Estatal y la Oficina de Atenci\u00f3n a la Discapacidad.<\/p>\n<div class=\"title-h2 title-h6\"><strong>Este colectivo de afectados necesita que su realidad est\u00e9 presente para el legislador, y tambi\u00e9n para las instituciones defensoras de las personas con discapacidad.<\/strong><\/div>\n<p>[\/vc_column_text][vc_column_text css=\u00bb.vc_custom_1714725264973{margin-right: 30px !important;margin-left: 30px !important;}\u00bb]<\/p>\n<div class=\"title-h4\"><img class=\"alignnone wp-image-29507 size-large\" src=\"https:\/\/confesq.org\/wp-content\/uploads\/2024\/04\/Carta-3-de-mayo-SQM-Y-EHS_page-0001-724x1024.jpg\" alt=\"\" width=\"724\" height=\"1024\" srcset=\"https:\/\/confesq.org\/wp-content\/uploads\/2024\/04\/Carta-3-de-mayo-SQM-Y-EHS_page-0001-724x1024.jpg 724w, https:\/\/confesq.org\/wp-content\/uploads\/2024\/04\/Carta-3-de-mayo-SQM-Y-EHS_page-0001-800x1132.jpg 800w, https:\/\/confesq.org\/wp-content\/uploads\/2024\/04\/Carta-3-de-mayo-SQM-Y-EHS_page-0001-212x300.jpg 212w, https:\/\/confesq.org\/wp-content\/uploads\/2024\/04\/Carta-3-de-mayo-SQM-Y-EHS_page-0001-768x1086.jpg 768w, https:\/\/confesq.org\/wp-content\/uploads\/2024\/04\/Carta-3-de-mayo-SQM-Y-EHS_page-0001-1086x1536.jpg 1086w, https:\/\/confesq.org\/wp-content\/uploads\/2024\/04\/Carta-3-de-mayo-SQM-Y-EHS_page-0001.jpg 1240w\" sizes=\"(max-width: 724px) 100vw, 724px\" \/><img class=\"alignnone wp-image-29508 size-large\" src=\"https:\/\/confesq.org\/wp-content\/uploads\/2024\/04\/Carta-3-de-mayo-SQM-Y-EHS_page-0002-724x1024.jpg\" alt=\"\" width=\"724\" height=\"1024\" srcset=\"https:\/\/confesq.org\/wp-content\/uploads\/2024\/04\/Carta-3-de-mayo-SQM-Y-EHS_page-0002-724x1024.jpg 724w, https:\/\/confesq.org\/wp-content\/uploads\/2024\/04\/Carta-3-de-mayo-SQM-Y-EHS_page-0002-800x1132.jpg 800w, https:\/\/confesq.org\/wp-content\/uploads\/2024\/04\/Carta-3-de-mayo-SQM-Y-EHS_page-0002-212x300.jpg 212w, https:\/\/confesq.org\/wp-content\/uploads\/2024\/04\/Carta-3-de-mayo-SQM-Y-EHS_page-0002-768x1086.jpg 768w, https:\/\/confesq.org\/wp-content\/uploads\/2024\/04\/Carta-3-de-mayo-SQM-Y-EHS_page-0002-1086x1536.jpg 1086w, https:\/\/confesq.org\/wp-content\/uploads\/2024\/04\/Carta-3-de-mayo-SQM-Y-EHS_page-0002.jpg 1240w\" sizes=\"(max-width: 724px) 100vw, 724px\" \/><\/div>\n<p>[\/vc_column_text][\/vc_column][\/vc_row]<\/p>\n<\/div>","protected":false},"excerpt":{"rendered":"<p>[vc_row][vc_column][vc_column_text] 3 de mayo, Dia Nacional de la Convenci\u00f3n de DDHH. Los colectivos SQM y EHS necesitan estar presentes para&#8230;<\/p>\n","protected":false},"author":2,"featured_media":29509,"comment_status":"closed","ping_status":"closed","sticky":false,"template":"","format":"standard","meta":{"footnotes":""},"categories":[105],"tags":[135,121,139,137,136,138],"class_list":{"0":"post-29512","1":"post","2":"type-post","3":"status-publish","4":"format-standard","5":"has-post-thumbnail","7":"category-novedades","8":"tag-3-de-mayo","9":"tag-discapacidad","10":"tag-ehs","11":"tag-electrosensibilidad","12":"tag-sensibilidad-quimica-multiple","13":"tag-sqm"},"menu_order":0,"_links":{"self":[{"href":"https:\/\/confesq.org\/index.php?rest_route=\/wp\/v2\/posts\/29512","targetHints":{"allow":["GET"]}}],"collection":[{"href":"https:\/\/confesq.org\/index.php?rest_route=\/wp\/v2\/posts"}],"about":[{"href":"https:\/\/confesq.org\/index.php?rest_route=\/wp\/v2\/types\/post"}],"author":[{"embeddable":true,"href":"https:\/\/confesq.org\/index.php?rest_route=\/wp\/v2\/users\/2"}],"replies":[{"embeddable":true,"href":"https:\/\/confesq.org\/index.php?rest_route=%2Fwp%2Fv2%2Fcomments&post=29512"}],"version-history":[{"count":0,"href":"https:\/\/confesq.org\/index.php?rest_route=\/wp\/v2\/posts\/29512\/revisions"}],"wp:featuredmedia":[{"embeddable":true,"href":"https:\/\/confesq.org\/index.php?rest_route=\/wp\/v2\/media\/29509"}],"wp:attachment":[{"href":"https:\/\/confesq.org\/index.php?rest_route=%2Fwp%2Fv2%2Fmedia&parent=29512"}],"wp:term":[{"taxonomy":"category","embeddable":true,"href":"https:\/\/confesq.org\/index.php?rest_route=%2Fwp%2Fv2%2Fcategories&post=29512"},{"taxonomy":"post_tag","embeddable":true,"href":"https:\/\/confesq.org\/index.php?rest_route=%2Fwp%2Fv2%2Ftags&post=29512"}],"curies":[{"name":"wp","href":"https:\/\/api.w.org\/{rel}","templated":true}]}}