{"id":29427,"date":"2024-04-16T07:03:33","date_gmt":"2024-04-16T07:03:33","guid":{"rendered":"https:\/\/confesq.org\/?p=29427"},"modified":"2024-04-16T09:53:28","modified_gmt":"2024-04-16T09:53:28","slug":"entrevista-al-dr-chris-amstrong-copy-copy-2-copy-copy-copy-2-copy-copy-copy-copy-copy-copy-copy-copy-copy-copy-copy-copy-copy-copy-copy-copy-2-copy-copy-copy-copy-copy-copy-copy-2","status":"publish","type":"post","link":"https:\/\/confesq.org\/?p=29427","title":{"rendered":"SOLICITAMOS INCLUIR FIBROMIALGIA Y ENCEFALOMIELITIS MI\u00c1LGICA PARA LA JUBILACI\u00d3N ANTICIPADA"},"content":{"rendered":"<div class=\"wpb-content-wrapper\"><p>[vc_row][vc_column][vc_column_text]<\/p>\n<div class=\"title-h4\" style=\"text-align: center;\">\n<div class=\"wpb_text_column wpb_content_element thegem-vc-text thegem-custom-6567616b54c091692\">\n<div class=\"wpb_wrapper\">\n<div class=\"title-h4\">\n<p>SOLICITAMOS INCLUIR FIBROMIALGIA Y ENCEFALOMIELITIS MI\u00c1LGICA PARA LA JUBILACI\u00d3N ANTICIPADA<\/p>\n<\/div>\n<\/div>\n<\/div>\n<\/div>\n<p>[\/vc_column_text][vc_single_image image=\u00bb29425&#8243; img_size=\u00bblarge\u00bb alignment=\u00bbcenter\u00bb][vc_column_text css=\u00bb.vc_custom_1713251144534{margin-right: 30px !important;margin-left: 30px !important;}\u00bb]<\/p>\n<div class=\"styled-subtitle\" style=\"text-align: justify;\"><span class=\"NormalTextRun SCXW256395547 BCX0\">En una solicitud conjunta, la Confederaci\u00f3n Espa\u00f1ola de Personas con Discapacidad F\u00edsica y Org\u00e1nica (COCEMFE) y la Coalici\u00f3n Nacional de Entidades de Fibromialgia, Encefalomielitis\u00a0<\/span><span class=\"NormalTextRun SpellingErrorV2Themed SCXW256395547 BCX0\">Mi\u00e1lgica<\/span><span class=\"NormalTextRun SCXW256395547 BCX0\">\u00a0\/ S\u00edndrome de Fatiga Cr\u00f3nica, Sensibilidad Qu\u00edmica M\u00faltiple y\u00a0<\/span><span class=\"NormalTextRun SpellingErrorV2Themed SCXW256395547 BCX0\">Elec<\/span><span class=\"NormalTextRun SpellingErrorV2Themed SCXW256395547 BCX0\">trosensibilidad<\/span><span class=\"NormalTextRun SCXW256395547 BCX0\">\u00a0(CONFESQ) instan al Ministerio de Inclusi\u00f3n, Seguridad Social y Migraciones a considerar la inclusi\u00f3n de once nuevas patolog\u00edas en la lista que permite el acceso a la jubilaci\u00f3n anticipada para personas con un grado de discapacidad del 45%\u00a0<\/span><span class=\"NormalTextRun SCXW256395547 BCX0\">o superior.\u00a0<\/span><\/div>\n<p>[\/vc_column_text][vc_column_text css=\u00bb.vc_custom_1713251160474{margin-right: 30px !important;margin-left: 30px !important;}\u00bb]<\/p>\n<div class=\"styled-subtitle\" style=\"text-align: justify;\"><span class=\"TextRun SCXW32087711 BCX0\" lang=\"ES-ES\" xml:lang=\"ES-ES\" data-contrast=\"auto\"><span class=\"NormalTextRun SCXW32087711 BCX0\">Entre las enfermedades propuestas se encuentran la fibromialgia y la encefalomielitis\u00a0<\/span><span class=\"NormalTextRun SpellingErrorV2Themed SCXW32087711 BCX0\">mi\u00e1lgica<\/span><span class=\"NormalTextRun SCXW32087711 BCX0\">\u00a0(EM\/SFC), las cuales, respaldadas por evidencia cient\u00edfica, han demostrado reducir significativamente la esperanza de vida y afectar la calidad de vi<\/span><span class=\"NormalTextRun SCXW32087711 BCX0\">da y la capacidad laboral de quienes las padecen. Esta inclusi\u00f3n se considera crucial para equiparar la transici\u00f3n hacia la jubilaci\u00f3n ante situaciones espec\u00edficas relacionadas con la reducci\u00f3n de la esperanza de vida de las personas con estas patolog\u00edas,\u00a0<\/span><span class=\"NormalTextRun SCXW32087711 BCX0\">as\u00ed como las dificultades para acceder y mantener un empleo.<\/span><\/span><span class=\"EOP SCXW32087711 BCX0\" data-ccp-props=\"{&quot;201341983&quot;:0,&quot;335551550&quot;:6,&quot;335551620&quot;:6,&quot;335559738&quot;:300,&quot;335559739&quot;:300,&quot;335559740&quot;:420,&quot;335572071&quot;:0,&quot;335572072&quot;:0,&quot;335572073&quot;:14935011,&quot;335572075&quot;:0,&quot;335572076&quot;:0,&quot;335572077&quot;:14935011,&quot;335572079&quot;:0,&quot;335572080&quot;:0,&quot;335572081&quot;:14935011,&quot;335572083&quot;:0,&quot;335572084&quot;:0,&quot;335572085&quot;:14935011,&quot;335572087&quot;:0,&quot;335572088&quot;:0,&quot;335572089&quot;:14935011,&quot;469789798&quot;:&quot;none&quot;,&quot;469789802&quot;:&quot;none&quot;,&quot;469789806&quot;:&quot;none&quot;,&quot;469789810&quot;:&quot;none&quot;,&quot;469789814&quot;:&quot;none&quot;}\">\u00a0<\/span><\/div>\n<p>[\/vc_column_text][vc_column_text css=\u00bb.vc_custom_1713251191541{margin-right: 30px !important;margin-left: 30px !important;}\u00bb]<\/p>\n<div class=\"styled-subtitle\"><span class=\"TextRun SCXW27470740 BCX0\" lang=\"ES-ES\" xml:lang=\"ES-ES\" data-contrast=\"auto\"><span class=\"NormalTextRun SpellingErrorV2Themed SCXW27470740 BCX0\">Anxo<\/span><span class=\"NormalTextRun SCXW27470740 BCX0\">\u00a0Queiruga, presidente de COCEMFE, subraya que \u201cla jubilaci\u00f3n anticipada es un paso imprescindible para muchas personas con discapacidad, que responde a la necesidad de igualar la transici\u00f3n h<\/span><span class=\"NormalTextRun SCXW27470740 BCX0\">acia la jubilaci\u00f3n ante situaciones espec\u00edficas relacionadas con la reducci\u00f3n de la esperanza de vida y las dificultades para acceder y mantener un empleo que enfrentan muchas personas de este grupo social\u201d.<\/span><\/span><span class=\"EOP SCXW27470740 BCX0\" data-ccp-props=\"{&quot;201341983&quot;:0,&quot;335551550&quot;:6,&quot;335551620&quot;:6,&quot;335559738&quot;:300,&quot;335559739&quot;:300,&quot;335559740&quot;:420,&quot;335572071&quot;:0,&quot;335572072&quot;:0,&quot;335572073&quot;:14935011,&quot;335572075&quot;:0,&quot;335572076&quot;:0,&quot;335572077&quot;:14935011,&quot;335572079&quot;:0,&quot;335572080&quot;:0,&quot;335572081&quot;:14935011,&quot;335572083&quot;:0,&quot;335572084&quot;:0,&quot;335572085&quot;:14935011,&quot;335572087&quot;:0,&quot;335572088&quot;:0,&quot;335572089&quot;:14935011,&quot;469789798&quot;:&quot;none&quot;,&quot;469789802&quot;:&quot;none&quot;,&quot;469789806&quot;:&quot;none&quot;,&quot;469789810&quot;:&quot;none&quot;,&quot;469789814&quot;:&quot;none&quot;}\">\u00a0<\/span><\/div>\n<p>[\/vc_column_text][vc_column_text css=\u00bb.vc_custom_1713251208033{margin-right: 30px !important;margin-left: 30px !important;}\u00bb]<\/p>\n<div class=\"styled-subtitle\" style=\"text-align: justify;\"><span class=\"TextRun SCXW256486530 BCX0\" lang=\"ES-ES\" xml:lang=\"ES-ES\" data-contrast=\"auto\"><span class=\"NormalTextRun SCXW256486530 BCX0\">Por su parte, Mar\u00eda L\u00f3pez Matallana, presidenta\u00a0<\/span><span class=\"NormalTextRun SCXW256486530 BCX0\">de CONFESQ, enfatiza que muchas personas afectadas por fibromialgia o encefalomielitis\u00a0<\/span><span class=\"NormalTextRun SpellingErrorV2Themed SCXW256486530 BCX0\">mi\u00e1lgica<\/span><span class=\"NormalTextRun SCXW256486530 BCX0\">, en su mayor\u00eda mujeres, se ven obligadas a abandonar sus empleos sin ning\u00fan derecho debido a la incapacidad laboral generada por estas enfermedades. En este sen<\/span><span class=\"NormalTextRun SCXW256486530 BCX0\">tido, acceder a la jubilaci\u00f3n anticipada permitir\u00eda estabilizar su calidad de vida y su situaci\u00f3n econ\u00f3mica sin necesidad de mantener largos litigios contra el Instituto Nacional de la Seguridad Social (INSS) o renunciar a sus derechos adquiridos como trab<\/span><span class=\"NormalTextRun SCXW256486530 BCX0\">ajadoras.<\/span><\/span><span class=\"EOP SCXW256486530 BCX0\" data-ccp-props=\"{&quot;201341983&quot;:0,&quot;335551550&quot;:6,&quot;335551620&quot;:6,&quot;335559738&quot;:300,&quot;335559739&quot;:300,&quot;335559740&quot;:420,&quot;335572071&quot;:0,&quot;335572072&quot;:0,&quot;335572073&quot;:14935011,&quot;335572075&quot;:0,&quot;335572076&quot;:0,&quot;335572077&quot;:14935011,&quot;335572079&quot;:0,&quot;335572080&quot;:0,&quot;335572081&quot;:14935011,&quot;335572083&quot;:0,&quot;335572084&quot;:0,&quot;335572085&quot;:14935011,&quot;335572087&quot;:0,&quot;335572088&quot;:0,&quot;335572089&quot;:14935011,&quot;469789798&quot;:&quot;none&quot;,&quot;469789802&quot;:&quot;none&quot;,&quot;469789806&quot;:&quot;none&quot;,&quot;469789810&quot;:&quot;none&quot;,&quot;469789814&quot;:&quot;none&quot;}\">\u00a0<\/span><\/div>\n<p>[\/vc_column_text][vc_column_text css=\u00bb.vc_custom_1713251223365{margin-right: 30px !important;margin-left: 30px !important;}\u00bb]<\/p>\n<div class=\"styled-subtitle\"><span class=\"TextRun SCXW179540914 BCX0\" lang=\"ES\" xml:lang=\"ES\" data-contrast=\"auto\"><span class=\"NormalTextRun SCXW179540914 BCX0\">Ambas entidades solicitan la pronta creaci\u00f3n de una comisi\u00f3n t\u00e9cnica que proponga e incorpore las nuevas patolog\u00edas para garantizar la objetividad del proceso. Adem\u00e1s, reclaman la participaci\u00f3n del movimiento asociativo de la discapacidad en esta<\/span><span class=\"NormalTextRun SCXW179540914 BCX0\">\u00a0comisi\u00f3n, con el objetivo de preparar la redacci\u00f3n de la Orden Ministerial que culminar\u00e1 la actualizaci\u00f3n del listado vigente.<\/span><\/span><span class=\"EOP SCXW179540914 BCX0\" data-ccp-props=\"{&quot;201341983&quot;:0,&quot;335551550&quot;:6,&quot;335551620&quot;:6,&quot;335559738&quot;:300,&quot;335559739&quot;:300,&quot;335559740&quot;:420,&quot;335572071&quot;:0,&quot;335572072&quot;:0,&quot;335572073&quot;:14935011,&quot;335572075&quot;:0,&quot;335572076&quot;:0,&quot;335572077&quot;:14935011,&quot;335572079&quot;:0,&quot;335572080&quot;:0,&quot;335572081&quot;:14935011,&quot;335572083&quot;:0,&quot;335572084&quot;:0,&quot;335572085&quot;:14935011,&quot;335572087&quot;:0,&quot;335572088&quot;:0,&quot;335572089&quot;:14935011,&quot;469789798&quot;:&quot;none&quot;,&quot;469789802&quot;:&quot;none&quot;,&quot;469789806&quot;:&quot;none&quot;,&quot;469789810&quot;:&quot;none&quot;,&quot;469789814&quot;:&quot;none&quot;}\">\u00a0<\/span><\/div>\n<p>[\/vc_column_text][vc_column_text css=\u00bb.vc_custom_1713261157194{margin-right: 30px !important;margin-left: 30px !important;}\u00bb]<\/p>\n<div class=\"styled-subtitle\" style=\"text-align: justify;\"><span class=\"TextRun SCXW141352841 BCX0\" lang=\"ES-ES\" xml:lang=\"ES-ES\" data-contrast=\"auto\"><span class=\"NormalTextRun SCXW141352841 BCX0\">A continuaci\u00f3n, se pueden consultar clicando en las im\u00e1genes los informes presentados para la petici\u00f3n de la inclusi\u00f3n de la encefalomielitis mi\u00e1lgica y fibromialgia en la jubilaci\u00f3n anticipada <span class=\"NormalTextRun SCXW256395547 BCX0\">para personas con un grado de discapacidad del 45%\u00a0<\/span><span class=\"NormalTextRun SCXW256395547 BCX0\">o superior<\/span>:\u00a0<\/span><\/span><\/div>\n<p>[\/vc_column_text][\/vc_column][\/vc_row][vc_row][vc_column width=\u00bb1\/2&#8243;][vc_single_image image=\u00bb29437&#8243; img_size=\u00bbmedium\u00bb alignment=\u00bbcenter\u00bb onclick=\u00bbcustom_link\u00bb img_link_target=\u00bb_blank\u00bb link=\u00bbhttps:\/\/confesq.org\/wp-content\/uploads\/2024\/04\/Informe-Fibromialgia-enero-24-COCEMFE-1.pdf\u00bb][\/vc_column][vc_column width=\u00bb1\/2&#8243;][vc_single_image image=\u00bb29438&#8243; img_size=\u00bbmedium\u00bb alignment=\u00bbcenter\u00bb onclick=\u00bbcustom_link\u00bb img_link_target=\u00bb_blank\u00bb link=\u00bbhttps:\/\/confesq.org\/wp-content\/uploads\/2024\/04\/Informe-Encefalomielitis-Mialgica-COCEMFE-VF.pdf\u00bb][\/vc_column][\/vc_row][vc_row][vc_column][vc_column_text]<\/p>\n<div class=\"styled-subtitle\"><span class=\"TextRun SCXW141352841 BCX0\" lang=\"ES-ES\" xml:lang=\"ES-ES\" data-contrast=\"auto\"><span class=\"NormalTextRun SCXW141352841 BCX0\">La nota de prensa ha obtenido unos resultados destacables<\/span><span class=\"NormalTextRun SCXW141352841 BCX0\">:\u00a0<\/span><span class=\"NormalTextRun SCXW141352841 BCX0\">\u00a0<\/span><span class=\"NormalTextRun SCXW141352841 BCX0\">un total de 27.235 impactos, una audiencia estimada de 152.121 y una repercusi\u00f3n total de\u00a0<\/span><span class=\"NormalTextRun SCXW141352841 BCX0\">179,356\u00a0<\/span><span class=\"NormalTextRun SCXW141352841 BCX0\">usuarios<\/span><span class=\"NormalTextRun SCXW141352841 BCX0\">.<\/span>\u00a0<\/span><span class=\"EOP SCXW141352841 BCX0\" data-ccp-props=\"{&quot;201341983&quot;:0,&quot;335551550&quot;:6,&quot;335551620&quot;:6,&quot;335559738&quot;:300,&quot;335559739&quot;:300,&quot;335559740&quot;:420,&quot;335572071&quot;:0,&quot;335572072&quot;:0,&quot;335572073&quot;:14935011,&quot;335572075&quot;:0,&quot;335572076&quot;:0,&quot;335572077&quot;:14935011,&quot;335572079&quot;:0,&quot;335572080&quot;:0,&quot;335572081&quot;:14935011,&quot;335572083&quot;:0,&quot;335572084&quot;:0,&quot;335572085&quot;:14935011,&quot;335572087&quot;:0,&quot;335572088&quot;:0,&quot;335572089&quot;:14935011,&quot;469789798&quot;:&quot;none&quot;,&quot;469789802&quot;:&quot;none&quot;,&quot;469789806&quot;:&quot;none&quot;,&quot;469789810&quot;:&quot;none&quot;,&quot;469789814&quot;:&quot;none&quot;}\">\u00a0<a href=\"https:\/\/confesq.org\/wp-content\/uploads\/2024\/04\/informe-1253104-NP-jubilacion-anticipada-discapacidad-45_compressed.pdf\">Este es el informe de repercusi\u00f3n.<\/a><\/span><\/div>\n<p>[\/vc_column_text][vc_column_text css=\u00bb.vc_custom_1713251289379{margin-right: 30px !important;margin-left: 30px !important;}\u00bb]<\/p>\n<div class=\"wpb_text_column wpb_content_element vc_custom_1713168953306 thegem-vc-text thegem-custom-661ce4082ed1c203\">\n<div class=\"wpb_wrapper\">\n<div class=\"styled-subtitle\">Alguno de los medios en los que ha aparecido son los siguientes:<\/div>\n<ul>\n<li>\n<div class=\"styled-subtitle\"><a href=\"https:\/\/www.europapress.es\/comunicados\/salud-0910\/noticia-comunicado-confesq-cocemfe-solicitan-incluir-fibromialgia-encefalomielitis-mialgica-jubilacion-anticipada-20240313094116.html\">EuropaPress<\/a><\/div>\n<\/li>\n<li>\n<div class=\"styled-subtitle\"><a href=\"https:\/\/www.elconfidencialdigital.com\/articulo\/comunicados\/confesq-cocemfe-solicitan-incluir-fibromialgia-encefalomielitis-mialgica-jubilacion-anticipada\/20240313083300741324.html\"><span class=\"TextRun SCXW261184663 BCX0\" lang=\"ES-ES\" xml:lang=\"ES-ES\" data-contrast=\"auto\"><span class=\"NormalTextRun SCXW261184663 BCX0\">ECD<\/span><span class=\"NormalTextRun SCXW261184663 BCX0\">\u00a0Confidencial Digital\u00a0<\/span><\/span><\/a><span class=\"EOP SCXW261184663 BCX0\" data-ccp-props=\"{&quot;201341983&quot;:0,&quot;335551550&quot;:6,&quot;335551620&quot;:6,&quot;335559738&quot;:300,&quot;335559739&quot;:300,&quot;335559740&quot;:420,&quot;335572071&quot;:0,&quot;335572072&quot;:0,&quot;335572073&quot;:14935011,&quot;335572075&quot;:0,&quot;335572076&quot;:0,&quot;335572077&quot;:14935011,&quot;335572079&quot;:0,&quot;335572080&quot;:0,&quot;335572081&quot;:14935011,&quot;335572083&quot;:0,&quot;335572084&quot;:0,&quot;335572085&quot;:14935011,&quot;335572087&quot;:0,&quot;335572088&quot;:0,&quot;335572089&quot;:14935011,&quot;469789798&quot;:&quot;none&quot;,&quot;469789802&quot;:&quot;none&quot;,&quot;469789806&quot;:&quot;none&quot;,&quot;469789810&quot;:&quot;none&quot;,&quot;469789814&quot;:&quot;none&quot;}\">\u00a0<\/span><\/div>\n<\/li>\n<li>\n<div class=\"styled-subtitle\"><a href=\"https:\/\/www.periodistadigital.com\/economia\/notas-prensa\/20240313\/confesq-cocemfe-solicitan-incluir-fibromialgia-encefalomielitis-mialgica-jubilacion-anticipada-noticia-689404982438\/\"><span class=\"TextRun SCXW94645517 BCX0\" lang=\"ES-ES\" xml:lang=\"ES-ES\" data-contrast=\"auto\"><span class=\"NormalTextRun SCXW94645517 BCX0\">Periodista Digital<\/span><\/span><\/a><span class=\"EOP SCXW94645517 BCX0\" data-ccp-props=\"{&quot;201341983&quot;:0,&quot;335551550&quot;:6,&quot;335551620&quot;:6,&quot;335559738&quot;:300,&quot;335559739&quot;:300,&quot;335559740&quot;:420,&quot;335572071&quot;:0,&quot;335572072&quot;:0,&quot;335572073&quot;:14935011,&quot;335572075&quot;:0,&quot;335572076&quot;:0,&quot;335572077&quot;:14935011,&quot;335572079&quot;:0,&quot;335572080&quot;:0,&quot;335572081&quot;:14935011,&quot;335572083&quot;:0,&quot;335572084&quot;:0,&quot;335572085&quot;:14935011,&quot;335572087&quot;:0,&quot;335572088&quot;:0,&quot;335572089&quot;:14935011,&quot;469789798&quot;:&quot;none&quot;,&quot;469789802&quot;:&quot;none&quot;,&quot;469789806&quot;:&quot;none&quot;,&quot;469789810&quot;:&quot;none&quot;,&quot;469789814&quot;:&quot;none&quot;}\">\u00a0<\/span><\/div>\n<\/li>\n<li>\n<div class=\"styled-subtitle\"><a href=\"https:\/\/www.bolsamania.com\/nota-de-prensa\/empresas\/confesq-y-cocemfe-solicitan-incluir-fibromialgia-y-encefalomielitis-mialgica-para-jubilacion-anticipada--16425793.html\"><span class=\"TextRun SCXW72107059 BCX0\" lang=\"ES-ES\" xml:lang=\"ES-ES\" data-contrast=\"auto\"><span class=\"NormalTextRun SpellingErrorV2Themed SpellingErrorHighlight SCXW72107059 BCX0\">Bolsaman\u00eda<\/span><\/span><\/a><span class=\"EOP SCXW72107059 BCX0\" data-ccp-props=\"{&quot;201341983&quot;:0,&quot;335551550&quot;:6,&quot;335551620&quot;:6,&quot;335559738&quot;:300,&quot;335559739&quot;:300,&quot;335559740&quot;:420,&quot;335572071&quot;:0,&quot;335572072&quot;:0,&quot;335572073&quot;:14935011,&quot;335572075&quot;:0,&quot;335572076&quot;:0,&quot;335572077&quot;:14935011,&quot;335572079&quot;:0,&quot;335572080&quot;:0,&quot;335572081&quot;:14935011,&quot;335572083&quot;:0,&quot;335572084&quot;:0,&quot;335572085&quot;:14935011,&quot;335572087&quot;:0,&quot;335572088&quot;:0,&quot;335572089&quot;:14935011,&quot;469789798&quot;:&quot;none&quot;,&quot;469789802&quot;:&quot;none&quot;,&quot;469789806&quot;:&quot;none&quot;,&quot;469789810&quot;:&quot;none&quot;,&quot;469789814&quot;:&quot;none&quot;}\">\u00a0<\/span><\/div>\n<\/li>\n<li>\n<div class=\"styled-subtitle\"><a href=\"https:\/\/www.que.es\/2024\/03\/13\/confesq-y-cocemfe-solicitan-incluir-fibromialgia-y-encefalomielitis-mialgica-para-jubilacion-anticipada\/\"><span class=\"TextRun SCXW139245539 BCX0\" lang=\"ES-ES\" xml:lang=\"ES-ES\" data-contrast=\"auto\"><span class=\"NormalTextRun ContextualSpellingAndGrammarErrorV2Themed SCXW139245539 BCX0\">Qu\u00e9!<\/span><\/span><span class=\"EOP SCXW139245539 BCX0\" data-ccp-props=\"{&quot;134233117&quot;:false,&quot;134233118&quot;:false,&quot;201341983&quot;:0,&quot;335551550&quot;:6,&quot;335551620&quot;:6,&quot;335559685&quot;:720,&quot;335559737&quot;:0,&quot;335559738&quot;:300,&quot;335559739&quot;:300,&quot;335559740&quot;:420,&quot;335559991&quot;:360,&quot;335572072&quot;:0,&quot;335572073&quot;:14935011,&quot;335572076&quot;:0,&quot;335572077&quot;:14935011,&quot;335572080&quot;:0,&quot;335572081&quot;:14935011,&quot;335572084&quot;:0,&quot;335572085&quot;:14935011,&quot;335572088&quot;:0,&quot;335572089&quot;:14935011,&quot;469789798&quot;:&quot;none&quot;,&quot;469789802&quot;:&quot;none&quot;,&quot;469789806&quot;:&quot;none&quot;,&quot;469789810&quot;:&quot;none&quot;,&quot;469789814&quot;:&quot;none&quot;}\">\u00a0<\/span><\/a><\/div>\n<\/li>\n<li>\n<div class=\"styled-subtitle\"><a href=\"https:\/\/www.economiadigital.es\/comunicados\/confesq-y-cocemfe-solicitan-incluir-fibromialgia-y-encefalomielitis-mialgica-para-jubilacion-anticipada.html\"><span class=\"TextRun SCXW39217953 BCX0\" lang=\"ES-ES\" xml:lang=\"ES-ES\" data-contrast=\"auto\"><span class=\"NormalTextRun SCXW39217953 BCX0\">Econom\u00eda Digital<\/span><\/span><\/a><\/div>\n<\/li>\n<li>\n<div class=\"styled-subtitle\"><a href=\"https:\/\/www.ecobolsa.com\/notas-prensa\/confesq-y-cocemfe-solicitan-incluir.html\">ECO Bolsa<\/a><\/div>\n<\/li>\n<li>\n<div class=\"styled-subtitle\"><a href=\"https:\/\/www.diariosigloxxi.com\/texto-diario\/mostrar\/4755569\/confesq-cocemfe-solicitan-incluir-fibromialgia-encefalomielitis-mialgica-jubilacion-anticipada\">Diario siglo XXI<\/a><\/div>\n<\/li>\n<li>\n<div class=\"styled-subtitle\"><a href=\"https:\/\/emprendedores.es\/notas-de-prensa\/confesq-y-cocemfe-solicitan-incluir-fibromialgia-y-encefalomielitis-mialgica-para-jubilacion-anticipada\/\">Emprendedores<\/a><\/div>\n<\/li>\n<li>\n<div class=\"styled-subtitle\"><a href=\"https:\/\/comunicae.es\/notas-de-prensa\/confesq-y-cocemfe-solicitan-incluir\">Comunicae\u2026<\/a><\/div>\n<\/li>\n<\/ul>\n<\/div>\n<\/div>\n<div class=\"wpb_text_column wpb_content_element vc_custom_1713168996072 thegem-vc-text thegem-custom-661ce4082efd05003\">\n<div class=\"wpb_wrapper\">\n<div class=\"styled-subtitle\"><\/div>\n<\/div>\n<\/div>\n<p>[\/vc_column_text][vc_column_text css=\u00bb.vc_custom_1713260830119{margin-right: 30px !important;margin-left: 30px !important;}\u00bb]<\/p>\n<div class=\"styled-subtitle\" style=\"text-align: justify;\"><span data-contrast=\"auto\">Seguimos trabajando para conseguir incluir fibromialgia y encefalomielitis mi\u00e1lgica en la lista de nuevas patolog\u00edas para el acceso a la jubilaci\u00f3n anticipada <span class=\"NormalTextRun SCXW256395547 BCX0\">para personas con un grado de discapacidad del 45%\u00a0<\/span><span class=\"NormalTextRun SCXW256395547 BCX0\">o superior<\/span>, una forma de mejorar la calidad de vida de las personas afectadas. <\/span><span data-ccp-props=\"{&quot;134233117&quot;:false,&quot;134233118&quot;:false,&quot;201341983&quot;:0,&quot;335551550&quot;:6,&quot;335551620&quot;:6,&quot;335559737&quot;:0,&quot;335559738&quot;:300,&quot;335559739&quot;:300,&quot;335559740&quot;:420,&quot;335572072&quot;:0,&quot;335572073&quot;:14935011,&quot;335572076&quot;:0,&quot;335572077&quot;:14935011,&quot;335572080&quot;:0,&quot;335572081&quot;:14935011,&quot;335572084&quot;:0,&quot;335572085&quot;:14935011,&quot;335572088&quot;:0,&quot;335572089&quot;:14935011,&quot;469789798&quot;:&quot;none&quot;,&quot;469789802&quot;:&quot;none&quot;,&quot;469789806&quot;:&quot;none&quot;,&quot;469789810&quot;:&quot;none&quot;,&quot;469789814&quot;:&quot;none&quot;}\">\u00a0<\/span><\/div>\n<p>[\/vc_column_text][\/vc_column][\/vc_row]<\/p>\n<\/div>","protected":false},"excerpt":{"rendered":"<p>[vc_row][vc_column][vc_column_text] SOLICITAMOS INCLUIR FIBROMIALGIA Y ENCEFALOMIELITIS MI\u00c1LGICA PARA LA JUBILACI\u00d3N ANTICIPADA [\/vc_column_text][vc_single_image image=\u00bb29425&#8243; img_size=\u00bblarge\u00bb alignment=\u00bbcenter\u00bb][vc_column_text css=\u00bb.vc_custom_1713251144534{margin-right: 30px !important;margin-left: 30px !important;}\u00bb]&#8230;<\/p>\n","protected":false},"author":2,"featured_media":29424,"comment_status":"closed","ping_status":"closed","sticky":false,"template":"","format":"standard","meta":{"footnotes":""},"categories":[105],"tags":[121],"class_list":{"0":"post-29427","1":"post","2":"type-post","3":"status-publish","4":"format-standard","5":"has-post-thumbnail","7":"category-novedades","8":"tag-discapacidad"},"menu_order":0,"_links":{"self":[{"href":"https:\/\/confesq.org\/index.php?rest_route=\/wp\/v2\/posts\/29427","targetHints":{"allow":["GET"]}}],"collection":[{"href":"https:\/\/confesq.org\/index.php?rest_route=\/wp\/v2\/posts"}],"about":[{"href":"https:\/\/confesq.org\/index.php?rest_route=\/wp\/v2\/types\/post"}],"author":[{"embeddable":true,"href":"https:\/\/confesq.org\/index.php?rest_route=\/wp\/v2\/users\/2"}],"replies":[{"embeddable":true,"href":"https:\/\/confesq.org\/index.php?rest_route=%2Fwp%2Fv2%2Fcomments&post=29427"}],"version-history":[{"count":15,"href":"https:\/\/confesq.org\/index.php?rest_route=\/wp\/v2\/posts\/29427\/revisions"}],"predecessor-version":[{"id":29451,"href":"https:\/\/confesq.org\/index.php?rest_route=\/wp\/v2\/posts\/29427\/revisions\/29451"}],"wp:featuredmedia":[{"embeddable":true,"href":"https:\/\/confesq.org\/index.php?rest_route=\/wp\/v2\/media\/29424"}],"wp:attachment":[{"href":"https:\/\/confesq.org\/index.php?rest_route=%2Fwp%2Fv2%2Fmedia&parent=29427"}],"wp:term":[{"taxonomy":"category","embeddable":true,"href":"https:\/\/confesq.org\/index.php?rest_route=%2Fwp%2Fv2%2Fcategories&post=29427"},{"taxonomy":"post_tag","embeddable":true,"href":"https:\/\/confesq.org\/index.php?rest_route=%2Fwp%2Fv2%2Ftags&post=29427"}],"curies":[{"name":"wp","href":"https:\/\/api.w.org\/{rel}","templated":true}]}}