{"id":29368,"date":"2024-01-02T16:09:31","date_gmt":"2024-01-02T16:09:31","guid":{"rendered":"https:\/\/confesq.org\/?p=29368"},"modified":"2024-01-02T19:18:17","modified_gmt":"2024-01-02T19:18:17","slug":"entrevista-al-dr-chris-amstrong-copy-copy-2-copy-copy-copy-2-copy-copy-copy-copy-copy-copy-copy-copy-copy-copy-copy-copy-copy-copy-copy-copy-2-copy-copy-copy-copy-copy-copy-copy","status":"publish","type":"post","link":"https:\/\/confesq.org\/?p=29368","title":{"rendered":"CARTA A LOS REYES MAGOS: colabora con los proyectos CONFESQ"},"content":{"rendered":"<div class=\"wpb-content-wrapper\"><p>[vc_row][vc_column][vc_column_text]<\/p>\n<div class=\"title-h4\" style=\"text-align: center;\">\n<div class=\"wpb_text_column wpb_content_element thegem-vc-text thegem-custom-6567616b54c091692\">\n<div class=\"wpb_wrapper\">\n<div class=\"title-h4\">\n<p><strong>CARTA A LOS REYES MAGOS: colabora con los proyectos CONFESQ<\/strong><\/div>\n<\/div>\n<\/div>\n<\/div>\n<p>[\/vc_column_text][vc_single_image image=\u00bb29369&#8243; img_size=\u00bblarge\u00bb alignment=\u00bbcenter\u00bb][vc_column_text css=\u00bb.vc_custom_1704212136671{margin-right: 30px !important;margin-left: 30px !important;}\u00bb]<\/p>\n<div class=\"styled-subtitle\"><em>Queridos Reyes Magos,<\/em><\/div>\n<p>[\/vc_column_text][vc_column_text css=\u00bb.vc_custom_1704212186778{margin-right: 30px !important;margin-left: 30px !important;}\u00bb]<\/p>\n<div class=\"styled-subtitle\" style=\"text-align: justify;\"><em>Este a\u00f1o os pedimos \u00fanica y exclusivamente solidaridad. <\/em><\/div>\n<div class=\"styled-subtitle\" style=\"text-align: justify;\"><em>Solidaridad para mantener la capacidad de representaci\u00f3n y el trabajo que venimos desarrollando en los \u00faltimos a\u00f1os. <\/em><\/div>\n<p>[\/vc_column_text][vc_column_text css=\u00bb.vc_custom_1704212228299{margin-right: 30px !important;margin-left: 30px !important;}\u00bb]<\/p>\n<div class=\"styled-subtitle\" style=\"text-align: justify;\"><em>Las entidades sociales estatales del \u00e1mbito de la discapacidad, como la nuestra, hemos sufrido grandes recortes en los \u00faltimos dos a\u00f1os y ese es el principal motivo por el que hoy estamos escribiendo esta carta.<\/em><\/div>\n<p>[\/vc_column_text][vc_column_text css=\u00bb.vc_custom_1704212282702{margin-right: 30px !important;margin-left: 30px !important;}\u00bb]<\/p>\n<div class=\"styled-subtitle\" style=\"text-align: justify;\">Como ONG tenemos muchos objetivos a\u00fan por conseguir y proyectos que desarrollar en defensa y beneficio de los pacientes que representamos, pero muy pocos recursos. Con una peque\u00f1a colaboraci\u00f3n individual, por ejemplo de 1\u20ac al mes, obtendr\u00edamos una gran suma colectiva que nos permitir\u00eda seguir mejorando este proyecto social que es CONFESQ y avanzar en el alcance de nuestros objetivos comunes.<\/div>\n<p>[\/vc_column_text][vc_column_text css=\u00bb.vc_custom_1704212337356{margin-right: 30px !important;margin-left: 30px !important;}\u00bb]<\/p>\n<div class=\"styled-subtitle\" style=\"text-align: justify;\">Lo ponemos f\u00e1cil. La plataforma para donaciones Fundaci\u00f3n Teaming asegura (y sabemos que es as\u00ed) que el \u20ac donado llega \u00edntegro a CONFESQ y tambi\u00e9n proporciona\u00a0directamente un certificado de donaciones. \u00bfNo es fant\u00e1stico? Simplemente, hay que entrar <a href=\"https:\/\/www.teaming.net\/proyectosconfesq\"><strong>en este enlace<\/strong><\/a> y darse de alta.<\/div>\n<p>[\/vc_column_text][vc_column_text css=\u00bb.vc_custom_1704212419371{margin-right: 30px !important;margin-left: 30px !important;}\u00bb]<\/p>\n<div class=\"styled-subtitle\" style=\"text-align: justify;\">Si prefer\u00eds hacer un donativo directo a nuestra\u00a0cuenta bancaria, tambi\u00e9n es sencillo:\u00a0ES42 2100 8535 3902 0004 7753.<\/div>\n<p>[\/vc_column_text][vc_column_text css=\u00bb.vc_custom_1704222895643{margin-right: 30px !important;margin-left: 30px !important;}\u00bb]<\/p>\n<div class=\"styled-subtitle\" style=\"text-align: justify;\">O a trav\u00e9s de Paypal:<\/div>\n<p>[\/vc_column_text][vc_column_text css=\u00bb.vc_custom_1704222971106{margin-right: 30px !important;margin-left: 30px !important;}\u00bb]<\/p>\n<form action=\"https:\/\/www.paypal.com\/donate\" method=\"post\" target=\"_top\"><input name=\"hosted_button_id\" type=\"hidden\" value=\"YZGD62ZE8SDTE\" \/><br \/>\n<input title=\"PayPal - The safer, easier way to pay online!\" alt=\"Bot\u00f3n\u00a0Donar con PayPal\" name=\"submit\" src=\"https:\/\/www.paypalobjects.com\/es_ES\/ES\/i\/btn\/btn_donateCC_LG.gif\" type=\"image\" \/><br \/>\n<img src=\"https:\/\/www.paypal.com\/es_ES\/i\/scr\/pixel.gif\" alt=\"\" width=\"1\" height=\"1\" border=\"0\" \/><\/form>\n<p>[\/vc_column_text][vc_column_text css=\u00bb.vc_custom_1704212570419{margin-right: 30px !important;margin-left: 30px !important;}\u00bb]<\/p>\n<div class=\"styled-subtitle\" style=\"text-align: justify;\"><em>Este a\u00f1o, queridos RRMM, nos hemos portado muy bien, hemos defendido los derechos de los pacientes y sus familias, buscando mejoras en la atenci\u00f3n sanitaria y social para todos ellos. Y queremos seguir haci\u00e9ndolo como estos \u00faltimos cuatro a\u00f1os en los que hemos conseguido logros como, por ejemplo:<\/em><em>\u00a0<\/em><\/div>\n<ul>\n<li style=\"text-align: justify;\">\n<div class=\"styled-subtitle\"><em>La retirada de las gu\u00edas de valoraci\u00f3n del INSS sobre las 4 enfermedades que representamos (lo que nos ha valido un premio europeo).<\/em><\/div>\n<\/li>\n<li style=\"text-align: justify;\">\n<div class=\"styled-subtitle\"><em>Tres ediciones de unas jornadas de investigaci\u00f3n en las que han participado m\u00e9dicos y otros profesionales sanitarios de toda Espa\u00f1a.<\/em><\/div>\n<\/li>\n<li style=\"text-align: justify;\">\n<div class=\"styled-subtitle\"><em>La realizaci\u00f3n de publicaciones como sendos informes sobre SQM y EHS que analizan la situaci\u00f3n de estos afectados con un enfoque de derechos humanos internacional.<\/em><\/div>\n<\/li>\n<li style=\"text-align: justify;\">\n<div class=\"styled-subtitle\"><em>La solicitud a la OMS de la codificaci\u00f3n de la Sensibilidad Qu\u00edmica M\u00faltiple firmado por 57 expertos y m\u00e1s de 65 asociaciones de \u00e1mbito mundial.<\/em><\/div>\n<\/li>\n<li style=\"text-align: justify;\">\n<div class=\"styled-subtitle\"><em>La organizaci\u00f3n de campa\u00f1as a nivel nacional como en la que solicitamos mejoras en la atenci\u00f3n a los pacientes de EM\/SFC (basado en una resoluci\u00f3n europea) que ha culminado con dos declaraciones institucionales y dos proposiciones no de ley, todas ellas auton\u00f3micas.<\/em><\/div>\n<\/li>\n<li style=\"text-align: justify;\">\n<div class=\"styled-subtitle\"><em>La promoci\u00f3n de la investigaci\u00f3n, como el estudio de prevalencia de Fibromialgia, EMsfc y SQM que ya est\u00e1 en marcha.<\/em><\/div>\n<\/li>\n<li>\n<div class=\"styled-subtitle\" style=\"text-align: justify;\"><em>O nuestro \u00faltimo trabajo en estos d\u00edas: la preparaci\u00f3n de una solicitud de enfermedad susceptible de jubilaci\u00f3n anticipada con el 45% de discapacidad o m\u00e1s reconocido, para Fibromialgia y EMsfc.<\/em><em style=\"font-size: 16px;\">\u00a0<\/em><\/div>\n<\/li>\n<\/ul>\n<div class=\"styled-subtitle\" style=\"text-align: justify;\"><em>Confiamos en vuestro poder para que el mensaje se difunda y nos pod\u00e1is conceder este regalo que nos permitir\u00e1 mantener nuestra actividad.<\/em><\/div>\n<p>[\/vc_column_text][vc_column_text css=\u00bb.vc_custom_1704212608629{margin-right: 30px !important;margin-left: 30px !important;}\u00bb]<\/p>\n<div class=\"styled-subtitle\" style=\"text-align: justify;\"><em>Os esperamos con mucha ilusi\u00f3n y cari\u00f1o el d\u00eda 6 de enero de 2024.<\/em><\/div>\n<p>[\/vc_column_text][vc_column_text css=\u00bb.vc_custom_1704212648618{margin-right: 30px !important;margin-left: 30px !important;}\u00bb]<\/p>\n<div class=\"styled-subtitle\"><em>Un saludo,<\/em><\/div>\n<p>[\/vc_column_text][vc_column_text css=\u00bb.vc_custom_1704212681777{margin-right: 30px !important;margin-left: 30px !important;}\u00bb]<\/p>\n<div class=\"styled-subtitle\"><em>CONFESQ<\/em><\/div>\n<p>[\/vc_column_text][\/vc_column][\/vc_row]<\/p>\n<\/div>","protected":false},"excerpt":{"rendered":"<p>[vc_row][vc_column][vc_column_text] CARTA A LOS REYES MAGOS: colabora con los proyectos CONFESQ [\/vc_column_text][vc_single_image image=\u00bb29369&#8243; img_size=\u00bblarge\u00bb alignment=\u00bbcenter\u00bb][vc_column_text css=\u00bb.vc_custom_1704212136671{margin-right: 30px !important;margin-left: 30px !important;}\u00bb]&#8230;<\/p>\n","protected":false},"author":2,"featured_media":29369,"comment_status":"closed","ping_status":"closed","sticky":false,"template":"","format":"standard","meta":{"footnotes":""},"categories":[105],"tags":[],"class_list":{"0":"post-29368","1":"post","2":"type-post","3":"status-publish","4":"format-standard","5":"has-post-thumbnail","7":"category-novedades"},"menu_order":0,"_links":{"self":[{"href":"https:\/\/confesq.org\/index.php?rest_route=\/wp\/v2\/posts\/29368","targetHints":{"allow":["GET"]}}],"collection":[{"href":"https:\/\/confesq.org\/index.php?rest_route=\/wp\/v2\/posts"}],"about":[{"href":"https:\/\/confesq.org\/index.php?rest_route=\/wp\/v2\/types\/post"}],"author":[{"embeddable":true,"href":"https:\/\/confesq.org\/index.php?rest_route=\/wp\/v2\/users\/2"}],"replies":[{"embeddable":true,"href":"https:\/\/confesq.org\/index.php?rest_route=%2Fwp%2Fv2%2Fcomments&post=29368"}],"version-history":[{"count":5,"href":"https:\/\/confesq.org\/index.php?rest_route=\/wp\/v2\/posts\/29368\/revisions"}],"predecessor-version":[{"id":29375,"href":"https:\/\/confesq.org\/index.php?rest_route=\/wp\/v2\/posts\/29368\/revisions\/29375"}],"wp:featuredmedia":[{"embeddable":true,"href":"https:\/\/confesq.org\/index.php?rest_route=\/wp\/v2\/media\/29369"}],"wp:attachment":[{"href":"https:\/\/confesq.org\/index.php?rest_route=%2Fwp%2Fv2%2Fmedia&parent=29368"}],"wp:term":[{"taxonomy":"category","embeddable":true,"href":"https:\/\/confesq.org\/index.php?rest_route=%2Fwp%2Fv2%2Fcategories&post=29368"},{"taxonomy":"post_tag","embeddable":true,"href":"https:\/\/confesq.org\/index.php?rest_route=%2Fwp%2Fv2%2Ftags&post=29368"}],"curies":[{"name":"wp","href":"https:\/\/api.w.org\/{rel}","templated":true}]}}