{"id":29294,"date":"2023-11-06T07:40:08","date_gmt":"2023-11-06T07:40:08","guid":{"rendered":"https:\/\/confesq.org\/?p=29294"},"modified":"2023-11-16T09:34:27","modified_gmt":"2023-11-16T09:34:27","slug":"entrevista-al-dr-chris-amstrong-copy-copy-2-copy-copy-copy-2-copy-copy-copy-copy-copy-copy-copy-copy-copy-copy-copy-copy-copy-copy-copy-copy-2-copy","status":"publish","type":"post","link":"https:\/\/confesq.org\/?p=29294","title":{"rendered":"SQM, EHS Y DISCAPACIDAD ORG\u00c1NICA: AN\u00c1LISIS DESDE UN ENFOQUE DE DERECHOS HUMANOS"},"content":{"rendered":"<div class=\"wpb-content-wrapper\"><p>[vc_row][vc_column][vc_column_text]<\/p>\n<div class=\"title-h4\" style=\"text-align: center;\">\n<p>SQM, EHS Y DISCAPACIDAD ORG\u00c1NICA: AN\u00c1LISIS DESDE UN ENFOQUE DE DERECHOS HUMANOS<\/p><\/div>\n<p>[\/vc_column_text][vc_single_image image=\u00bb29297&#8243; img_size=\u00bblarge\u00bb alignment=\u00bbcenter\u00bb][vc_column_text css=\u00bb.vc_custom_1699379799618{margin-right: 30px !important;margin-left: 30px !important;}\u00bb]<\/p>\n<div class=\"styled-subtitle\" style=\"text-align: justify;\">La Jornada celebrada el 6 de noviembre de 2023 sobre\u00a0<strong><em>Sensibilidad Qu\u00edmica M\u00faltiple, Electrosensibilidad y discapacidad org\u00e1nica: an\u00e1lisis desde un enfoque de derechos humanos,<\/em><\/strong>\u00a0abord\u00f3 las dificultades de nuestro colectivo en el contexto de la Convenci\u00f3n de los Derechos de las Personas con Discapacidad y ha sido el marco para la presentaci\u00f3n de sendos informes que responden a un an\u00e1lisis socio-jur\u00eddico y que buscan realizar una primera aproximaci\u00f3n a la situaci\u00f3n de las personas afectadas por la SQM y por la EHS desde un enfoque de discapacidad y derechos humanos.<\/div>\n<p>[\/vc_column_text][vc_column_text css=\u00bb.vc_custom_1699379849394{margin-right: 30px !important;margin-left: 30px !important;}\u00bb]<\/p>\n<div class=\"styled-subtitle\" style=\"text-align: justify;\">Este es el primer paso en una l\u00ednea de actuaci\u00f3n m\u00e1s amplia: utilizar el derecho internacional de los derechos humanos y sus mecanismos de protecci\u00f3n para avanzar en la protecci\u00f3n de los derechos de las personas afectadas, fortaleciendo el trabajo que se viene realizando desde CONFESQ y desde sus respectivas Asociaciones y Federaciones.<\/div>\n<p>[\/vc_column_text][vc_column_text css=\u00bb.vc_custom_1699379971752{margin-right: 30px !important;margin-left: 30px !important;}\u00bb]<\/p>\n<div class=\"styled-subtitle\" style=\"text-align: justify;\">Este es el v\u00eddeo de la jornada:<\/div>\n<p>[\/vc_column_text][vc_column_text css=\u00bb.vc_custom_1699460090514{margin-right: 30px !important;margin-left: 30px !important;}\u00bb]<\/p>\n<div class=\"styled-subtitle\" style=\"text-align: center;\"><iframe title=\"YouTube video player\" src=\"https:\/\/www.youtube.com\/embed\/UtxU70S9waI?si=C3ipJ2ksd3CELVM8\" width=\"560\" height=\"315\" frameborder=\"0\" allowfullscreen=\"allowfullscreen\"><\/iframe><\/div>\n<p>[\/vc_column_text][vc_column_text css=\u00bb.vc_custom_1699379930157{margin-right: 30px !important;margin-left: 30px !important;}\u00bb]<\/p>\n<div class=\"styled-subtitle\" style=\"text-align: justify;\">A continuaci\u00f3n, puedes encontrar los informes referentes a cada enfermedad clicando en las im\u00e1genes:<\/div>\n<p>[\/vc_column_text][vc_row_inner][vc_column_inner width=\u00bb1\/2&#8243;][vc_single_image image=\u00bb29298&#8243; img_size=\u00bbmedium\u00bb alignment=\u00bbcenter\u00bb onclick=\u00bbcustom_link\u00bb img_link_target=\u00bb_blank\u00bb link=\u00bbhttps:\/\/confesq.org\/wp-content\/uploads\/2023\/11\/SQM-Documento-final.pdf\u00bb][\/vc_column_inner][vc_column_inner width=\u00bb1\/2&#8243;][vc_single_image image=\u00bb29299&#8243; img_size=\u00bbmedium\u00bb alignment=\u00bbcenter\u00bb onclick=\u00bbcustom_link\u00bb img_link_target=\u00bb_blank\u00bb link=\u00bbhttps:\/\/confesq.org\/wp-content\/uploads\/2023\/11\/Documento-final-EHS_compressed.pdf\u00bb][\/vc_column_inner][\/vc_row_inner][vc_column_text css=\u00bb.vc_custom_1699380011611{margin-right: 30px !important;margin-left: 30px !important;}\u00bb]<\/p>\n<div class=\"styled-subtitle\" style=\"text-align: justify;\">Esperamos que os resulten de inter\u00e9s y que pod\u00e1is darle difusi\u00f3n.<\/div>\n<p>[\/vc_column_text][vc_column_text css=\u00bb.vc_custom_1699380047592{margin-right: 30px !important;margin-left: 30px !important;}\u00bb]<\/p>\n<div class=\"styled-subtitle\" style=\"text-align: justify;\">Gracias a las personas y asociaciones que han contribuido en la elaboraci\u00f3n y revisi\u00f3n de estos documentos. A Esther Fern\u00e1ndez Landa y Mar Rosa, por su gran trabajo como investigadoras y por su implicaci\u00f3n en el proyecto.\u00a0 Y gracias al trabajo profesional y emp\u00e1tico de las abogadas de\u00a0 Medusa Human Rights, autoras de los informes.<\/div>\n<p>[\/vc_column_text][vc_column_text css=\u00bb.vc_custom_1700127246345{margin-right: 30px !important;margin-left: 30px !important;}\u00bb]<\/p>\n<div class=\"styled-subtitle\" style=\"text-align: justify;\">*Estudio financiado por FUNDACI\u00d3N ONCE a trav\u00e9s del Plan de Prioridades de COCEMFE.<br \/>\nY co-financiaci\u00f3n: EQSDS. SFC-SQM Euskadi. SFC-SQM Madrid a trav\u00e9s de la Junta Municipal de Retiro, Ayuntamiento de Madrid.<\/div>\n<div><img class=\"alignnone wp-image-26561\" src=\"https:\/\/confesq.org\/wp-content\/uploads\/2019\/09\/logo_fundacion_once-300x94.jpg\" alt=\"\" width=\"192\" height=\"60\" srcset=\"https:\/\/confesq.org\/wp-content\/uploads\/2019\/09\/logo_fundacion_once-300x94.jpg 300w, https:\/\/confesq.org\/wp-content\/uploads\/2019\/09\/logo_fundacion_once-768x240.jpg 768w, https:\/\/confesq.org\/wp-content\/uploads\/2019\/09\/logo_fundacion_once-1024x320.jpg 1024w, https:\/\/confesq.org\/wp-content\/uploads\/2019\/09\/logo_fundacion_once.jpg 1200w\" sizes=\"(max-width: 192px) 100vw, 192px\" \/> <img class=\"alignnone wp-image-29306\" src=\"https:\/\/confesq.org\/wp-content\/uploads\/2023\/11\/COCEMFE-300x254.png\" alt=\"\" width=\"92\" height=\"78\" srcset=\"https:\/\/confesq.org\/wp-content\/uploads\/2023\/11\/COCEMFE-300x254.png 300w, https:\/\/confesq.org\/wp-content\/uploads\/2023\/11\/COCEMFE-800x677.png 800w, https:\/\/confesq.org\/wp-content\/uploads\/2023\/11\/COCEMFE-1024x867.png 1024w, https:\/\/confesq.org\/wp-content\/uploads\/2023\/11\/COCEMFE-768x650.png 768w, https:\/\/confesq.org\/wp-content\/uploads\/2023\/11\/COCEMFE.png 1411w\" sizes=\"(max-width: 92px) 100vw, 92px\" \/><img class=\"alignnone wp-image-29177\" src=\"https:\/\/confesq.org\/wp-content\/uploads\/2023\/05\/EQSDS.png\" alt=\"\" width=\"76\" height=\"76\" srcset=\"https:\/\/confesq.org\/wp-content\/uploads\/2023\/05\/EQSDS.png 249w, https:\/\/confesq.org\/wp-content\/uploads\/2023\/05\/EQSDS-160x160.png 160w, https:\/\/confesq.org\/wp-content\/uploads\/2023\/05\/EQSDS-180x180.png 180w, https:\/\/confesq.org\/wp-content\/uploads\/2023\/05\/EQSDS-150x150.png 150w\" sizes=\"(max-width: 76px) 100vw, 76px\" \/><img class=\"alignnone wp-image-26939\" src=\"https:\/\/confesq.org\/wp-content\/uploads\/2020\/03\/LOGO2_AESEC-Euskadi_2okok-249x300.png\" alt=\"\" width=\"78\" height=\"94\" srcset=\"https:\/\/confesq.org\/wp-content\/uploads\/2020\/03\/LOGO2_AESEC-Euskadi_2okok-249x300.png 249w, https:\/\/confesq.org\/wp-content\/uploads\/2020\/03\/LOGO2_AESEC-Euskadi_2okok.png 300w\" sizes=\"(max-width: 78px) 100vw, 78px\" \/><img class=\"alignnone wp-image-29304\" src=\"https:\/\/confesq.org\/wp-content\/uploads\/2023\/11\/sfc-sqm-300x300.png\" alt=\"\" width=\"108\" height=\"108\" srcset=\"https:\/\/confesq.org\/wp-content\/uploads\/2023\/11\/sfc-sqm-300x300.png 300w, https:\/\/confesq.org\/wp-content\/uploads\/2023\/11\/sfc-sqm-160x160.png 160w, https:\/\/confesq.org\/wp-content\/uploads\/2023\/11\/sfc-sqm-180x180.png 180w, https:\/\/confesq.org\/wp-content\/uploads\/2023\/11\/sfc-sqm-600x600.png 600w, https:\/\/confesq.org\/wp-content\/uploads\/2023\/11\/sfc-sqm-150x150.png 150w, https:\/\/confesq.org\/wp-content\/uploads\/2023\/11\/sfc-sqm-256x256.png 256w, https:\/\/confesq.org\/wp-content\/uploads\/2023\/11\/sfc-sqm.png 709w\" sizes=\"(max-width: 108px) 100vw, 108px\" \/><img class=\"alignnone wp-image-29307\" src=\"https:\/\/confesq.org\/wp-content\/uploads\/2023\/11\/WhatsApp-Image-2021-06-11-at-16.25.08-1-1-300x63.png\" alt=\"\" width=\"248\" height=\"52\" srcset=\"https:\/\/confesq.org\/wp-content\/uploads\/2023\/11\/WhatsApp-Image-2021-06-11-at-16.25.08-1-1-300x63.png 300w, https:\/\/confesq.org\/wp-content\/uploads\/2023\/11\/WhatsApp-Image-2021-06-11-at-16.25.08-1-1-800x168.png 800w, https:\/\/confesq.org\/wp-content\/uploads\/2023\/11\/WhatsApp-Image-2021-06-11-at-16.25.08-1-1-1024x215.png 1024w, https:\/\/confesq.org\/wp-content\/uploads\/2023\/11\/WhatsApp-Image-2021-06-11-at-16.25.08-1-1-768x161.png 768w, https:\/\/confesq.org\/wp-content\/uploads\/2023\/11\/WhatsApp-Image-2021-06-11-at-16.25.08-1-1.png 1153w\" sizes=\"(max-width: 248px) 100vw, 248px\" \/><\/div>\n<p>[\/vc_column_text][\/vc_column][\/vc_row]<\/p>\n<\/div>","protected":false},"excerpt":{"rendered":"<p>[vc_row][vc_column][vc_column_text] SQM, EHS Y DISCAPACIDAD ORG\u00c1NICA: AN\u00c1LISIS DESDE UN ENFOQUE DE DERECHOS HUMANOS [\/vc_column_text][vc_single_image image=\u00bb29297&#8243; img_size=\u00bblarge\u00bb alignment=\u00bbcenter\u00bb][vc_column_text css=\u00bb.vc_custom_1699379799618{margin-right: 30px !important;margin-left:&#8230;<\/p>\n","protected":false},"author":2,"featured_media":29297,"comment_status":"closed","ping_status":"closed","sticky":false,"template":"","format":"standard","meta":{"footnotes":""},"categories":[105],"tags":[121],"class_list":{"0":"post-29294","1":"post","2":"type-post","3":"status-publish","4":"format-standard","5":"has-post-thumbnail","7":"category-novedades","8":"tag-discapacidad"},"menu_order":0,"_links":{"self":[{"href":"https:\/\/confesq.org\/index.php?rest_route=\/wp\/v2\/posts\/29294","targetHints":{"allow":["GET"]}}],"collection":[{"href":"https:\/\/confesq.org\/index.php?rest_route=\/wp\/v2\/posts"}],"about":[{"href":"https:\/\/confesq.org\/index.php?rest_route=\/wp\/v2\/types\/post"}],"author":[{"embeddable":true,"href":"https:\/\/confesq.org\/index.php?rest_route=\/wp\/v2\/users\/2"}],"replies":[{"embeddable":true,"href":"https:\/\/confesq.org\/index.php?rest_route=%2Fwp%2Fv2%2Fcomments&post=29294"}],"version-history":[{"count":10,"href":"https:\/\/confesq.org\/index.php?rest_route=\/wp\/v2\/posts\/29294\/revisions"}],"predecessor-version":[{"id":29295,"href":"https:\/\/confesq.org\/index.php?rest_route=\/wp\/v2\/posts\/29294\/revisions\/29295"}],"wp:featuredmedia":[{"embeddable":true,"href":"https:\/\/confesq.org\/index.php?rest_route=\/wp\/v2\/media\/29297"}],"wp:attachment":[{"href":"https:\/\/confesq.org\/index.php?rest_route=%2Fwp%2Fv2%2Fmedia&parent=29294"}],"wp:term":[{"taxonomy":"category","embeddable":true,"href":"https:\/\/confesq.org\/index.php?rest_route=%2Fwp%2Fv2%2Fcategories&post=29294"},{"taxonomy":"post_tag","embeddable":true,"href":"https:\/\/confesq.org\/index.php?rest_route=%2Fwp%2Fv2%2Ftags&post=29294"}],"curies":[{"name":"wp","href":"https:\/\/api.w.org\/{rel}","templated":true}]}}