{"id":29259,"date":"2023-07-24T11:11:30","date_gmt":"2023-07-24T11:11:30","guid":{"rendered":"https:\/\/confesq.org\/?p=29259"},"modified":"2023-07-24T11:48:58","modified_gmt":"2023-07-24T11:48:58","slug":"entrevista-al-dr-chris-amstrong-copy-copy-2-copy-copy-copy-2-copy-copy-copy-copy-copy-copy-copy-copy-copy-copy-copy-copy-copy-copy-copy-copy","status":"publish","type":"post","link":"https:\/\/confesq.org\/?p=29259","title":{"rendered":"NOTA DE PRESA III JORNADAS DE INVESTIGACI\u00d3N DE INVESTIGACI\u00d3N CONFESQ"},"content":{"rendered":"<div class=\"wpb-content-wrapper\"><p>[vc_row][vc_column][vc_column_text]<\/p>\n<div class=\"title-h4\" style=\"text-align: center;\">\n<p><strong>NOTA DE PRESA III JORNADAS DE INVESTIGACI\u00d3N CONFESQ<\/strong><\/div>\n<p>[\/vc_column_text][vc_single_image image=\u00bb29262&#8243; img_size=\u00bblarge\u00bb alignment=\u00bbcenter\u00bb][vc_column_text css=\u00bb.vc_custom_1690198023269{margin-right: 30px !important;margin-left: 30px !important;}\u00bb]<\/p>\n<div class=\"styled-subtitle\" style=\"text-align: justify;\">CONFESQ lidera las III Jornadas de Investigaci\u00f3n en FM, EM\/SFC, SQM y EHS, que este a\u00f1o est\u00e1n cargadas de innovaci\u00f3n y avances cient\u00edficos. Se llevar\u00e1n a cabo tanto online como en tres sedes f\u00edsicas en Espa\u00f1a: Zaragoza, Toledo y Valencia.<\/div>\n<p>[\/vc_column_text][vc_column_text css=\u00bb.vc_custom_1690198203387{margin-right: 30px !important;margin-left: 30px !important;}\u00bb]<\/p>\n<div class=\"styled-subtitle\" style=\"text-align: justify;\">El objetivo de las Jornadas consiste en profundizar el entendimiento de estas enfermedades y promover la investigaci\u00f3n espa\u00f1ola en estos campos. Como indica Mar\u00eda L\u00f3pez Matallana, presidenta de CONFESQ: \u00abEstas jornadas est\u00e1n dise\u00f1adas para m\u00e9dicos, investigadores y otros profesionales de la salud, con el prop\u00f3sito de explorar estas condiciones desde una perspectiva cient\u00edfica actualizada. Nuestra meta es fomentar el encuentro entre profesionales y promover la investigaci\u00f3n espa\u00f1ola en estas patolog\u00edas\u00bb.<\/div>\n<p>[\/vc_column_text][vc_column_text css=\u00bb.vc_custom_1690198241369{margin-right: 30px !important;margin-left: 30px !important;}\u00bb]<\/p>\n<div class=\"styled-subtitle\" style=\"text-align: justify;\">Tambi\u00e9n podr\u00e1n seguirse online, modalidad abierta a profesionales y pacientes.<\/div>\n<p>[\/vc_column_text][vc_column_text css=\u00bb.vc_custom_1690198399807{margin-right: 30px !important;margin-left: 30px !important;}\u00bb]<\/p>\n<div class=\"styled-subtitle\" style=\"text-align: justify;\">Puede verse el programa general y detallado para cada una de las sedes tem\u00e1ticas, as\u00ed como la forma de presentar comunicaciones cient\u00edficas <strong><a href=\"https:\/\/confesq.org\/?p=29238\" target=\"_blank\" rel=\"noopener\">a trav\u00e9s de este enlace.<\/a><\/strong><\/div>\n<p>[\/vc_column_text][vc_column_text css=\u00bb.vc_custom_1690199530013{margin-right: 30px !important;margin-left: 30px !important;}\u00bb]<\/p>\n<div class=\"styled-subtitle\" style=\"text-align: justify;\"><strong><a href=\"https:\/\/www.europapress.es\/comunicados\/salud-0910\/noticia-comunicado-confesq-lanza-iii-jornadas-investigacion-fibromialgia-encefalomielitis-mialgica-sqm-ehs-20230718134743.html\">Esta es la nota de prensa<\/a><\/strong> lanzada para anunciar su celebraci\u00f3n. Seg\u00fan su <strong><a href=\"https:\/\/confesq.org\/wp-content\/uploads\/2023\/07\/informe-1247520-NP-julio-23_compressed.pdf\" target=\"_blank\" rel=\"noopener\">informe de repercusi\u00f3n<\/a><\/strong>, ha obtenido 13.797 impactos, una audiencia estimada de 159.303 y una repercusi\u00f3n total de 173.100 usuarios.<\/div>\n<p>[\/vc_column_text][vc_column_text css=\u00bb.vc_custom_1690198748120{margin-right: 30px !important;margin-left: 30px !important;}\u00bb]<\/p>\n<div class=\"styled-subtitle\">Algunos medios en los que ha aparecido son:<\/div>\n<ul>\n<li>\n<div class=\"styled-subtitle\"><strong><a href=\"https:\/\/www.periodistadigital.com\/economia\/notas-prensa\/20230718\/confesq-lanza-iii-jornadas-investigacion-fibromialgia-encefalomielitis-mialgica-sqm-ehs-noticia-689404925473\/\">Periodista Digital<\/a><\/strong><\/div>\n<\/li>\n<li>\n<div class=\"styled-subtitle\"><strong><a href=\"https:\/\/www.elboletin.com\/notas-de-empresa\/?notaid=confesq-lanza-las-iii-jornadas-de&amp;sid=comunicae\">elBolet\u00edn<\/a><\/strong><\/div>\n<\/li>\n<li>\n<div class=\"styled-subtitle\"><strong><a href=\"https:\/\/comunicae.es\/notas-de-prensa\/confesq-lanza-las-iii-jornadas-de\">Comunicae<\/a><\/strong><\/div>\n<\/li>\n<li>\n<div class=\"styled-subtitle\"><strong><a href=\"https:\/\/www.europa24horas.com\/confesq-lanza-las-iii-jornadas-de-investigacion-en-fibromialgia-encefalomielitis-mialgica-sqm-y-ehs\/\">Europa 24h<\/a><\/strong><\/div>\n<\/li>\n<li>\n<div class=\"styled-subtitle\"><strong><a href=\"https:\/\/canalprensa.com\/confesq-lanza-las-iii-jornadas-de-investigacion-en-fibromialgia-encefalomielitis-mialgica-sqm-y-ehs\/\">CanalPrensa<\/a><\/strong><\/div>\n<\/li>\n<li>\n<div class=\"styled-subtitle\"><a href=\"https:\/\/www.cocemfe.es\/informate\/noticias\/confesq-lanza-las-iii-jornadas-de-investigacion-en-fibromialgia-encefalomielitis-mialgica-sensibilidad-quimica-multiple-y-electrohipersensibilidad\/\" target=\"_blank\" rel=\"noopener\"><strong>COCEMFE<\/strong><\/a><\/div>\n<\/li>\n<\/ul>\n<p>[\/vc_column_text][vc_column_text css=\u00bb.vc_custom_1690198592263{margin-right: 30px !important;margin-left: 30px !important;}\u00bb]<\/p>\n<div class=\"styled-subtitle\" style=\"text-align: justify;\"><strong><a href=\"https:\/\/form.jotform.com\/231583156571054\">Este es el formulario de inscripci\u00f3n.<\/a> <\/strong>Nos encantar\u00eda contar con tu asistencia.<\/div>\n<p>[\/vc_column_text][vc_column_text css=\u00bb.vc_custom_1690198618304{margin-right: 30px !important;margin-left: 30px !important;}\u00bb]<\/p>\n<div class=\"styled-subtitle\">\u00a1Te esperamos!<\/div>\n<p>[\/vc_column_text][vc_column_text css=\u00bb.vc_custom_1690198659420{margin-right: 30px !important;margin-left: 30px !important;}\u00bb]<\/p>\n<p style=\"text-align: justify;\"><strong>NOTA<\/strong>:<em> Este proyecto est\u00e1 co-organizado con Fe-Asafa, SFC-SQM Castilla La Mancha y SFC-SQM <\/em><em>Comunidad Valenciana, asociaciones que pertenecen a CONFESQ. Recibe apoyo a trav\u00e9s de las <\/em><em>subvenciones para la realizaci\u00f3n de actividades de inter\u00e9s general consideradas de inter\u00e9s social de la convocatoria del 0,7 del Ministerio de Derechos Sociales y Agenda 2030, gestionado por COCEMFE. Cuenta con la colaboraci\u00f3n de las asociaciones SFC-SQM Madrid y Electro y Qu\u00edmico Sensibles por el Derecho a la Salud.<\/em><\/p>\n<p>[\/vc_column_text][\/vc_column][\/vc_row]<\/p>\n<\/div>","protected":false},"excerpt":{"rendered":"<p>[vc_row][vc_column][vc_column_text] NOTA DE PRESA III JORNADAS DE INVESTIGACI\u00d3N CONFESQ [\/vc_column_text][vc_single_image image=\u00bb29262&#8243; img_size=\u00bblarge\u00bb alignment=\u00bbcenter\u00bb][vc_column_text css=\u00bb.vc_custom_1690198023269{margin-right: 30px !important;margin-left: 30px !important;}\u00bb] CONFESQ lidera&#8230;<\/p>\n","protected":false},"author":2,"featured_media":29262,"comment_status":"closed","ping_status":"closed","sticky":false,"template":"","format":"standard","meta":{"footnotes":""},"categories":[105],"tags":[127,131,126],"class_list":{"0":"post-29259","1":"post","2":"type-post","3":"status-publish","4":"format-standard","5":"has-post-thumbnail","7":"category-novedades","8":"tag-jornadas-de-investigacion","9":"tag-jornadas-fm-sfc-em-sqm-ehs","10":"tag-jornadas-investigacion"},"menu_order":0,"_links":{"self":[{"href":"https:\/\/confesq.org\/index.php?rest_route=\/wp\/v2\/posts\/29259","targetHints":{"allow":["GET"]}}],"collection":[{"href":"https:\/\/confesq.org\/index.php?rest_route=\/wp\/v2\/posts"}],"about":[{"href":"https:\/\/confesq.org\/index.php?rest_route=\/wp\/v2\/types\/post"}],"author":[{"embeddable":true,"href":"https:\/\/confesq.org\/index.php?rest_route=\/wp\/v2\/users\/2"}],"replies":[{"embeddable":true,"href":"https:\/\/confesq.org\/index.php?rest_route=%2Fwp%2Fv2%2Fcomments&post=29259"}],"version-history":[{"count":5,"href":"https:\/\/confesq.org\/index.php?rest_route=\/wp\/v2\/posts\/29259\/revisions"}],"predecessor-version":[{"id":29267,"href":"https:\/\/confesq.org\/index.php?rest_route=\/wp\/v2\/posts\/29259\/revisions\/29267"}],"wp:featuredmedia":[{"embeddable":true,"href":"https:\/\/confesq.org\/index.php?rest_route=\/wp\/v2\/media\/29262"}],"wp:attachment":[{"href":"https:\/\/confesq.org\/index.php?rest_route=%2Fwp%2Fv2%2Fmedia&parent=29259"}],"wp:term":[{"taxonomy":"category","embeddable":true,"href":"https:\/\/confesq.org\/index.php?rest_route=%2Fwp%2Fv2%2Fcategories&post=29259"},{"taxonomy":"post_tag","embeddable":true,"href":"https:\/\/confesq.org\/index.php?rest_route=%2Fwp%2Fv2%2Ftags&post=29259"}],"curies":[{"name":"wp","href":"https:\/\/api.w.org\/{rel}","templated":true}]}}