{"id":29232,"date":"2023-07-06T09:52:58","date_gmt":"2023-07-06T09:52:58","guid":{"rendered":"https:\/\/confesq.org\/?p=29232"},"modified":"2023-07-17T10:31:43","modified_gmt":"2023-07-17T10:31:43","slug":"entrevista-al-dr-chris-amstrong-copy-copy-2-copy-copy-copy-2-copy-copy-copy-copy-copy-copy-copy-copy-copy-copy-copy-copy-copy-copy","status":"publish","type":"post","link":"https:\/\/confesq.org\/?p=29232","title":{"rendered":"Cl\u00ednicos y pacientes solicitan a la OMS la codificaci\u00f3n de la Sensibilidad Qu\u00edmica M\u00faltiple"},"content":{"rendered":"<div class=\"wpb-content-wrapper\"><p>[vc_row][vc_column][vc_column_text]<\/p>\n<div class=\"title-h4\" style=\"text-align: center;\">\n<p><strong>Cl\u00ednicos y pacientes solicitan a la OMS la codificaci\u00f3n de la Sensibilidad Qu\u00edmica M\u00faltiple<\/strong><\/div>\n<p>[\/vc_column_text][vc_single_image image=\u00bb29234&#8243; img_size=\u00bblarge\u00bb alignment=\u00bbcenter\u00bb][vc_column_text css=\u00bb.vc_custom_1688640947943{margin-right: 30px !important;margin-left: 30px !important;}\u00bb]<\/p>\n<div class=\"styled-subtitle\" style=\"text-align: justify;\"><span class=\"TextRun SCXW127619696 BCX0\" lang=\"ES-ES\" xml:lang=\"ES-ES\" data-contrast=\"none\"><span class=\"NormalTextRun SCXW127619696 BCX0\"><a href=\"http:\/\/www.fundacion-alborada.org\/\" target=\"_blank\" rel=\"noopener\">Fundaci\u00f3n Alborada<\/a> y <a href=\"https:\/\/confesq.org\/\" target=\"_blank\" rel=\"noopener\">CONFESQ <\/a><\/span><span class=\"NormalTextRun SCXW127619696 BCX0\">lideran una solicitud a la <\/span><\/span><span class=\"TextRun SCXW127619696 BCX0\" lang=\"ES-ES\" xml:lang=\"ES-ES\" data-contrast=\"auto\"><span class=\"NormalTextRun SCXW127619696 BCX0\">Organizaci\u00f3n Mundial de la Salud &#8211; OMS<\/span><\/span><span class=\"TextRun SCXW127619696 BCX0\" lang=\"ES-ES\" xml:lang=\"ES-ES\" data-contrast=\"none\"><span class=\"NormalTextRun SCXW127619696 BCX0\"> para la codificaci\u00f3n de la <\/span><\/span><span class=\"TextRun SCXW127619696 BCX0\" lang=\"ES-ES\" xml:lang=\"ES-ES\" data-contrast=\"auto\"><span class=\"NormalTextRun SCXW127619696 BCX0\">sensibilidad qu\u00edmica m\u00faltiple en el CIE-11, para lo que han presentado<\/span><\/span><span class=\"TextRun SCXW127619696 BCX0\" lang=\"ES-ES\" xml:lang=\"ES-ES\" data-contrast=\"none\"><span class=\"NormalTextRun SCXW127619696 BCX0\"> un documento cient\u00edfico y social firmado por expertos y asociaciones de todo el mundo.<\/span><\/span><\/div>\n<p>[\/vc_column_text][vc_column_text css=\u00bb.vc_custom_1688641010779{margin-right: 30px !important;margin-left: 30px !important;}\u00bb]<\/p>\n<div class=\"styled-subtitle\" style=\"text-align: justify;\"><span class=\"TextRun SCXW87474240 BCX0\" lang=\"ES-ES\" xml:lang=\"ES-ES\" data-contrast=\"auto\"><span class=\"NormalTextRun SCXW87474240 BCX0\">Un total de <\/span><span class=\"NormalTextRun SCXW87474240 BCX0\">56 cl\u00ednicos e investigadores y 75 asociaciones de 6 <\/span><span class=\"NormalTextRun SCXW87474240 BCX0\">pa\u00edses,<\/span> <span class=\"NormalTextRun SCXW87474240 BCX0\">se han unido a esta propuesta<\/span><span class=\"NormalTextRun SCXW87474240 BCX0\"> que se present\u00f3<\/span><span class=\"NormalTextRun SCXW87474240 BCX0\"> en el apartado \u00ab<\/span><\/span><span class=\"TextRun SCXW87474240 BCX0\" lang=\"ES-ES\" xml:lang=\"ES-ES\" data-contrast=\"auto\"><span class=\"NormalTextRun SCXW87474240 BCX0\">Condiciones al\u00e9rgicas o de<\/span> <span class=\"NormalTextRun SCXW87474240 BCX0\">hipersensibilidad<\/span><\/span><span class=\"TextRun SCXW87474240 BCX0\" lang=\"ES-ES\" xml:lang=\"ES-ES\" data-contrast=\"auto\"><span class=\"NormalTextRun SCXW87474240 BCX0\">\u00ab<\/span><span class=\"NormalTextRun SCXW87474240 BCX0\"> de la <\/span><\/span><a class=\"Hyperlink SCXW87474240 BCX0\" href=\"https:\/\/icd.who.int\/dev11\/Identity\/Account\/Login?ReturnUrl=%2Fdev11%2Fproposals%2Ff%2Ficd%2Fen#\/http:\/\/id.who.int\/icd\/entity\/642618805?readOnly=true&amp;action=ContentEnhancementProposal&amp;stableProposalGroupId=462cb7f5-2005-42bd-8419-12acbb7ca09d\" target=\"_blank\" rel=\"noreferrer noopener\"><span class=\"TextRun Underlined SCXW87474240 BCX0\" lang=\"ES-ES\" xml:lang=\"ES-ES\" data-contrast=\"none\"><span class=\"NormalTextRun SCXW87474240 BCX0\" data-ccp-charstyle=\"Hyperlink\">WHO-FIC <\/span><span class=\"NormalTextRun SCXW87474240 BCX0\" data-ccp-charstyle=\"Hyperlink\">Foundatio<\/span><span class=\"NormalTextRun SCXW87474240 BCX0\" data-ccp-charstyle=\"Hyperlink\">n<\/span><\/span><\/a><span class=\"TextRun SCXW87474240 BCX0\" lang=\"ES-ES\" xml:lang=\"ES-ES\" data-contrast=\"auto\"><span class=\"NormalTextRun SCXW87474240 BCX0\">, acompa\u00f1ada de <\/span><span class=\"NormalTextRun SCXW87474240 BCX0\">un documento cient\u00edfico <\/span><span class=\"NormalTextRun SCXW87474240 BCX0\">basado en los m\u00e1s rigurosos e interesantes estudios ya revisados sobre esta tem\u00e1tica, y <\/span><span class=\"NormalTextRun SCXW87474240 BCX0\">un documento social que hace referencia a la terrible situaci\u00f3n de los pacientes y la necesidad <\/span><span class=\"NormalTextRun SCXW87474240 BCX0\">de que mejore su atenci\u00f3n sanitaria.<\/span><\/span><\/div>\n<p>[\/vc_column_text][vc_column_text css=\u00bb.vc_custom_1688641137543{margin-right: 30px !important;margin-left: 30px !important;}\u00bb]<\/p>\n<div class=\"styled-subtitle\" style=\"text-align: justify;\"><span class=\"TextRun SCXW160738805 BCX0\" lang=\"ES-ES\" xml:lang=\"ES-ES\" data-contrast=\"auto\"><span class=\"NormalTextRun SCXW160738805 BCX0\">El reconocimiento de la SQM en el CIE-11 supondr\u00eda una categorizaci\u00f3n a nivel global, por lo que d<\/span><span class=\"NormalTextRun SCXW160738805 BCX0\">ada la relevancia de este tema y para conocerlo en mayor profundidad, hemos elaborado <\/span><\/span><a href=\"https:\/\/confesq.org\/wp-content\/uploads\/2023\/07\/NP-OMS.pdf\" target=\"_blank\" rel=\"noopener\"><span class=\"TextRun Highlight SCXW160738805 BCX0\" lang=\"ES-ES\" xml:lang=\"ES-ES\" data-contrast=\"auto\"><span class=\"NormalTextRun SCXW160738805 BCX0\">ESTA NOTA DE PRENSA<\/span><\/span><\/a><span class=\"TextRun SCXW160738805 BCX0\" lang=\"ES-ES\" xml:lang=\"ES-ES\" data-contrast=\"auto\"><span class=\"NormalTextRun SCXW160738805 BCX0\"> que ha <\/span><span class=\"NormalTextRun SCXW160738805 BCX0\">alcanza<\/span><span class=\"NormalTextRun SCXW160738805 BCX0\">do<\/span> <span class=\"NormalTextRun SCXW160738805 BCX0\">26.757<\/span><span class=\"NormalTextRun SCXW160738805 BCX0\"> impactos<\/span><span class=\"NormalTextRun SCXW160738805 BCX0\">,<\/span><span class=\"NormalTextRun SCXW160738805 BCX0\"> una audiencia <\/span><span class=\"NormalTextRun SCXW160738805 BCX0\">estimada de 106.992 y una repercusi\u00f3n total de 133,749 usuarios.<\/span> <\/span><a href=\"https:\/\/confesq.org\/wp-content\/uploads\/2023\/07\/informe-1245732.pdf\" target=\"_blank\" rel=\"noopener\"><span class=\"TextRun Highlight SCXW160738805 BCX0\" lang=\"ES-ES\" xml:lang=\"ES-ES\" data-contrast=\"auto\"><span class=\"NormalTextRun SCXW160738805 BCX0\">Este es su informe de repercusi\u00f3n<\/span><\/span><span class=\"TextRun SCXW160738805 BCX0\" lang=\"ES-ES\" xml:lang=\"ES-ES\" data-contrast=\"auto\"><span class=\"NormalTextRun SCXW160738805 BCX0\">.<\/span><\/span><\/a><\/div>\n<p>[\/vc_column_text][vc_column_text css=\u00bb.vc_custom_1689590084524{margin-right: 30px !important;margin-left: 30px !important;}\u00bb]<\/p>\n<div class=\"styled-subtitle\" style=\"text-align: justify;\">\n<p style=\"text-align: justify;\"><span class=\"TextRun SCXW19822150 BCX0\" lang=\"ES-ES\" xml:lang=\"ES-ES\" data-contrast=\"auto\"><span class=\"NormalTextRun SCXW19822150 BCX0\">Se<\/span><span class=\"NormalTextRun SCXW19822150 BCX0\"> han hecho eco de la noticia:<\/span><\/span><\/p>\n<ul>\n<li style=\"text-align: justify;\"><a href=\"https:\/\/www.infosalus.com\/salud-investigacion\/noticia-expertos-pacientes-solicitan-oms-codificacion-sensibilidad-quimica-multiple-20230630171021.html?utm_campaign=smartclip_social&amp;utm_medium=Social&amp;utm_source=Facebook\" target=\"_blank\" rel=\"noopener\">Infosalus<\/a><\/li>\n<li><a href=\"https:\/\/www.cocemfe.es\/informate\/noticias\/la-comunidad-cientifica-y-las-personas-con-sqf-solicitan-a-la-oms-la-codificacion-de-la-enfermedad\/\" target=\"_blank\" rel=\"noopener\">COCEMFE (noticias)<\/a><\/li>\n<li><a href=\"https:\/\/twitter.com\/COCEMFEnacional\/status\/1680151215815159811?s=20\" target=\"_blank\" rel=\"noopener\">COCEMFE (RRSS)<\/a><\/li>\n<li><a href=\"https:\/\/twitter.com\/pacientesPOP\/status\/1675772920470142978?s=20\" target=\"_blank\" rel=\"noopener\">Plataforma de Organizaciones de Pacientes (POP)<\/a><\/li>\n<\/ul>\n<\/div>\n<p>[\/vc_column_text][vc_column_text css=\u00bb.vc_custom_1688641316341{margin-right: 30px !important;margin-left: 30px !important;}\u00bb]<\/p>\n<div class=\"styled-subtitle\"><span data-contrast=\"auto\">Algunos medios donde se ha compartido la nota de prensa son:<\/span><span data-ccp-props=\"{&quot;201341983&quot;:0,&quot;335559739&quot;:160,&quot;335559740&quot;:259}\">\u00a0<\/span><\/div>\n<div class=\"styled-subtitle\">\n<ul>\n<li data-leveltext=\"\uf0b7\" data-font=\"Symbol\" data-listid=\"1\" data-list-defn-props=\"{&quot;335552541&quot;:1,&quot;335559684&quot;:-2,&quot;335559685&quot;:720,&quot;335559991&quot;:360,&quot;469769226&quot;:&quot;Symbol&quot;,&quot;469769242&quot;:[8226],&quot;469777803&quot;:&quot;left&quot;,&quot;469777804&quot;:&quot;\uf0b7&quot;,&quot;469777815&quot;:&quot;hybridMultilevel&quot;}\" aria-setsize=\"-1\" data-aria-posinset=\"1\" data-aria-level=\"1\"><a href=\"https:\/\/www.europapress.es\/comunicados\/salud-0910\/noticia-comunicado-clinicos-pacientes-solicitan-oms-codificacion-sensibilidad-quimica-multiple-20230703115628.html\"><span data-contrast=\"none\">Europa Press<\/span><\/a><span data-ccp-props=\"{&quot;201341983&quot;:0,&quot;335559739&quot;:160,&quot;335559740&quot;:259}\">\u00a0<\/span><\/li>\n<li data-leveltext=\"\uf0b7\" data-font=\"Symbol\" data-listid=\"1\" data-list-defn-props=\"{&quot;335552541&quot;:1,&quot;335559684&quot;:-2,&quot;335559685&quot;:720,&quot;335559991&quot;:360,&quot;469769226&quot;:&quot;Symbol&quot;,&quot;469769242&quot;:[8226],&quot;469777803&quot;:&quot;left&quot;,&quot;469777804&quot;:&quot;\uf0b7&quot;,&quot;469777815&quot;:&quot;hybridMultilevel&quot;}\" aria-setsize=\"-1\" data-aria-posinset=\"2\" data-aria-level=\"1\"><a href=\"https:\/\/www.periodistadigital.com\/economia\/notas-prensa\/20230703\/clinicos-pacientes-solicitan-oms-codificacion-sensibilidad-quimica-multiple-noticia-689404921966\/\"><span data-contrast=\"none\">Periodista Digital<\/span><\/a><span data-ccp-props=\"{&quot;201341983&quot;:0,&quot;335559739&quot;:160,&quot;335559740&quot;:259}\">\u00a0<\/span><\/li>\n<li data-leveltext=\"\uf0b7\" data-font=\"Symbol\" data-listid=\"1\" data-list-defn-props=\"{&quot;335552541&quot;:1,&quot;335559684&quot;:-2,&quot;335559685&quot;:720,&quot;335559991&quot;:360,&quot;469769226&quot;:&quot;Symbol&quot;,&quot;469769242&quot;:[8226],&quot;469777803&quot;:&quot;left&quot;,&quot;469777804&quot;:&quot;\uf0b7&quot;,&quot;469777815&quot;:&quot;hybridMultilevel&quot;}\" aria-setsize=\"-1\" data-aria-posinset=\"3\" data-aria-level=\"1\"><a href=\"https:\/\/forbes.es\/ultima-hora\/305821\/clinicos-y-pacientes-solicitan-a-la-oms-la-codificacion-de-la-sensibilidad-quimica-multiple\/\"><span data-contrast=\"none\">Forbes<\/span><\/a><span data-ccp-props=\"{&quot;201341983&quot;:0,&quot;335559739&quot;:160,&quot;335559740&quot;:259}\">\u00a0<\/span><\/li>\n<li data-leveltext=\"\uf0b7\" data-font=\"Symbol\" data-listid=\"1\" data-list-defn-props=\"{&quot;335552541&quot;:1,&quot;335559684&quot;:-2,&quot;335559685&quot;:720,&quot;335559991&quot;:360,&quot;469769226&quot;:&quot;Symbol&quot;,&quot;469769242&quot;:[8226],&quot;469777803&quot;:&quot;left&quot;,&quot;469777804&quot;:&quot;\uf0b7&quot;,&quot;469777815&quot;:&quot;hybridMultilevel&quot;}\" aria-setsize=\"-1\" data-aria-posinset=\"3\" data-aria-level=\"1\"><a href=\"https:\/\/informedigital.es\/clinicos-y-pacientes-solicitan-a-la-oms-la-codificacion-de-la-sensibilidad-quimica-multiple\/\"><span data-contrast=\"none\">Informe Digital<\/span><\/a><span data-ccp-props=\"{&quot;201341983&quot;:0,&quot;335559739&quot;:160,&quot;335559740&quot;:259}\">\u00a0<\/span><\/li>\n<li data-leveltext=\"\uf0b7\" data-font=\"Symbol\" data-listid=\"1\" data-list-defn-props=\"{&quot;335552541&quot;:1,&quot;335559684&quot;:-2,&quot;335559685&quot;:720,&quot;335559991&quot;:360,&quot;469769226&quot;:&quot;Symbol&quot;,&quot;469769242&quot;:[8226],&quot;469777803&quot;:&quot;left&quot;,&quot;469777804&quot;:&quot;\uf0b7&quot;,&quot;469777815&quot;:&quot;hybridMultilevel&quot;}\" aria-setsize=\"-1\" data-aria-posinset=\"3\" data-aria-level=\"1\"><a href=\"https:\/\/www.corporate.es\/118899\/clinicos-y-pacientes-solicitan-a-la-oms-la-codificacion-de-la-sensibilidad-quimica-multiple\"><span data-contrast=\"none\">Corporate<\/span><\/a><span data-ccp-props=\"{&quot;201341983&quot;:0,&quot;335559739&quot;:160,&quot;335559740&quot;:259}\">\u00a0<\/span><\/li>\n<\/ul>\n<\/div>\n<p>[\/vc_column_text][vc_column_text css=\u00bb.vc_custom_1688641647783{margin-right: 30px !important;margin-left: 30px !important;}\u00bb]<\/p>\n<div class=\"styled-subtitle\" style=\"text-align: justify;\"><span class=\"TextRun SCXW91190022 BCX0\" lang=\"ES-ES\" xml:lang=\"ES-ES\" data-contrast=\"auto\"><span class=\"NormalTextRun SCXW91190022 BCX0\">Adem\u00e1s, el pasado 31 de mayo se present\u00f3 toda esta iniciativa en el <\/span><span class=\"NormalTextRun SpellingErrorV2Themed SCXW91190022 BCX0\">webinar<\/span><span class=\"NormalTextRun SCXW91190022 BCX0\"> \u201c<\/span><\/span><a href=\"https:\/\/www.youtube.com\/watch?v=v2HWq_l8fNU\" target=\"_blank\" rel=\"noopener\"><span class=\"TextRun SCXW91190022 BCX0\" lang=\"ES-ES\" xml:lang=\"ES-ES\" data-contrast=\"auto\"><span class=\"NormalTextRun SCXW91190022 BCX0\">Solicitud de codificaci\u00f3n de la SQM en el CIE11-OMS<\/span><\/span><\/a><span class=\"TextRun SCXW91190022 BCX0\" lang=\"ES-ES\" xml:lang=\"ES-ES\" data-contrast=\"auto\"><span class=\"NormalTextRun SCXW91190022 BCX0\">\u00ab<\/span><\/span> <span class=\"TextRun SCXW91190022 BCX0\" lang=\"ES-ES\" xml:lang=\"ES-ES\" data-contrast=\"auto\"><span class=\"NormalTextRun ContextualSpellingAndGrammarErrorV2Themed SCXW91190022 BCX0\">y el<\/span><span class=\"NormalTextRun SCXW91190022 BCX0\"> pr\u00f3ximo<\/span><span class=\"NormalTextRun SCXW91190022 BCX0\"> el 6 de octubre de 2023 podremos asistir a la presentaci\u00f3n del documento cient\u00edfico por la <\/span><span class=\"NormalTextRun SpellingErrorV2Themed SCXW91190022 BCX0\">Dra.<\/span><span class=\"NormalTextRun SCXW91190022 BCX0\">\u00a0Pilar Mu\u00f1oz-Calero en Toledo, en el marco de la <\/span><\/span><a href=\"https:\/\/confesq.org\/?p=29192\" target=\"_blank\" rel=\"noopener\"><span class=\"TextRun Highlight SCXW91190022 BCX0\" lang=\"ES-ES\" xml:lang=\"ES-ES\" data-contrast=\"auto\"><span class=\"NormalTextRun SCXW91190022 BCX0\">III Jornada de Actualizaci\u00f3n en la Investigaci\u00f3n de Sensibilidad Qu\u00edmica M\u00faltiple y <\/span><span class=\"NormalTextRun SpellingErrorV2Themed SCXW91190022 BCX0\">Electrosensibilidad<\/span><span class=\"NormalTextRun SCXW91190022 BCX0\">,<\/span><\/span><\/a><span class=\"TextRun SCXW91190022 BCX0\" lang=\"ES-ES\" xml:lang=\"ES-ES\" data-contrast=\"auto\"><span class=\"NormalTextRun SCXW91190022 BCX0\"> organizada por CONFESQ.<\/span><\/span><\/div>\n<p>[\/vc_column_text][vc_column_text css=\u00bb.vc_custom_1688641575368{margin-right: 30px !important;margin-left: 30px !important;}\u00bb]<\/p>\n<div class=\"styled-subtitle\"><span class=\"TextRun SCXW242757930 BCX0\" lang=\"ES-ES\" xml:lang=\"ES-ES\" data-contrast=\"auto\"><span class=\"NormalTextRun SCXW242757930 BCX0\">\u00a1Os esperamos!<\/span><\/span><span class=\"EOP SCXW242757930 BCX0\" data-ccp-props=\"{&quot;201341983&quot;:0,&quot;335559739&quot;:160,&quot;335559740&quot;:259}\">\u00a0<\/span><\/div>\n<p>[\/vc_column_text][\/vc_column][\/vc_row]<\/p>\n<\/div>","protected":false},"excerpt":{"rendered":"<p>[vc_row][vc_column][vc_column_text] Cl\u00ednicos y pacientes solicitan a la OMS la codificaci\u00f3n de la Sensibilidad Qu\u00edmica M\u00faltiple [\/vc_column_text][vc_single_image image=\u00bb29234&#8243; img_size=\u00bblarge\u00bb alignment=\u00bbcenter\u00bb][vc_column_text css=\u00bb.vc_custom_1688640947943{margin-right:&#8230;<\/p>\n","protected":false},"author":2,"featured_media":29234,"comment_status":"closed","ping_status":"closed","sticky":false,"template":"","format":"standard","meta":{"footnotes":""},"categories":[105],"tags":[],"class_list":{"0":"post-29232","1":"post","2":"type-post","3":"status-publish","4":"format-standard","5":"has-post-thumbnail","7":"category-novedades"},"menu_order":0,"_links":{"self":[{"href":"https:\/\/confesq.org\/index.php?rest_route=\/wp\/v2\/posts\/29232","targetHints":{"allow":["GET"]}}],"collection":[{"href":"https:\/\/confesq.org\/index.php?rest_route=\/wp\/v2\/posts"}],"about":[{"href":"https:\/\/confesq.org\/index.php?rest_route=\/wp\/v2\/types\/post"}],"author":[{"embeddable":true,"href":"https:\/\/confesq.org\/index.php?rest_route=\/wp\/v2\/users\/2"}],"replies":[{"embeddable":true,"href":"https:\/\/confesq.org\/index.php?rest_route=%2Fwp%2Fv2%2Fcomments&post=29232"}],"version-history":[{"count":4,"href":"https:\/\/confesq.org\/index.php?rest_route=\/wp\/v2\/posts\/29232\/revisions"}],"predecessor-version":[{"id":29253,"href":"https:\/\/confesq.org\/index.php?rest_route=\/wp\/v2\/posts\/29232\/revisions\/29253"}],"wp:featuredmedia":[{"embeddable":true,"href":"https:\/\/confesq.org\/index.php?rest_route=\/wp\/v2\/media\/29234"}],"wp:attachment":[{"href":"https:\/\/confesq.org\/index.php?rest_route=%2Fwp%2Fv2%2Fmedia&parent=29232"}],"wp:term":[{"taxonomy":"category","embeddable":true,"href":"https:\/\/confesq.org\/index.php?rest_route=%2Fwp%2Fv2%2Fcategories&post=29232"},{"taxonomy":"post_tag","embeddable":true,"href":"https:\/\/confesq.org\/index.php?rest_route=%2Fwp%2Fv2%2Ftags&post=29232"}],"curies":[{"name":"wp","href":"https:\/\/api.w.org\/{rel}","templated":true}]}}