{"id":29161,"date":"2023-05-29T09:37:45","date_gmt":"2023-05-29T09:37:45","guid":{"rendered":"https:\/\/confesq.org\/?p=29161"},"modified":"2023-05-29T11:00:41","modified_gmt":"2023-05-29T11:00:41","slug":"entrevista-al-dr-chris-amstrong-copy-copy-2-copy-copy-copy-2-copy-copy-copy-copy-copy-copy-copy-copy-copy-copy-copy","status":"publish","type":"post","link":"https:\/\/confesq.org\/?p=29161","title":{"rendered":"INSCRIPCI\u00d3N CURSO MEDICINA AMBIENTAL- CAMPUS CONFESQ"},"content":{"rendered":"<div class=\"wpb-content-wrapper\"><p>[vc_row][vc_column][vc_column_text]<\/p>\n<div class=\"title-h4\" style=\"text-align: center;\">\n<p><strong>ABIERTA INSCRIPCI\u00d3N CURSO MEDICINA AMBIENTAL- CAMPUS CONFESQ<\/strong><\/div>\n<p>[\/vc_column_text][vc_single_image image=\u00bb29164&#8243; img_size=\u00bbfull\u00bb alignment=\u00bbcenter\u00bb][vc_column_text css=\u00bb.vc_custom_1685354183631{margin-right: 30px !important;margin-left: 30px !important;}\u00bb]<\/p>\n<div class=\"styled-subtitle\" style=\"text-align: justify;\">Abierta la inscripci\u00f3n para el curso <strong>\u201cMedicina Ambiental. Sensibilidad Qu\u00edmica M\u00faltiple (SQM) y Electrohipersensibilidad (EHS)\u201d,<\/strong> dirigido por la Dra. Pilar Mu\u00f1oz Calero, presidenta de la Fundaci\u00f3n Alborada.<\/div>\n<p>[\/vc_column_text][vc_column_text css=\u00bb.vc_custom_1685354223465{margin-right: 30px !important;margin-left: 30px !important;}\u00bb]<\/p>\n<div class=\"styled-subtitle\" style=\"text-align: justify;\">El curso comienza <strong>26 de junio<\/strong> y finaliza el <strong>27 de diciembre de 2023, <\/strong>suponiendo una duraci\u00f3n total de 54h.<\/div>\n<p>[\/vc_column_text][vc_column_text css=\u00bb.vc_custom_1685354270385{margin-right: 30px !important;margin-left: 30px !important;}\u00bb]<\/p>\n<div class=\"styled-subtitle\" style=\"text-align: justify;\">Se trata de un curso dirigido, exclusivamente, a profesionales sanitarios que quieran formarse en SQM y EHS, y obtener una visi\u00f3n global sobre las enfermedades.<\/div>\n<p>[\/vc_column_text][vc_column_text css=\u00bb.vc_custom_1685354493093{margin-right: 30px !important;margin-left: 30px !important;}\u00bb]<\/p>\n<div class=\"styled-subtitle\" style=\"text-align: justify;\"><strong>Acreditaci\u00f3n en tr\u00e1mite<\/strong>. Se ha solicitado a la Comunidad de Madrid la acreditaci\u00f3n del curso para que puedan ser incluidos en las bolsas y oposiciones, de tal forma que punt\u00faen.<\/div>\n<p style=\"text-align: justify;\">Nota: <em>\u201cLos cr\u00e9ditos de esta actividad formativa no son aplicables a los profesionales, que<\/em> <em>participen en la misma, y que est\u00e9n form\u00e1ndose como especialistas en Ciencias de la<\/em> <em>Salud\u201d<\/em>, es decir, los internos residentes bi\u00f3logos, bioqu\u00edmicos, enfermeras, farmac\u00e9uticos, m\u00e9dicos, qu\u00edmicos, psic\u00f3logos cl\u00ednicos y radiof\u00edsicos\u00bb.<\/p>\n<p>[\/vc_column_text][vc_column_text css=\u00bb.vc_custom_1685354576623{margin-right: 30px !important;margin-left: 30px !important;}\u00bb]<\/p>\n<div class=\"styled-subtitle\" style=\"text-align: justify;\"><strong>S\u00f3lo 20 plazas por curso. <\/strong>Si est\u00e1s interesado en la formaci\u00f3n, puedes solicitar la inscripci\u00f3n enviando tu nombre y apellidos, junto con la fotocopia de tu titulaci\u00f3n, de alguna formaci\u00f3n de la rama sanitaria, a <a href=\"mailto:info@campus-confesq.es\">info@campus-confesq.es<\/a> <strong>El plazo para realizar la inscripci\u00f3n cerrar\u00e1 el 20 de junio de 2023. <\/strong><\/div>\n<p style=\"text-align: justify;\">Nota: si la inscripci\u00f3n llega a trav\u00e9s de una asociaci\u00f3n, consignarlo en el email de reserva de plaza.<\/p>\n<p>[\/vc_column_text][vc_column_text css=\u00bb.vc_custom_1685354634961{margin-right: 30px !important;margin-left: 30px !important;}\u00bb]<\/p>\n<div class=\"styled-subtitle\" style=\"text-align: justify;\">Una vez concluido este plazo, a las personas admitidas, se le enviar\u00e1 un email de confirmaci\u00f3n con el enlace al curso para que puedan realizar el pago y acceder a todo el contenido. El precio del curso es de 200\u20ac.<\/div>\n<p>[\/vc_column_text][vc_column_text css=\u00bb.vc_custom_1685354701666{margin-right: 30px !important;margin-left: 30px !important;}\u00bb]<\/p>\n<div class=\"styled-subtitle\" style=\"text-align: justify;\">Opciones de descuento:<\/div>\n<div class=\"styled-subtitle\" style=\"text-align: justify;\">\n<ul>\n<li>Profesionales sanitarios inscritos a trav\u00e9s de asociaciones de CONFESQ: 50% descuento.<\/li>\n<li>Profesionales sanitarios a trav\u00e9s de otras asociaciones: 25% descuento.<\/li>\n<\/ul>\n<\/div>\n<p>[\/vc_column_text][vc_column_text css=\u00bb.vc_custom_1685358166151{margin-right: 30px !important;margin-left: 30px !important;}\u00bb]<\/p>\n<div class=\"styled-subtitle\" style=\"text-align: justify;\">El curso est\u00e1 compuesto por varios m\u00f3dulos para mayor comodidad del alumno e incluye casos pr\u00e1cticos y tres tutor\u00edas. El contenido completo del plan formativo puede verse en <span style=\"text-decoration: underline;\"><span style=\"color: #0000ff;\"><a style=\"color: #0000ff; text-decoration: underline;\" href=\"https:\/\/campus-confesq.es\/planes-formativos\/\" target=\"_blank\" rel=\"noopener\">este enlace.<\/a><\/span><\/span><\/div>\n<p>[\/vc_column_text][vc_column_text css=\u00bb.vc_custom_1685355005013{margin-right: 30px !important;margin-left: 30px !important;}\u00bb]<\/p>\n<div class=\"styled-subtitle\" style=\"text-align: justify;\">A CONFESQ y todas sus asociaciones nos enorgullece poder presentar, por fin, esta iniciativa en la que llev\u00e1bamos trabajando bastante tiempo atr\u00e1s. Estamos muy ilusionadas y deseando recibiros.<\/div>\n<p>[\/vc_column_text][\/vc_column][\/vc_row]<\/p>\n<\/div>","protected":false},"excerpt":{"rendered":"<p>[vc_row][vc_column][vc_column_text] ABIERTA INSCRIPCI\u00d3N CURSO MEDICINA AMBIENTAL- CAMPUS CONFESQ [\/vc_column_text][vc_single_image image=\u00bb29164&#8243; img_size=\u00bbfull\u00bb alignment=\u00bbcenter\u00bb][vc_column_text css=\u00bb.vc_custom_1685354183631{margin-right: 30px !important;margin-left: 30px !important;}\u00bb] Abierta la inscripci\u00f3n&#8230;<\/p>\n","protected":false},"author":2,"featured_media":29164,"comment_status":"closed","ping_status":"closed","sticky":false,"template":"","format":"standard","meta":{"footnotes":""},"categories":[105],"tags":[134],"class_list":{"0":"post-29161","1":"post","2":"type-post","3":"status-publish","4":"format-standard","5":"has-post-thumbnail","7":"category-novedades","8":"tag-campus-confesq"},"menu_order":0,"_links":{"self":[{"href":"https:\/\/confesq.org\/index.php?rest_route=\/wp\/v2\/posts\/29161","targetHints":{"allow":["GET"]}}],"collection":[{"href":"https:\/\/confesq.org\/index.php?rest_route=\/wp\/v2\/posts"}],"about":[{"href":"https:\/\/confesq.org\/index.php?rest_route=\/wp\/v2\/types\/post"}],"author":[{"embeddable":true,"href":"https:\/\/confesq.org\/index.php?rest_route=\/wp\/v2\/users\/2"}],"replies":[{"embeddable":true,"href":"https:\/\/confesq.org\/index.php?rest_route=%2Fwp%2Fv2%2Fcomments&post=29161"}],"version-history":[{"count":5,"href":"https:\/\/confesq.org\/index.php?rest_route=\/wp\/v2\/posts\/29161\/revisions"}],"predecessor-version":[{"id":29167,"href":"https:\/\/confesq.org\/index.php?rest_route=\/wp\/v2\/posts\/29161\/revisions\/29167"}],"wp:featuredmedia":[{"embeddable":true,"href":"https:\/\/confesq.org\/index.php?rest_route=\/wp\/v2\/media\/29164"}],"wp:attachment":[{"href":"https:\/\/confesq.org\/index.php?rest_route=%2Fwp%2Fv2%2Fmedia&parent=29161"}],"wp:term":[{"taxonomy":"category","embeddable":true,"href":"https:\/\/confesq.org\/index.php?rest_route=%2Fwp%2Fv2%2Fcategories&post=29161"},{"taxonomy":"post_tag","embeddable":true,"href":"https:\/\/confesq.org\/index.php?rest_route=%2Fwp%2Fv2%2Ftags&post=29161"}],"curies":[{"name":"wp","href":"https:\/\/api.w.org\/{rel}","templated":true}]}}