{"id":29136,"date":"2023-03-27T13:51:32","date_gmt":"2023-03-27T13:51:32","guid":{"rendered":"https:\/\/confesq.org\/?p=29136"},"modified":"2023-03-27T14:07:30","modified_gmt":"2023-03-27T14:07:30","slug":"entrevista-al-dr-chris-amstrong-copy-copy-2-copy-copy-copy-2-copy-copy-copy-copy-copy-copy-copy-copy-copy","status":"publish","type":"post","link":"https:\/\/confesq.org\/?p=29136","title":{"rendered":"MEMORIA SOCIAL 2022"},"content":{"rendered":"<div class=\"wpb-content-wrapper\"><p>[vc_row][vc_column][vc_column_text]<\/p>\n<div class=\"title-h4\" style=\"text-align: center;\">\n<p><strong>MEMORIAL SOCIAL 2022<\/strong><\/p>\n<\/div>\n<p>[\/vc_column_text][vc_single_image image=\u00bb29139&#8243; img_size=\u00bblarge\u00bb alignment=\u00bbcenter\u00bb][vc_column_text css=\u00bb.vc_custom_1679925617715{margin-right: 30px !important;margin-left: 30px !important;}\u00bb]<\/p>\n<div class=\"styled-subtitle\" style=\"text-align: justify;\">CONFESQ ha comenzado el a\u00f1o 2023 con nuevos retos y cambios, tanto en estructura como en organizaci\u00f3n.<\/div>\n<p>[\/vc_column_text][vc_column_text css=\u00bb.vc_custom_1679925659125{margin-right: 30px !important;margin-left: 30px !important;}\u00bb]<\/p>\n<div class=\"styled-subtitle\" style=\"text-align: justify;\">La semana pasada se celebr\u00f3 la Asamblea General Ordinaria donde se presentaron la <a href=\"https:\/\/confesq.org\/wp-content\/uploads\/2023\/03\/MEMORIA-SOCIAL-ANUAL-2022_compressed-1.pdf\">memoria social<\/a> y <a href=\"https:\/\/confesq.org\/wp-content\/uploads\/2023\/03\/MEMORIA-economica-2022.pdf\">econ\u00f3mica<\/a> correspondientes al a\u00f1o 2022, as\u00ed como el plan anual 2023.<\/div>\n<p>[\/vc_column_text][vc_column_text css=\u00bb.vc_custom_1679925703651{margin-right: 30px !important;margin-left: 30px !important;}\u00bb]<\/p>\n<div class=\"styled-subtitle\" style=\"text-align: justify;\">Como bien indica y resume nuestra presidenta en su carta introductoria:<\/div>\n<p>[\/vc_column_text][vc_column_text css=\u00bb.vc_custom_1679925749199{margin-right: 30px !important;margin-left: 30px !important;}\u00bb]<\/p>\n<div class=\"styled-subtitle\" style=\"text-align: justify;\">\u201cDe este a\u00f1o 2022, un a\u00f1o de cambios y reajustes, con nueva Junta Directiva, cambios en el equipo t\u00e9cnico, y con 3 entidades asociadas m\u00e1s (una federaci\u00f3n), hemos continuado trabajando alrededor de 4 ejes principales.<\/div>\n<p>[\/vc_column_text][vc_single_image image=\u00bb29140&#8243; img_size=\u00bblarge\u00bb alignment=\u00bbcenter\u00bb][vc_column_text css=\u00bb.vc_custom_1679925929725{margin-right: 30px !important;margin-left: 30px !important;}\u00bb]<\/p>\n<div class=\"styled-subtitle\" style=\"text-align: justify;\">Otra de las novedades de 2022 ha sido la coordinaci\u00f3n y el trabajo conjunto de las asociaciones en los diferentes proyectos, o bien de todas como en el mes de concienciaci\u00f3n alrededor del 12 de mayo, o bien a trav\u00e9s de grupos de trabajo como en el caso de las jornadas <em>#CONFESQSeMueve<\/em>\u00a0o la campa\u00f1a para la solicitud de reconocimiento de la SQM a la OMS. Es un privilegio trabajar codo con codo con compa\u00f1eras\/os tan implicadas y con tantos conocimientos. Este trabajo con\/en CONFESQ y el reconocimiento de la participaci\u00f3n en la carteler\u00eda y memorias, ha permitido avanzar en el beneficio mutuo.<\/div>\n<p>[\/vc_column_text][vc_column_text css=\u00bb.vc_custom_1679925982730{margin-right: 30px !important;margin-left: 30px !important;}\u00bb]<\/p>\n<div class=\"styled-subtitle\" style=\"text-align: justify;\">En fin, los retos para nuestras patolog\u00edas contin\u00faan presentes, como tambi\u00e9n la necesidad de atenci\u00f3n sanitaria y social adecuada y de reconocimiento. Un a\u00f1o m\u00e1s los hemos abordado con ilusi\u00f3n y tes\u00f3n, confiando en el enorme potencial de esta Coalici\u00f3n y las entidades y personas que la conforman. Y he de decir que muy bien acompa\u00f1adas por m\u00e9dicos, investigadores, enfermeras, abogados\u2026 que nos asesoran, trabajan con nosotras o nos alientan. Y unos equipos t\u00e9cnico y directivo de aut\u00e9ntico lujo\u201d.<\/div>\n<p>[\/vc_column_text][vc_column_text css=\u00bb.vc_custom_1679926038663{margin-right: 30px !important;margin-left: 30px !important;}\u00bb]<\/p>\n<div class=\"styled-subtitle\" style=\"text-align: justify;\">En definitiva, cerramos el 2022 agradeciendo a todas las personas implicadas su trabajo en los diferentes proyectos realizados e iniciamos el a\u00f1o 2023 con ilusi\u00f3n y fuerzas renovadas.<\/div>\n<p>[\/vc_column_text][\/vc_column][\/vc_row]<\/p>\n<\/div>","protected":false},"excerpt":{"rendered":"<p>[vc_row][vc_column][vc_column_text] MEMORIAL SOCIAL 2022 [\/vc_column_text][vc_single_image image=\u00bb29139&#8243; img_size=\u00bblarge\u00bb alignment=\u00bbcenter\u00bb][vc_column_text css=\u00bb.vc_custom_1679925617715{margin-right: 30px !important;margin-left: 30px !important;}\u00bb] CONFESQ ha comenzado el a\u00f1o 2023 con&#8230;<\/p>\n","protected":false},"author":2,"featured_media":29139,"comment_status":"closed","ping_status":"closed","sticky":false,"template":"","format":"standard","meta":{"footnotes":""},"categories":[105],"tags":[],"class_list":{"0":"post-29136","1":"post","2":"type-post","3":"status-publish","4":"format-standard","5":"has-post-thumbnail","7":"category-novedades"},"menu_order":0,"_links":{"self":[{"href":"https:\/\/confesq.org\/index.php?rest_route=\/wp\/v2\/posts\/29136","targetHints":{"allow":["GET"]}}],"collection":[{"href":"https:\/\/confesq.org\/index.php?rest_route=\/wp\/v2\/posts"}],"about":[{"href":"https:\/\/confesq.org\/index.php?rest_route=\/wp\/v2\/types\/post"}],"author":[{"embeddable":true,"href":"https:\/\/confesq.org\/index.php?rest_route=\/wp\/v2\/users\/2"}],"replies":[{"embeddable":true,"href":"https:\/\/confesq.org\/index.php?rest_route=%2Fwp%2Fv2%2Fcomments&post=29136"}],"version-history":[{"count":4,"href":"https:\/\/confesq.org\/index.php?rest_route=\/wp\/v2\/posts\/29136\/revisions"}],"predecessor-version":[{"id":29142,"href":"https:\/\/confesq.org\/index.php?rest_route=\/wp\/v2\/posts\/29136\/revisions\/29142"}],"wp:featuredmedia":[{"embeddable":true,"href":"https:\/\/confesq.org\/index.php?rest_route=\/wp\/v2\/media\/29139"}],"wp:attachment":[{"href":"https:\/\/confesq.org\/index.php?rest_route=%2Fwp%2Fv2%2Fmedia&parent=29136"}],"wp:term":[{"taxonomy":"category","embeddable":true,"href":"https:\/\/confesq.org\/index.php?rest_route=%2Fwp%2Fv2%2Fcategories&post=29136"},{"taxonomy":"post_tag","embeddable":true,"href":"https:\/\/confesq.org\/index.php?rest_route=%2Fwp%2Fv2%2Ftags&post=29136"}],"curies":[{"name":"wp","href":"https:\/\/api.w.org\/{rel}","templated":true}]}}