{"id":29068,"date":"2023-02-09T08:52:32","date_gmt":"2023-02-09T08:52:32","guid":{"rendered":"https:\/\/confesq.org\/?p=29068"},"modified":"2023-02-09T09:54:39","modified_gmt":"2023-02-09T09:54:39","slug":"entrevista-al-dr-chris-amstrong-copy-copy-2-copy-copy-copy-2-copy-copy-copy-copy-copy-copy","status":"publish","type":"post","link":"https:\/\/confesq.org\/?p=29068","title":{"rendered":"Comparecencia ante la Comisi\u00f3n de Sanidad del Pa\u00eds Vasco en relaci\u00f3n con la Resoluci\u00f3n 2020\/2580(RSP) sobre EM\/SFC"},"content":{"rendered":"<div class=\"wpb-content-wrapper\"><p>[vc_row][vc_column][vc_column_text]<\/p>\n<div class=\"title-h4\" style=\"text-align: center;\">\n<p>Comparecencia ante la Comisi\u00f3n de Sanidad del Pa\u00eds Vasco en relaci\u00f3n con la Resoluci\u00f3n 2020\/2580(RSP) sobre em\/sfc<\/p>\n<\/div>\n<p>[\/vc_column_text][vc_single_image image=\u00bb29070&#8243; img_size=\u00bblarge\u00bb alignment=\u00bbcenter\u00bb][vc_column_text css=\u00bb.vc_custom_1675934054027{margin-right: 30px !important;margin-left: 30px !important;}\u00bb]<\/p>\n<div class=\"styled-subtitle\" style=\"text-align: justify;\">El 6 de febrero la presidenta de CONFESQ junto con representantes de <span style=\"text-decoration: underline; color: #0000ff;\"><a style=\"color: #0000ff; text-decoration: underline;\" href=\"https:\/\/sfcsqmeuskadi-aesec.org\/\">SFC-SQM Euskadi-AESEC,<\/a><\/span> <span style=\"text-decoration: underline;\"><span style=\"color: #0000ff;\"><a style=\"color: #0000ff; text-decoration: underline;\" href=\"https:\/\/dolfa.es\/\">DOLFA<\/a><\/span><\/span> y <span style=\"text-decoration: underline; color: #0000ff;\"><a style=\"color: #0000ff; text-decoration: underline;\" href=\"http:\/\/emaneskua.com\/\">Eman Eskua<\/a><\/span> acudieron a la Comparecencia ante la Comisi\u00f3n de Sanidad del Pa\u00eds Vasco en relaci\u00f3n con la Resoluci\u00f3n 2020\/2580(RSP) del Parlamento Europeo sobre la financiaci\u00f3n adicional para la investigaci\u00f3n biom\u00e9dica de la Encefalomielitis Mi\u00e1lgica.<\/div>\n<p>[\/vc_column_text][vc_column_text css=\u00bb.vc_custom_1675933689760{margin-right: 30px !important;margin-left: 30px !important;}\u00bb]<\/p>\n<div class=\"styled-subtitle\" style=\"text-align: justify;\">En primer lugar, les recibi\u00f3 la presidenta del Parlamento, Bakartxo Tejeria Otermin, qui\u00e9n escuch\u00f3 con empat\u00eda la situaci\u00f3n de los pacientes de esta dura enfermedad, as\u00ed como sus peticiones.<\/div>\n<p>[\/vc_column_text][vc_column_text css=\u00bb.vc_custom_1675933775607{margin-right: 30px !important;margin-left: 30px !important;}\u00bb]<\/p>\n<div class=\"styled-subtitle\" style=\"text-align: justify;\">En la comparecencia ante la Comisi\u00f3n de Salud, las asociaciones expusieron el motivo de su solicitud, la situaci\u00f3n de los pacientes, y pidieron al Parlamento su adhesi\u00f3n a la Resoluci\u00f3n.<\/div>\n<p>[\/vc_column_text][vc_column_text css=\u00bb.vc_custom_1675933825489{margin-right: 30px !important;margin-left: 30px !important;}\u00bb]<\/p>\n<div class=\"styled-subtitle\" style=\"text-align: justify;\">Tras las interesantes intervenciones de las asociaciones, la Comisi\u00f3n mostr\u00f3 su apoyo a la Resoluci\u00f3n e indic\u00f3 ponerse a nuestra disposici\u00f3n para brindarnos su ayuda con cualquier aspecto relacionado con la campa\u00f1a EM\/SFC.<\/div>\n<p>[\/vc_column_text][vc_column_text css=\u00bb.vc_custom_1675934007995{margin-right: 30px !important;margin-left: 30px !important;}\u00bb]<\/p>\n<div class=\"styled-subtitle\" style=\"text-align: justify;\">El registro de petici\u00f3n de la comparecencia puede verse <span style=\"text-decoration: underline; color: #0000ff;\"><a style=\"color: #0000ff; text-decoration: underline;\" href=\"https:\/\/www.legebiltzarra.eus\/ic2\/restAPI\/pvgune_descargar\/default\/235246a2-cdd3-4f0c-921a-9dcbb7337718\">aqu\u00ed<\/a><\/span> y el documento para recabar el apoyo del Parlamento Vasco est\u00e1 disponible en <span style=\"text-decoration: underline; color: #0000ff;\"><a style=\"color: #0000ff; text-decoration: underline;\" href=\"https:\/\/www.legebiltzarra.eus\/ic2\/restAPI\/pvgune_descargar\/default\/9bb2b9ce-a3a8-43d5-beff-6ec0ad8be2c7\">este enlace.<\/a><\/span>\u00a0 Adem\u00e1s, desde la web del Parlamento tambi\u00e9n se ha publicado <span style=\"text-decoration: underline; color: #0000ff;\"><a style=\"color: #0000ff; text-decoration: underline;\" href=\"https:\/\/www.legebiltzarra.eus\/portal\/web\/eusko-legebiltzarra\/noticias-y-eventos\/noticias\/-\/buscador\/content\/la-presidenta-del-parlamento-vasco-recibira-a-una-representacion-de-las-asociaciones-de-pacientes-de-encefalomielitis-mialgica\">un art\u00edculo<\/a><\/span> que presenta la nota de la Presidenta del Parlamento y lo sucedido durante la Comparecencia.<\/div>\n<p>[\/vc_column_text][vc_column_text css=\u00bb.vc_custom_1675934119939{margin-right: 30px !important;margin-left: 30px !important;}\u00bb]<\/p>\n<div class=\"styled-subtitle\" style=\"text-align: justify;\">Si no pudiste verla en directo, te compartimos <span style=\"text-decoration: underline; color: #0000ff;\"><a style=\"color: #0000ff; text-decoration: underline;\" href=\"https:\/\/www.legebiltzarra.eus\/ords\/f?p=120:10:103815405740870::NO:RP:P10_ID,P10_TEXT_SHOW,P10_EXPAND:208652,N,N\">el enlace<\/a><\/span> (<strong>\u201cAutor: Eusko Legebiltzarra\/Parlamento Vasco\u201d<\/strong>)donde podr\u00e1s ver las diferentes intervenciones por orden cronol\u00f3gico.<\/div>\n<p>[\/vc_column_text][vc_column_text css=\u00bb.vc_custom_1675934173326{margin-right: 30px !important;margin-left: 30px !important;}\u00bb]<\/p>\n<div class=\"styled-subtitle\">As\u00ed nos recibi\u00f3 la Presidenta del Parlamento:<\/div>\n<p>[\/vc_column_text][vc_images_carousel images=\u00bb29074,29073,29071,29072&#8243; img_size=\u00bblarge\u00bb css=\u00bb.vc_custom_1675934530826{margin-left: 70px !important;}\u00bb][vc_column_text css=\u00bb.vc_custom_1675934790418{margin-top: 50px !important;margin-right: 30px !important;margin-left: 30px !important;}\u00bb]<\/p>\n<div class=\"styled-subtitle\" style=\"text-align: center;\"><strong>\u201cAutor: Eusko Legebiltzarra\/Parlamento Vasco\u201d<\/strong>.<\/div>\n<p>[\/vc_column_text][vc_column_text css=\u00bb.vc_custom_1675934847084{margin-right: 30px !important;margin-left: 30px !important;}\u00bb]<\/p>\n<div class=\"styled-subtitle\" style=\"text-align: justify;\">Y as\u00ed fue el transcurso de la Comparecencia ante la Comisi\u00f3n de Sanidad:<\/div>\n<p>[\/vc_column_text][vc_images_carousel images=\u00bb29075,29078,29079&#8243; img_size=\u00bblarge\u00bb css=\u00bb.vc_custom_1675936359505{margin-left: 70px !important;}\u00bb][vc_column_text css=\u00bb.vc_custom_1675934790418{margin-top: 50px !important;margin-right: 30px !important;margin-left: 30px !important;}\u00bb]<\/p>\n<div class=\"styled-subtitle\" style=\"text-align: center;\"><strong>\u201cAutor: Eusko Legebiltzarra\/Parlamento Vasco\u201d<\/strong>.<\/div>\n<p>[\/vc_column_text][vc_column_text css=\u00bb.vc_custom_1675936493514{margin-right: 30px !important;margin-left: 30px !important;}\u00bb]<\/p>\n<div class=\"styled-subtitle\" style=\"text-align: justify;\">En general, fue un encuentro fruct\u00edfero que esperamos sea el comienzo para el desarrollo de acciones concretas de apoyo a los pacientes.<\/div>\n<p>[\/vc_column_text][\/vc_column][\/vc_row]<\/p>\n<\/div>","protected":false},"excerpt":{"rendered":"<p>[vc_row][vc_column][vc_column_text] Comparecencia ante la Comisi\u00f3n de Sanidad del Pa\u00eds Vasco en relaci\u00f3n con la Resoluci\u00f3n 2020\/2580(RSP) sobre em\/sfc [\/vc_column_text][vc_single_image image=\u00bb29070&#8243;&#8230;<\/p>\n","protected":false},"author":2,"featured_media":29070,"comment_status":"closed","ping_status":"closed","sticky":false,"template":"","format":"standard","meta":{"footnotes":""},"categories":[105],"tags":[117,122],"class_list":{"0":"post-29068","1":"post","2":"type-post","3":"status-publish","4":"format-standard","5":"has-post-thumbnail","7":"category-novedades","8":"tag-em-sfc","9":"tag-resolucion-2020-2580rsp"},"menu_order":0,"_links":{"self":[{"href":"https:\/\/confesq.org\/index.php?rest_route=\/wp\/v2\/posts\/29068","targetHints":{"allow":["GET"]}}],"collection":[{"href":"https:\/\/confesq.org\/index.php?rest_route=\/wp\/v2\/posts"}],"about":[{"href":"https:\/\/confesq.org\/index.php?rest_route=\/wp\/v2\/types\/post"}],"author":[{"embeddable":true,"href":"https:\/\/confesq.org\/index.php?rest_route=\/wp\/v2\/users\/2"}],"replies":[{"embeddable":true,"href":"https:\/\/confesq.org\/index.php?rest_route=%2Fwp%2Fv2%2Fcomments&post=29068"}],"version-history":[{"count":3,"href":"https:\/\/confesq.org\/index.php?rest_route=\/wp\/v2\/posts\/29068\/revisions"}],"predecessor-version":[{"id":29081,"href":"https:\/\/confesq.org\/index.php?rest_route=\/wp\/v2\/posts\/29068\/revisions\/29081"}],"wp:featuredmedia":[{"embeddable":true,"href":"https:\/\/confesq.org\/index.php?rest_route=\/wp\/v2\/media\/29070"}],"wp:attachment":[{"href":"https:\/\/confesq.org\/index.php?rest_route=%2Fwp%2Fv2%2Fmedia&parent=29068"}],"wp:term":[{"taxonomy":"category","embeddable":true,"href":"https:\/\/confesq.org\/index.php?rest_route=%2Fwp%2Fv2%2Fcategories&post=29068"},{"taxonomy":"post_tag","embeddable":true,"href":"https:\/\/confesq.org\/index.php?rest_route=%2Fwp%2Fv2%2Ftags&post=29068"}],"curies":[{"name":"wp","href":"https:\/\/api.w.org\/{rel}","templated":true}]}}