{"id":29036,"date":"2023-01-04T14:18:20","date_gmt":"2023-01-04T14:18:20","guid":{"rendered":"https:\/\/confesq.org\/?p=29036"},"modified":"2023-01-04T21:46:16","modified_gmt":"2023-01-04T21:46:16","slug":"entrevista-al-dr-chris-amstrong-copy-copy-2-copy-copy-copy-2-copy-copy-copy-copy","status":"publish","type":"post","link":"https:\/\/confesq.org\/?p=29036","title":{"rendered":"Video recopilatorio de las Jornadas #CONFESQSeMueve (3\u00aa Edici\u00f3n)"},"content":{"rendered":"<div class=\"wpb-content-wrapper\"><p>[vc_row][vc_column][vc_column_text]<\/p>\n<div class=\"title-h4\" style=\"text-align: center;\">\n<p><strong>Video recopilatorio de las Jornadas <em>#CONFESQSeMueve<\/em> (3\u00aa edici\u00f3n)<\/strong><\/div>\n<p>[\/vc_column_text][vc_single_image image=\u00bb29038&#8243; img_size=\u00bblarge\u00bb alignment=\u00bbcenter\u00bb][vc_column_text css=\u00bb.vc_custom_1672867287826{margin-right: 30px !important;margin-left: 30px !important;}\u00bb]<\/p>\n<div class=\"styled-subtitle\" style=\"text-align: center;\"><strong>\u00a1FELIZ A\u00d1O NUEVO a tod@s!<\/strong><\/div>\n<p>[\/vc_column_text][vc_column_text css=\u00bb.vc_custom_1672868424250{margin-right: 30px !important;margin-left: 30px !important;}\u00bb]<\/p>\n<div class=\"styled-subtitle\" style=\"text-align: justify;\">El pasado 28 de octubre se inauguraron las <strong>Jornadas <em>#CONFESQSeMueve<\/em><\/strong> <strong>(3\u00aa Edici\u00f3n). <\/strong>Se trata de\u00a0unas jornadas bianuales dirigidas a equipos directivos y t\u00e9cnicos, as\u00ed como voluntarios de las asociaciones que representan pacientes con fibromialgia, encefalomielitis mi\u00e1lgica, sensibilidad qu\u00edmica m\u00faltiple y electrohipersensibilidad, que <strong>tienen como objetivo la reflexi\u00f3n conjunta sobre temas de actualidad que inciden en nuestras enfermedades,<\/strong> <strong>as\u00ed como dotar de herramientas a los equipos de las asociaciones.<\/strong><\/div>\n<p>[\/vc_column_text][vc_column_text css=\u00bb.vc_custom_1672868632795{margin-right: 30px !important;margin-left: 30px !important;}\u00bb]<\/p>\n<div class=\"styled-subtitle\" style=\"text-align: justify;\">El d\u00eda 28 la jornada fue presencial, despu\u00e9s de dos a\u00f1os pudimos volver a encontrarnos, charlar informalmente, abrazarnos\u2026 y debatir. Fue estupendo, disfrutamos mucho del encuentro.<\/div>\n<p>[\/vc_column_text][vc_column_text css=\u00bb.vc_custom_1672868686416{margin-right: 30px !important;margin-left: 30px !important;}\u00bb]<\/p>\n<div class=\"styled-subtitle\" style=\"text-align: justify;\"><strong><b>Como regalo de Reyes Magos, aqu\u00ed os dejamos el v\u00eddeo resumen del primer d\u00eda de <\/b>las Jornadas <em>#CONFESQSeMueve <\/em>(3\u00aa Edici\u00f3n):<\/strong><\/div>\n<p>[\/vc_column_text][vc_column_text css=\u00bb.vc_custom_1672867670371{margin-right: 30px !important;margin-left: 30px !important;}\u00bb]<\/p>\n<p style=\"text-align: center;\"><iframe title=\"YouTube video player\" src=\"https:\/\/www.youtube.com\/embed\/u8HGEh_0UPw\" width=\"560\" height=\"315\" frameborder=\"0\" allowfullscreen=\"allowfullscreen\"><\/iframe><\/p>\n<p>[\/vc_column_text][\/vc_column][\/vc_row]<\/p>\n<\/div>","protected":false},"excerpt":{"rendered":"<p>[vc_row][vc_column][vc_column_text] Video recopilatorio de las Jornadas #CONFESQSeMueve (3\u00aa edici\u00f3n) [\/vc_column_text][vc_single_image image=\u00bb29038&#8243; img_size=\u00bblarge\u00bb alignment=\u00bbcenter\u00bb][vc_column_text css=\u00bb.vc_custom_1672867287826{margin-right: 30px !important;margin-left: 30px !important;}\u00bb] \u00a1FELIZ A\u00d1O&#8230;<\/p>\n","protected":false},"author":2,"featured_media":29038,"comment_status":"closed","ping_status":"closed","sticky":false,"template":"","format":"standard","meta":{"footnotes":""},"categories":[105],"tags":[131],"class_list":{"0":"post-29036","1":"post","2":"type-post","3":"status-publish","4":"format-standard","5":"has-post-thumbnail","7":"category-novedades","8":"tag-jornadas-fm-sfc-em-sqm-ehs"},"menu_order":0,"_links":{"self":[{"href":"https:\/\/confesq.org\/index.php?rest_route=\/wp\/v2\/posts\/29036","targetHints":{"allow":["GET"]}}],"collection":[{"href":"https:\/\/confesq.org\/index.php?rest_route=\/wp\/v2\/posts"}],"about":[{"href":"https:\/\/confesq.org\/index.php?rest_route=\/wp\/v2\/types\/post"}],"author":[{"embeddable":true,"href":"https:\/\/confesq.org\/index.php?rest_route=\/wp\/v2\/users\/2"}],"replies":[{"embeddable":true,"href":"https:\/\/confesq.org\/index.php?rest_route=%2Fwp%2Fv2%2Fcomments&post=29036"}],"version-history":[{"count":7,"href":"https:\/\/confesq.org\/index.php?rest_route=\/wp\/v2\/posts\/29036\/revisions"}],"predecessor-version":[{"id":29045,"href":"https:\/\/confesq.org\/index.php?rest_route=\/wp\/v2\/posts\/29036\/revisions\/29045"}],"wp:featuredmedia":[{"embeddable":true,"href":"https:\/\/confesq.org\/index.php?rest_route=\/wp\/v2\/media\/29038"}],"wp:attachment":[{"href":"https:\/\/confesq.org\/index.php?rest_route=%2Fwp%2Fv2%2Fmedia&parent=29036"}],"wp:term":[{"taxonomy":"category","embeddable":true,"href":"https:\/\/confesq.org\/index.php?rest_route=%2Fwp%2Fv2%2Fcategories&post=29036"},{"taxonomy":"post_tag","embeddable":true,"href":"https:\/\/confesq.org\/index.php?rest_route=%2Fwp%2Fv2%2Ftags&post=29036"}],"curies":[{"name":"wp","href":"https:\/\/api.w.org\/{rel}","templated":true}]}}