{"id":29027,"date":"2022-12-21T09:37:29","date_gmt":"2022-12-21T09:37:29","guid":{"rendered":"https:\/\/confesq.org\/?p=29027"},"modified":"2023-03-08T11:33:02","modified_gmt":"2023-03-08T11:33:02","slug":"entrevista-al-dr-chris-amstrong-copy-copy-2-copy-copy-copy-2-copy-copy-copy","status":"publish","type":"post","link":"https:\/\/confesq.org\/?p=29027","title":{"rendered":"PUBLICACI\u00d3N CORTOMETRAJE ES EL PROGRESO, EST\u00daPIDA"},"content":{"rendered":"<div class=\"wpb-content-wrapper\"><p>[vc_row][vc_column][vc_column_text]<\/p>\n<div class=\"title-h4\" style=\"text-align: center;\">\n<p><strong>PUBLICACI\u00d3N CORTOMETRAJE <em>ES EL PROGRESO, EST\u00daPIDA<\/em><\/strong><\/div>\n<p>[\/vc_column_text][vc_single_image image=\u00bb29030&#8243; img_size=\u00bblarge\u00bb alignment=\u00bbcenter\u00bb][vc_column_text css=\u00bb.vc_custom_1672669661205{margin-right: 30px !important;margin-left: 30px !important;}\u00bb]<\/p>\n<div class=\"styled-subtitle\" style=\"text-align: justify;\">El cortometraje Es el progreso, est\u00fapida que se estren\u00f3 el 6 de marzo de 2020 en la Casa Encendida de Madrid, dio paso a una gira nacional en la que CONFESQ, junto con otras asociaciones de pacientes, realizaron proyecciones en diferentes localidades para dar visibilidad a la enfermedad protagonista de la pieza audiovisual: la Sensibilidad Qu\u00edmica M\u00faltiple (SQM).<\/div>\n<p>[\/vc_column_text][vc_column_text css=\u00bb.vc_custom_1672669706556{margin-right: 30px !important;margin-left: 30px !important;}\u00bb]<\/p>\n<div class=\"styled-subtitle\" style=\"text-align: justify;\">Durante estos casi 3 a\u00f1os de gira, se han producido 26 proyecciones del corto, incluyendo en su audiencia a alumnos de centros formativos como el Colegio de Maristas de Durango de Vizcaya y el IES Mariano Baquero Goyanes de Murcia. Sin olvidar tambi\u00e9n proyecciones llevadas a cabo en centros de salud como el Hospital Virgen de la Arrixaca en Murcia.<\/div>\n<p>[\/vc_column_text][vc_column_text css=\u00bb.vc_custom_1672669793287{margin-right: 30px !important;margin-left: 30px !important;}\u00bb]<\/p>\n<div class=\"styled-subtitle\" style=\"text-align: justify;\">Es el progreso, est\u00fapida ha tenido un buen recibimiento en todo el territorio nacional, siendo nominado y galardonado en diferentes festivales como:<\/div>\n<ul>\n<li style=\"text-align: justify;\">\n<div class=\"styled-subtitle\" style=\"text-align: left;\">Selecci\u00f3n en el Riurau Film Festival 2020, dentro de la secci\u00f3n Ficci\u00f3n general, ganando una Menci\u00f3n Especial del Jurado por los valores sociales de la pel\u00edcula.<\/div>\n<\/li>\n<li style=\"text-align: left;\">\n<div class=\"styled-subtitle\">Selecci\u00f3n en el 29\u00ba Festival de Cine de Madrid donde, adem\u00e1s de la candidatura al Premio P\u00fablico, opt\u00f3 a varios premios PNR (Plataforma de Nuevos Realizadores).<\/div>\n<\/li>\n<li style=\"text-align: left;\">\n<div class=\"styled-subtitle\">Selecci\u00f3n en el Festival de Cine Bardem, donde fueron seleccionadas 40 propuestas m\u00e1s, de las 778 presentadas, para la XI\u00aa muestra de cortometrajes asociaci\u00f3n cine Bardem.<\/div>\n<\/li>\n<li style=\"text-align: left;\">\n<div class=\"styled-subtitle\">Premio Especial para visibilizar la SQM otorgado por CIMA &#8211; Asociaci\u00f3n de Mujeres Cineastas y de Medios Audiovisuales a Patricia De Luna de Bocanegra Producciones.<\/div>\n<\/li>\n<li>\n<div class=\"styled-subtitle\" style=\"text-align: left;\">Premio Mejor direcci\u00f3n \u2013 Festival Miguelturra.<\/div>\n<\/li>\n<\/ul>\n<p>[\/vc_column_text][vc_column_text css=\u00bb.vc_custom_1672669889788{margin-right: 30px !important;margin-left: 30px !important;}\u00bb]<\/p>\n<div class=\"styled-subtitle\" style=\"text-align: justify;\">El 15 de diciembre de 2022 CONFESQ organiz\u00f3 un evento online que cont\u00f3 con los mismos protagonistas que el d\u00eda del estreno, y en el que se anunci\u00f3 la libre disposici\u00f3n del corto para el p\u00fablico en general a partir de ahora. El evento fue grabado en su totalidad y est\u00e1 disponible en este enlace:<\/div>\n<p>[\/vc_column_text][vc_column_text css=\u00bb.vc_custom_1672670066151{margin-right: 30px !important;margin-left: 30px !important;}\u00bb]<\/p>\n<p style=\"text-align: center;\"><iframe title=\"YouTube video player\" src=\"https:\/\/www.youtube.com\/embed\/kDWTT688I6o\" width=\"560\" height=\"315\" frameborder=\"0\" allowfullscreen=\"allowfullscreen\"><\/iframe><\/p>\n<p>[\/vc_column_text][vc_column_text css=\u00bb.vc_custom_1672670184931{margin-right: 30px !important;margin-left: 30px !important;}\u00bb]<\/p>\n<div class=\"styled-subtitle\">Tambi\u00e9n puedes encontrar el corto <em>Es el Progreso, Est\u00fapida<\/em> en el siguiente v\u00eddeo:<\/div>\n<p>[\/vc_column_text][vc_column_text css=\u00bb.vc_custom_1678275314509{margin-right: 30px !important;margin-left: 30px !important;}\u00bb]<\/p>\n<p style=\"text-align: center;\"><iframe title=\"YouTube video player\" src=\"https:\/\/www.youtube.com\/embed\/aPHAWOv08H8\" width=\"560\" height=\"315\" frameborder=\"0\" allowfullscreen=\"allowfullscreen\"><\/iframe><\/p>\n<p>[\/vc_column_text][vc_column_text css=\u00bb.vc_custom_1672670296727{margin-right: 30px !important;margin-left: 30px !important;}\u00bb]<\/p>\n<div class=\"styled-subtitle\">Sin duda fue un encuentro espectacular y de uni\u00f3n que siempre emociona a sus asistentes.<\/div>\n<p>[\/vc_column_text][vc_column_text css=\u00bb.vc_custom_1672670346277{margin-right: 30px !important;margin-left: 30px !important;}\u00bb]<\/p>\n<div class=\"styled-subtitle\" style=\"text-align: justify;\">Si quieres realizar una proyecci\u00f3n en tu localidad no dudes en contactar con nosotros a trav\u00e9s de <a href=\"mailto:info.confesq@gmail.com\">info.confesq@gmail.com<\/a> Te enviaremos toda la informaci\u00f3n requerida y te asesoraremos durante todo el proceso.<\/div>\n<p>[\/vc_column_text][vc_column_text css=\u00bb.vc_custom_1672670395242{margin-right: 30px !important;margin-left: 30px !important;}\u00bb]<\/p>\n<div class=\"styled-subtitle\" style=\"text-align: center;\">\u00a1GRACIAS A TODOS!<\/div>\n<p>[\/vc_column_text][\/vc_column][\/vc_row]<\/p>\n<\/div>","protected":false},"excerpt":{"rendered":"<p>[vc_row][vc_column][vc_column_text] PUBLICACI\u00d3N CORTOMETRAJE ES EL PROGRESO, EST\u00daPIDA [\/vc_column_text][vc_single_image image=\u00bb29030&#8243; img_size=\u00bblarge\u00bb alignment=\u00bbcenter\u00bb][vc_column_text css=\u00bb.vc_custom_1672669661205{margin-right: 30px !important;margin-left: 30px !important;}\u00bb] El cortometraje Es el&#8230;<\/p>\n","protected":false},"author":2,"featured_media":29032,"comment_status":"closed","ping_status":"closed","sticky":false,"template":"","format":"standard","meta":{"footnotes":""},"categories":[105],"tags":[],"class_list":{"0":"post-29027","1":"post","2":"type-post","3":"status-publish","4":"format-standard","5":"has-post-thumbnail","7":"category-novedades"},"menu_order":0,"_links":{"self":[{"href":"https:\/\/confesq.org\/index.php?rest_route=\/wp\/v2\/posts\/29027","targetHints":{"allow":["GET"]}}],"collection":[{"href":"https:\/\/confesq.org\/index.php?rest_route=\/wp\/v2\/posts"}],"about":[{"href":"https:\/\/confesq.org\/index.php?rest_route=\/wp\/v2\/types\/post"}],"author":[{"embeddable":true,"href":"https:\/\/confesq.org\/index.php?rest_route=\/wp\/v2\/users\/2"}],"replies":[{"embeddable":true,"href":"https:\/\/confesq.org\/index.php?rest_route=%2Fwp%2Fv2%2Fcomments&post=29027"}],"version-history":[{"count":6,"href":"https:\/\/confesq.org\/index.php?rest_route=\/wp\/v2\/posts\/29027\/revisions"}],"predecessor-version":[{"id":29124,"href":"https:\/\/confesq.org\/index.php?rest_route=\/wp\/v2\/posts\/29027\/revisions\/29124"}],"wp:featuredmedia":[{"embeddable":true,"href":"https:\/\/confesq.org\/index.php?rest_route=\/wp\/v2\/media\/29032"}],"wp:attachment":[{"href":"https:\/\/confesq.org\/index.php?rest_route=%2Fwp%2Fv2%2Fmedia&parent=29027"}],"wp:term":[{"taxonomy":"category","embeddable":true,"href":"https:\/\/confesq.org\/index.php?rest_route=%2Fwp%2Fv2%2Fcategories&post=29027"},{"taxonomy":"post_tag","embeddable":true,"href":"https:\/\/confesq.org\/index.php?rest_route=%2Fwp%2Fv2%2Ftags&post=29027"}],"curies":[{"name":"wp","href":"https:\/\/api.w.org\/{rel}","templated":true}]}}