{"id":29019,"date":"2022-12-20T11:17:16","date_gmt":"2022-12-20T11:17:16","guid":{"rendered":"https:\/\/confesq.org\/?p=29019"},"modified":"2022-12-21T09:34:20","modified_gmt":"2022-12-21T09:34:20","slug":"entrevista-al-dr-chris-amstrong-copy-copy-2-copy-copy-copy-2-copy-copy","status":"publish","type":"post","link":"https:\/\/confesq.org\/?p=29019","title":{"rendered":"ASOCIACIONES DE PACIENTES CON EM CELEBRAN LA OPORTUNIDAD EUROPEA DE INVESTIGACI\u00d3N- NP E INFORME DE REPERCUSI\u00d3N"},"content":{"rendered":"<div class=\"wpb-content-wrapper\"><p>[vc_row][vc_column][vc_column_text]<\/p>\n<div class=\"title-h4\" style=\"text-align: center;\">\n<p>Asociaciones de pacientes con Encefalomielitis Mi\u00e1lgica celebran la oportunidad europea de investigaci\u00f3n- NP E INFORME DE REPERCUSI\u00d3N<\/p>\n<\/div>\n<p>[\/vc_column_text][vc_single_image image=\u00bb29021&#8243; img_size=\u00bblarge\u00bb alignment=\u00bbcenter\u00bb][vc_column_text css=\u00bb.vc_custom_1671540223444{margin-right: 30px !important;margin-left: 30px !important;}\u00bb]<\/p>\n<div class=\"styled-subtitle\" style=\"text-align: justify;\">La semana pasada lanzamos una <a href=\"https:\/\/www.europapress.es\/comunicados\/salud-0910\/noticia-comunicado-asociaciones-pacientes-encefalomielitis-mialgica-celebran-oportunidad-europea-investigacion-20221214094751.html\" target=\"_blank\" rel=\"noopener\"><span style=\"text-decoration: underline;\">NOTA DE PRENSA<\/span><\/a> informando sobre el program Horizon Europe, que brindar\u00e1 nuevas oportunidades de financiaci\u00f3n para la investigaci\u00f3n de enfermedades de alta carga y poco investigadas, entre las que se encuentra la Encefalomielitis Mi\u00e1lgica o S\u00edndrome de Fatiga Cr\u00f3nica (EM\/SFC). La importancia de la investigaci\u00f3n de EM\/SFC tambi\u00e9n se destaca por la ola de pacientes de Long Covid que informa s\u00edntomas que son muy similares, si no id\u00e9nticos.<\/div>\n<p>[\/vc_column_text][vc_column_text css=\u00bb.vc_custom_1671539448517{margin-right: 30px !important;margin-left: 30px !important;}\u00bb]<\/p>\n<div class=\"styled-subtitle\" style=\"text-align: justify;\">En ella se recogen declaraciones de los tres europarlamentarios que nos est\u00e1n apoyando desde el a\u00f1o 2019, antes de que se aprobara por unanimidad la resoluci\u00f3n para la financiaci\u00f3n de la investigaci\u00f3n biom\u00e9dica sobre EM\/SFC:<\/div>\n<p>[\/vc_column_text][vc_column_text css=\u00bb.vc_custom_1671539477261{margin-right: 30px !important;margin-left: 30px !important;}\u00bb]<\/p>\n<div class=\"styled-subtitle\" style=\"text-align: justify;\"><em>Esta es una buena noticia para todos los afectados por EM\/SFC. Estos fondos permitir\u00e1n llevar a cabo una mayor investigaci\u00f3n de una enfermedad cuyas causas se desconocen. Finalmente, la Comisi\u00f3n est\u00e1 respondiendo a las demandas de la resoluci\u00f3n aprobada por el Parlamento Europeo en junio de 2020.<\/em><\/div>\n<p>[\/vc_column_text][vc_column_text css=\u00bb.vc_custom_1671539504972{margin-right: 30px !important;margin-left: 30px !important;}\u00bb]<\/p>\n<div class=\"styled-subtitle\" style=\"text-align: right;\">Eurodiputado D. Jordi Ca\u00f1as.<\/div>\n<p>[\/vc_column_text][vc_column_text css=\u00bb.vc_custom_1671539570660{margin-right: 30px !important;margin-left: 30px !important;}\u00bb]<\/p>\n<div class=\"styled-subtitle\" style=\"text-align: justify;\"><em>Sin duda esta financiaci\u00f3n servir\u00e1 para poner en marcha y apoyar proyectos muy interesantes que sirvan para paliar los problemas de las personas que padecen esta enfermedad.<\/em><\/div>\n<p>[\/vc_column_text][vc_column_text css=\u00bb.vc_custom_1671539594479{margin-right: 30px !important;margin-left: 30px !important;}\u00bb]<\/p>\n<div class=\"styled-subtitle\" style=\"text-align: right;\">\n<p>Eurodiputada D\u00f1a. Cristina Maestre.<\/p>\n<\/div>\n<p>[\/vc_column_text][vc_column_text css=\u00bb.vc_custom_1671539623015{margin-right: 30px !important;margin-left: 30px !important;}\u00bb]<\/p>\n<div class=\"styled-subtitle\" style=\"text-align: justify;\"><em>Es el justo reconocimiento de una reclamaci\u00f3n de las personas afectadas y una petici\u00f3n que viene defendiendo el PP. Debemos atender esas enfermedades que a veces son menos conocidas, causan dolor y merecen ser investigadas.<\/em><\/div>\n<p>[\/vc_column_text][vc_column_text css=\u00bb.vc_custom_1671539667466{margin-right: 30px !important;margin-left: 30px !important;}\u00bb]<\/p>\n<div class=\"styled-subtitle\" style=\"text-align: right;\">\n<p>Eurodipuata D\u00f1a. Dolors Montserrat.<\/p>\n<\/div>\n<p>[\/vc_column_text][vc_column_text css=\u00bb.vc_custom_1671539719429{margin-right: 30px !important;margin-left: 30px !important;}\u00bb]<\/p>\n<div class=\"styled-subtitle\" style=\"text-align: justify;\">Adem\u00e1s, se hace menci\u00f3n la campa\u00f1a de sensibilizaci\u00f3n y petici\u00f3n de mejoras sanitarias en la atenci\u00f3n a los por EM\/SFC que se est\u00e1 llevando a cabo en las diferentes CC.AA. Hasta el momento se han conseguido dos Declaraciones Institucionales de Parlamentos auton\u00f3micos ( Castilla-La Mancha y Baleares), una Propuesta No de Ley (PNL) por parte de la Junta de Asturias y una carta de apoyo del Gobierno Extreme\u00f1o, y est\u00e1n a la espera de acciones similares en otras autonom\u00edas.<\/div>\n<p>[\/vc_column_text][vc_column_text css=\u00bb.vc_custom_1671540360267{margin-right: 30px !important;margin-left: 30px !important;}\u00bb]<\/p>\n<div class=\"styled-subtitle\" style=\"text-align: justify;\">Seg\u00fan el <span style=\"text-decoration: underline;\"><a href=\"https:\/\/confesq.org\/wp-content\/uploads\/2022\/12\/informe-1241861-NP-DICIEMBRE.pdf\" target=\"_blank\" rel=\"noopener\">INFORME DE REPERCUSI\u00d3N<\/a><\/span> proporcionado, la nota de prensa a alcanzado 89.314 impactos, 242.632 usuarios y una audiencia de 242.632. Algunos medios en los que ha aparecido son:<\/div>\n<p>[\/vc_column_text][vc_column_text css=\u00bb.vc_custom_1671615445860{margin-right: 30px !important;margin-left: 30px !important;}\u00bb]<\/p>\n<ul>\n<li>\n<div class=\"styled-subtitle\"><a href=\"https:\/\/www.europapress.es\/comunicados\/salud-0910\/noticia-comunicado-asociaciones-pacientes-encefalomielitis-mialgica-celebran-oportunidad-europea-investigacion-20221214094751.html\" target=\"_blank\" rel=\"noopener\"><span style=\"text-decoration: underline;\">EuropaPress<\/span><\/a><\/div>\n<\/li>\n<li>\n<div class=\"styled-subtitle\"><span style=\"text-decoration: underline;\"><a href=\"https:\/\/www.elconfidencialdigital.com\/articulo\/comunicados\/asociaciones-pacientes-encefalomielitis-mialgica-celebran-oportunidad-europea-investigacion\/20221213191249491556.html\" target=\"_blank\" rel=\"noopener\">El Confidencial Digital<\/a><\/span><\/div>\n<\/li>\n<li>\n<div class=\"styled-subtitle\"><span style=\"text-decoration: underline;\"><a href=\"https:\/\/www.elboletin.com\/notas-de-empresa\/?notaid=asociaciones-de-pacientes-con-encefalomielitis&amp;sid=comunicae\" target=\"_blank\" rel=\"noopener\">elBolet\u00edn<\/a><\/span><\/div>\n<\/li>\n<li>\n<div class=\"styled-subtitle\"><span style=\"text-decoration: underline;\"><a href=\"https:\/\/comunicae.es\/notas-de-prensa\/asociaciones-de-pacientes-con-encefalomielitis\" target=\"_blank\" rel=\"noopener\">Comunicae<\/a><\/span><\/div>\n<\/li>\n<li>\n<div class=\"styled-subtitle\"><span style=\"text-decoration: underline;\"><a href=\"https:\/\/ebuenasnoticias.com\/2022\/12\/13\/asociaciones-de-pacientes-con-encefalomielitis-mialgica-celebran-la-oportunidad-europea-de-investigacion\/\" target=\"_blank\" rel=\"noopener\">Espa\u00f1a Buenas Noticias<\/a><\/span><\/div>\n<\/li>\n<li>\n<div class=\"styled-subtitle\"><span style=\"text-decoration: underline;\"><a href=\"https:\/\/www.europapress.es\/comunicados\/salud-0910\/noticia-comunicado-asociaciones-pacientes-encefalomielitis-mialgica-celebran-oportunidad-europea-investigacion-20221214094751.html\" target=\"_blank\" rel=\"noopener\">Periodista Digital<\/a><\/span><\/div>\n<\/li>\n<\/ul>\n<p>[\/vc_column_text][\/vc_column][\/vc_row]<\/p>\n<\/div>","protected":false},"excerpt":{"rendered":"<p>[vc_row][vc_column][vc_column_text] Asociaciones de pacientes con Encefalomielitis Mi\u00e1lgica celebran la oportunidad europea de investigaci\u00f3n- NP E INFORME DE REPERCUSI\u00d3N [\/vc_column_text][vc_single_image image=\u00bb29021&#8243;&#8230;<\/p>\n","protected":false},"author":2,"featured_media":29021,"comment_status":"closed","ping_status":"closed","sticky":false,"template":"","format":"standard","meta":{"footnotes":""},"categories":[105],"tags":[122],"class_list":{"0":"post-29019","1":"post","2":"type-post","3":"status-publish","4":"format-standard","5":"has-post-thumbnail","7":"category-novedades","8":"tag-resolucion-2020-2580rsp"},"menu_order":0,"_links":{"self":[{"href":"https:\/\/confesq.org\/index.php?rest_route=\/wp\/v2\/posts\/29019","targetHints":{"allow":["GET"]}}],"collection":[{"href":"https:\/\/confesq.org\/index.php?rest_route=\/wp\/v2\/posts"}],"about":[{"href":"https:\/\/confesq.org\/index.php?rest_route=\/wp\/v2\/types\/post"}],"author":[{"embeddable":true,"href":"https:\/\/confesq.org\/index.php?rest_route=\/wp\/v2\/users\/2"}],"replies":[{"embeddable":true,"href":"https:\/\/confesq.org\/index.php?rest_route=%2Fwp%2Fv2%2Fcomments&post=29019"}],"version-history":[{"count":4,"href":"https:\/\/confesq.org\/index.php?rest_route=\/wp\/v2\/posts\/29019\/revisions"}],"predecessor-version":[{"id":29026,"href":"https:\/\/confesq.org\/index.php?rest_route=\/wp\/v2\/posts\/29019\/revisions\/29026"}],"wp:featuredmedia":[{"embeddable":true,"href":"https:\/\/confesq.org\/index.php?rest_route=\/wp\/v2\/media\/29021"}],"wp:attachment":[{"href":"https:\/\/confesq.org\/index.php?rest_route=%2Fwp%2Fv2%2Fmedia&parent=29019"}],"wp:term":[{"taxonomy":"category","embeddable":true,"href":"https:\/\/confesq.org\/index.php?rest_route=%2Fwp%2Fv2%2Fcategories&post=29019"},{"taxonomy":"post_tag","embeddable":true,"href":"https:\/\/confesq.org\/index.php?rest_route=%2Fwp%2Fv2%2Ftags&post=29019"}],"curies":[{"name":"wp","href":"https:\/\/api.w.org\/{rel}","templated":true}]}}