{"id":28776,"date":"2022-06-14T09:14:29","date_gmt":"2022-06-14T09:14:29","guid":{"rendered":"https:\/\/confesq.org\/?p=28776"},"modified":"2022-07-19T11:00:53","modified_gmt":"2022-07-19T11:00:53","slug":"em-sfc-junta-del-principado-de-asturias","status":"publish","type":"post","link":"https:\/\/confesq.org\/?p=28776","title":{"rendered":"EM\/SFC &#8211; JUNTA DEL PRINCIPADO DE ASTURIAS"},"content":{"rendered":"<div class=\"wpb-content-wrapper\"><p>[vc_row][vc_column][vc_column_text]<\/p>\n<h3 style=\"text-align: center;\"><strong>EM\/SFC &#8211; Junta del Principado de Asturias<\/strong><\/h3>\n<h5 style=\"text-align: center;\"><strong>Proposici\u00f3n no de Ley <\/strong><\/h5>\n<p>[\/vc_column_text][vc_single_image image=\u00bb28779&#8243; img_size=\u00bblarge\u00bb alignment=\u00bbcenter\u00bb][vc_column_text css=\u00bb.vc_custom_1655116839050{margin-right: 30px !important;margin-left: 30px !important;}\u00bb]<\/p>\n<div class=\"styled-subtitle\" style=\"text-align: justify;\">La <span style=\"text-decoration: underline;\"><a href=\"https:\/\/www.europarl.europa.eu\/meetdocs\/2014_2019\/plmrep\/COMMITTEES\/PETI\/RE\/2020\/04-30\/1200263ES.pdf\">Resoluci\u00f3n 2020\/2580(RSP)<\/a><\/span><a href=\"https:\/\/www.europarl.europa.eu\/meetdocs\/2014_2019\/plmrep\/COMMITTEES\/PETI\/RE\/2020\/04-30\/1200263ES.pdf\">,<\/a> sobre la financiaci\u00f3n adicional para la investigaci\u00f3n biom\u00e9dica de la Encefalomielitis Mi\u00e1lgica, establece tambi\u00e9n una serie de iniciativas a realizar por los pa\u00edses miembros de la UE. En Espa\u00f1a, son las CCAA las responsables de su implementaci\u00f3n ya que tienen las competencias en sanidad. A principios de 2022 CONFESQ inici\u00f3 una campa\u00f1a con asociaciones de pacientes de toda Espa\u00f1a que representan a los afectados por Encefalomielitis Mi\u00e1lgica o S\u00edndrome de Fatiga Cr\u00f3nica. Para saber m\u00e1s pincha <a href=\"https:\/\/confesq.org\/?p=28172\" target=\"_blank\" rel=\"noopener\"><span style=\"text-decoration: underline;\">aqu\u00ed<\/span><\/a>.<\/div>\n<p>[\/vc_column_text][vc_column_text css=\u00bb.vc_custom_1655116888221{margin-right: 30px !important;margin-left: 30px !important;}\u00bb]<\/p>\n<div class=\"styled-subtitle\" style=\"text-align: justify;\">En este contexto, en cada Autonom\u00eda, las asociaciones locales y nacionales de pacientes, han escrito al Presidente\/a de su Parlamento y al Presidente\/a auton\u00f3mico solicitando una reuni\u00f3n para pedir que ratifiquen, den a conocer y asuman la resoluci\u00f3n oficialmente para que as\u00ed la voluntad del Parlamento europeo se concrete tanto en los parlamentos auton\u00f3micos como en el gobierno auton\u00f3mico. Tambi\u00e9n se est\u00e1n solicitando medidas concretas de atenci\u00f3n sanitaria.<\/div>\n<p>[\/vc_column_text][vc_column_text css=\u00bb.vc_custom_1655196725773{margin-right: 30px !important;margin-left: 30px !important;}\u00bb]<\/p>\n<div class=\"styled-subtitle\" style=\"text-align: justify;\"><strong>El pasado d\u00eda 6 de junio, la Junta General del Principado de Asturias en la Comisi\u00f3n de Salud presentaron una proposici\u00f3n no de ley de los Grupos Parlamentarios Socialista, <\/strong><strong>\u00a0<\/strong><strong>Popular, Ciudadanos, Podemos Asturies, Foro Asturias e Izquierda Unida sobre adhesi\u00f3n a la <u>Resoluci\u00f3n 2020\/2580 del Parlamento Europeo sobre el fortalecimiento de la financiaci\u00f3n de la investigaci\u00f3n biom\u00e9dica sobre la encefalomielitis mi\u00e1lgica<\/u> y aplicaci\u00f3n de todas las medidas contenidas en la misma.<\/strong><\/div>\n<p>[\/vc_column_text][vc_single_image image=\u00bb28780&#8243; img_size=\u00bblarge\u00bb alignment=\u00bbcenter\u00bb][vc_column_text css=\u00bb.vc_custom_1658228407003{margin-right: 30px !important;margin-left: 30px !important;}\u00bb]<\/p>\n<div class=\"styled-subtitle\" style=\"text-align: justify;\">En Asturias, <span style=\"text-decoration: underline;\"><a href=\"https:\/\/asessca.wordpress.com\/\" target=\"_blank\" rel=\"noopener\">ASESSCA<\/a><\/span> y <span style=\"text-decoration: underline;\"><a href=\"https:\/\/www.fibromialgia-asturias.org\/\" target=\"_blank\" rel=\"noopener\">AENFIPA<\/a><\/span> se reunieron con el Presidente del Parlamento y <span style=\"text-decoration: underline;\"><a href=\"https:\/\/confesq.org\/\" target=\"_blank\" rel=\"noopener\">CONFESQ<\/a><\/span> y <span style=\"text-decoration: underline;\"><a href=\"https:\/\/asessca.wordpress.com\/\" target=\"_blank\" rel=\"noopener\">ASESSCA<\/a><\/span> con la Consejer\u00eda de Salud. En el Parlamento se elabor\u00f3 esta PNL (Propuesta No de Ley) que hoy presentamos, para el apoyo de la Resoluci\u00f3n Europea a favor de la Encefalomielitis Mi\u00e1lgica.<\/div>\n<p>[\/vc_column_text][vc_single_image image=\u00bb28781&#8243; img_size=\u00bblarge\u00bb alignment=\u00bbcenter\u00bb][vc_column_text css=\u00bb.vc_custom_1655197155790{margin-right: 30px !important;margin-left: 30px !important;}\u00bb]<\/p>\n<div class=\"styled-subtitle\" style=\"text-align: justify;\">As\u00ed procedieron en el pleno: <em>\u201cL<\/em><em>o que se pretende con esta proposici\u00f3n no de ley que presentamos conjuntamente seis de los siete <\/em><em>grupos <\/em><em>de la C\u00e1mara <\/em><em>es <\/em><em>instar a que el Gobierno del Principado de Asturias dentro de su \u00e1mbito competencial proceda a cumplir la resoluci\u00f3n del Parlamento Europeo 2020\/2580 que solicita el reforzamiento de a trav\u00e9s del fortalecimiento de la financiaci\u00f3n de la investigaci\u00f3n de esta enfermedad. A trav\u00e9s, b\u00e1sicamente, de tres puntos que ser\u00edan la 1)recopilaci\u00f3n coordinada y completa de datos, 2) la elaboraci\u00f3n de informes y 3) el reconocimiento de la Encefalomielitis Mi\u00e1lgica como enfermedad\u201d.<\/em><\/div>\n<p>[\/vc_column_text][vc_column_text css=\u00bb.vc_custom_1655197234212{margin-right: 30px !important;margin-left: 30px !important;}\u00bb]<\/p>\n<div class=\"styled-subtitle\" style=\"text-align: justify;\">Si quieres escuchar el contenido completo, <a href=\"https:\/\/videoteca.jgpa.es\/watch?id=MjJiMjJlN2QtZWY1Ni00ZDhiLTkwNjktMTgzNjIyNzQ3M2Uw&amp;start=12673\" target=\"_blank\" rel=\"noopener\"><span style=\"text-decoration: underline;\">puedes hacerlo aqu\u00ed<\/span><\/a>.<\/div>\n<p>[\/vc_column_text][vc_column_text css=\u00bb.vc_custom_1655197386008{margin-right: 30px !important;margin-left: 30px !important;}\u00bb]<\/p>\n<div class=\"styled-subtitle\">Aqu\u00ed algunos medios que han recogido la noticia:<\/div>\n<ul>\n<li>\n<div class=\"styled-subtitle\"><span style=\"text-decoration: underline;\"><a href=\"https:\/\/www.lavanguardia.com\/local\/asturias\/20220606\/8319699\/grupos-aprueban-pnl-fortalecer-investigacion-sobre-sindrome-fatiga-cronica.html\" target=\"_blank\" rel=\"noopener\">La Vanguardia<\/a><\/span><\/div>\n<\/li>\n<li>\n<div class=\"styled-subtitle\"><a href=\"https:\/\/www.cope.es\/actualidad\/espana\/noticias\/los-grupos-aprueban-una-pnl-para-fortalecer-investigacion-sobre-sindrome-fatiga-cronica-20220606_2125297\" target=\"_blank\" rel=\"noopener\"><span style=\"text-decoration: underline;\">Cope<\/span><\/a><\/div>\n<\/li>\n<li>\n<div class=\"styled-subtitle\"><a href=\"https:\/\/www.europapress.es\/asturias\/noticia-grupos-aprueban-pnl-fortalecer-investigacion-sindrome-fatiga-cronica-20220606133620.html\" target=\"_blank\" rel=\"noopener\"><span style=\"text-decoration: underline;\">EuropaPress<\/span><\/a><\/div>\n<\/li>\n<\/ul>\n<p>[\/vc_column_text][vc_column_text css=\u00bb.vc_custom_1655197444661{margin-right: 30px !important;margin-left: 30px !important;}\u00bb]<\/p>\n<div class=\"styled-subtitle\" style=\"text-align: justify;\">Agradecemos a los grupos parlamentarios asturianos su preocupaci\u00f3n y compromiso con la Encefalomielitis Mi\u00e1lgica\/S\u00edndrome de Fatiga Cr\u00f3nica.<\/div>\n<p>[\/vc_column_text][vc_column_text css=\u00bb.vc_custom_1655197774953{margin-right: 30px !important;margin-left: 30px !important;}\u00bb]<\/p>\n<div class=\"styled-subtitle\">Otras noticias sobre esta campa\u00f1a en los siguientes enlaces:<\/div>\n<ul>\n<li><a href=\"https:\/\/confesq.org\/?p=28304\" target=\"_blank\" rel=\"noopener\"><span style=\"text-decoration: underline;\">ACTUALIZACI\u00d3N DE LA CAMPA\u00d1A PRO EM\/SFC EN LAS COMUNIDADES AUT\u00d3NOMAS: ABRIL 2022<\/span><\/a><\/li>\n<li><a href=\"https:\/\/confesq.org\/?p=28330\" target=\"_blank\" rel=\"noopener\"><span style=\"text-decoration: underline;\">DECLARACI\u00d3N INSTITUCIONAL A FAVOR DE LA EM\/SFC\u00a0 EN LAS CORTES DE CASTILLA Y LA MANCHA<\/span><\/a><\/li>\n<li><a href=\"https:\/\/confesq.org\/?p=28172\" target=\"_blank\" rel=\"noopener\"><span style=\"text-decoration: underline;\">NOTA DE PRENSA: ASOCIACIONES DE PACIENTES PIDEN A LAS CC.AA. APOYO A LA ENCEFALOMIELITIS MI\u00c1LGICA<\/span><\/a><\/li>\n<\/ul>\n<p>[\/vc_column_text][\/vc_column][\/vc_row]<\/p>\n<\/div>","protected":false},"excerpt":{"rendered":"<p>[vc_row][vc_column][vc_column_text] EM\/SFC &#8211; Junta del Principado de Asturias Proposici\u00f3n no de Ley [\/vc_column_text][vc_single_image image=\u00bb28779&#8243; img_size=\u00bblarge\u00bb alignment=\u00bbcenter\u00bb][vc_column_text css=\u00bb.vc_custom_1655116839050{margin-right: 30px !important;margin-left: 30px&#8230;<\/p>\n","protected":false},"author":2,"featured_media":28778,"comment_status":"closed","ping_status":"closed","sticky":false,"template":"","format":"standard","meta":{"footnotes":""},"categories":[105],"tags":[117,122],"class_list":{"0":"post-28776","1":"post","2":"type-post","3":"status-publish","4":"format-standard","5":"has-post-thumbnail","7":"category-novedades","8":"tag-em-sfc","9":"tag-resolucion-2020-2580rsp"},"menu_order":0,"_links":{"self":[{"href":"https:\/\/confesq.org\/index.php?rest_route=\/wp\/v2\/posts\/28776","targetHints":{"allow":["GET"]}}],"collection":[{"href":"https:\/\/confesq.org\/index.php?rest_route=\/wp\/v2\/posts"}],"about":[{"href":"https:\/\/confesq.org\/index.php?rest_route=\/wp\/v2\/types\/post"}],"author":[{"embeddable":true,"href":"https:\/\/confesq.org\/index.php?rest_route=\/wp\/v2\/users\/2"}],"replies":[{"embeddable":true,"href":"https:\/\/confesq.org\/index.php?rest_route=%2Fwp%2Fv2%2Fcomments&post=28776"}],"version-history":[{"count":6,"href":"https:\/\/confesq.org\/index.php?rest_route=\/wp\/v2\/posts\/28776\/revisions"}],"predecessor-version":[{"id":28854,"href":"https:\/\/confesq.org\/index.php?rest_route=\/wp\/v2\/posts\/28776\/revisions\/28854"}],"wp:featuredmedia":[{"embeddable":true,"href":"https:\/\/confesq.org\/index.php?rest_route=\/wp\/v2\/media\/28778"}],"wp:attachment":[{"href":"https:\/\/confesq.org\/index.php?rest_route=%2Fwp%2Fv2%2Fmedia&parent=28776"}],"wp:term":[{"taxonomy":"category","embeddable":true,"href":"https:\/\/confesq.org\/index.php?rest_route=%2Fwp%2Fv2%2Fcategories&post=28776"},{"taxonomy":"post_tag","embeddable":true,"href":"https:\/\/confesq.org\/index.php?rest_route=%2Fwp%2Fv2%2Ftags&post=28776"}],"curies":[{"name":"wp","href":"https:\/\/api.w.org\/{rel}","templated":true}]}}