{"id":28408,"date":"2022-05-11T12:08:32","date_gmt":"2022-05-11T12:08:32","guid":{"rendered":"https:\/\/confesq.org\/?p=28408"},"modified":"2023-02-28T08:55:46","modified_gmt":"2023-02-28T08:55:46","slug":"actividades-confesq-por-el-12-de-mayo","status":"publish","type":"post","link":"https:\/\/confesq.org\/?p=28408","title":{"rendered":"ACTIVIDADES CONFESQ POR EL 12 DE MAYO"},"content":{"rendered":"<div class=\"wpb-content-wrapper\"><p>[vc_row][vc_column][vc_column_text]<\/p>\n<h3 style=\"text-align: center;\"><strong>ACTIVIDADES CONFESQ POR EL 12 DE MAYO<\/strong><\/h3>\n<p>[\/vc_column_text][vc_single_image image=\u00bb28412&#8243; img_size=\u00bblarge\u00bb alignment=\u00bbcenter\u00bb][vc_column_text css=\u00bb.vc_custom_1652269817730{margin-right: 30px !important;margin-left: 30px !important;}\u00bb]<\/p>\n<div class=\"styled-subtitle\" style=\"text-align: justify;\">El 12 de mayo se celebra el <strong>D\u00eda Mundial de la Fibromialgia (FM), S\u00edndrome de Fatiga Cr\u00f3nica\/ Encefalomielitis Mi\u00e1lgica (SFC\/EM), Sensibilidad Qu\u00edmica M\u00faltiple (SQM) y Electrohipersensibilidad (EHS).<\/strong> Como cada a\u00f1o, hemos preparado una serie de actividades con el fin de visibilizarlas.<\/div>\n<p>[\/vc_column_text][vc_column_text css=\u00bb.vc_custom_1652269891210{margin-right: 30px !important;margin-left: 30px !important;}\u00bb]<\/p>\n<div class=\"styled-subtitle\" style=\"text-align: justify; padding-left: 40px;\">1. Hemos organizado un ciclo de conferencias y mesas redondas con temas de inter\u00e9s, seleccionados por las asociaciones.<\/div>\n<p>[\/vc_column_text][vc_single_image image=\u00bb28413&#8243; img_size=\u00bblarge\u00bb alignment=\u00bbcenter\u00bb][vc_column_text css=\u00bb.vc_custom_1654519811247{margin-right: 30px !important;margin-left: 30px !important;}\u00bb]<\/p>\n<div class=\"styled-subtitle\" style=\"text-align: justify;\">Pod\u00e9is acceder a ellos a trav\u00e9s de los enlaces que mostramos a continuaci\u00f3n:<\/div>\n<div class=\"styled-subtitle\">\n<ul style=\"text-align: justify;\">\n<li>J 5 mayo: <span style=\"text-decoration: underline;\"><a href=\"https:\/\/youtu.be\/vUIiKkbb66Q\" target=\"_blank\" rel=\"noopener\">\u201cS\u00edndrome de Fatiga Cr\u00f3nica. Diagn\u00f3stico y s\u00edndrome postcovid\u201d<\/a><\/span><\/li>\n<li>J 19 mayo: <span style=\"text-decoration: underline;\"><a href=\"https:\/\/youtu.be\/8s1vaWzNvoc\" target=\"_blank\" rel=\"noopener\">\u201cIncapacidad laboral\u201d<\/a><\/span><\/li>\n<li>X 25 mayo: <span style=\"text-decoration: underline;\"><a href=\"https:\/\/youtu.be\/foWGJ0B7_9k\" target=\"_blank\" rel=\"noopener\">Mesa redonda: \u201cSalud mental y enfermedades CONFESQ\u201d<\/a><\/span><\/li>\n<li>J 2 junio: <span style=\"text-decoration: underline;\"><a href=\"https:\/\/youtu.be\/MjuFDR5_FEo\" target=\"_blank\" rel=\"noopener\">\u201cNutrici\u00f3n personalizada en las enfermedades representadas por CONFESQ\u201d<\/a><\/span><\/li>\n<li>X 8 junio: <span style=\"text-decoration: underline;\"><a href=\"https:\/\/www.youtube.com\/watch?v=g7-kVnrr_MY\" target=\"_blank\" rel=\"noopener\">\u201cDiagn\u00f3stico y abordaje de la SQM y EHS\u201d<\/a><\/span><\/li>\n<\/ul>\n<\/div>\n<div class=\"styled-subtitle\" style=\"text-align: justify;\">Las sesiones se retransmitir\u00e1n en directo, pero quedar\u00e1n grabadas en los mismos enlaces que hemos compartido anteriormente, por lo que podr\u00e9is verlos en cualquier otro momento, una vez pasada la fecha de emisi\u00f3n.<\/div>\n<p>[\/vc_column_text][vc_column_text css=\u00bb.vc_custom_1652270170282{margin-right: 30px !important;margin-left: 30px !important;}\u00bb]<\/p>\n<div class=\"styled-subtitle\" style=\"text-align: justify; padding-left: 40px;\">2. Otra de las actividades es una carrera virtual para recaudar fondos para la investigaci\u00f3n de la Fibromialgia (FM), S\u00edndrome de Fatiga Cr\u00f3nica\/ Encefalomielitis Mi\u00e1lgica (SFC\/EM), Sensibilidad Qu\u00edmica M\u00faltiple (SQM) y Electrohipersensibilidad (EHS). Concretamente, el dinero recaudado se destinar\u00e1 al estudio de prevalencia, liderado por una profesora de Ciencias de la Salud de la U. Aut\u00f3noma de Madrid, que patrocina CONFESQ.<\/div>\n<p>[\/vc_column_text][vc_single_image image=\u00bb28414&#8243; img_size=\u00bblarge\u00bb alignment=\u00bbcenter\u00bb][vc_column_text css=\u00bb.vc_custom_1652270750337{margin-right: 30px !important;margin-left: 30px !important;}\u00bb]<\/p>\n<div class=\"styled-subtitle\" style=\"text-align: justify; padding-left: 40px;\">Si todav\u00eda no te has inscrito, puedes hacerlo hasta ma\u00f1ana en <span style=\"text-decoration: underline;\"><a href=\"http:\/\/carreras.dxtchiprun.es\/carrera\/confesq-virtual-2022\">este formulario<\/a><\/span>.<\/div>\n<p>[\/vc_column_text][vc_column_text css=\u00bb.vc_custom_1652270738743{margin-right: 30px !important;margin-left: 30px !important;}\u00bb]<\/p>\n<div class=\"styled-subtitle\" style=\"text-align: justify; padding-left: 40px;\">Para participar simplemente tienes que hacerte una foto con el dorsal, asign\u00e1ndole tu n\u00famero de inscrito, y compartirla, <strong>del 13 al 15 de mayo<\/strong>, en Facebook o Twitter con el hashtag <span style=\"color: #0000ff;\"><em>#12MayoMeMuevoConCONFESQ<\/em><\/span><\/div>\n<p>[\/vc_column_text][vc_column_text css=\u00bb.vc_custom_1652270673851{margin-right: 30px !important;margin-left: 30px !important;}\u00bb]<\/p>\n<div class=\"styled-subtitle\" style=\"text-align: justify; padding-left: 40px;\">3. Por \u00faltimo, tambi\u00e9n hemos redactado y compartido con nuestras asociaciones <span style=\"text-decoration: underline;\"><a href=\"https:\/\/confesq.org\/wp-content\/uploads\/2022\/05\/Manifiesto-dia-12-de-Mayo-CONFESQ.pdf\" target=\"_blank\" rel=\"noopener\">este manifiesto<\/a><\/span> en el que se expone la gravedad de las enfermedades, as\u00ed como sus necesidades y se solicita al Ministerio de Sanidad <strong>gu\u00edas cl\u00ednicas<\/strong> que ayuden a los pacientes en todos sus procesos: atenci\u00f3n sanitaria, valoraci\u00f3n de discapacidad e incapacidad.<\/div>\n<p>[\/vc_column_text][vc_column_text css=\u00bb.vc_custom_1652785875281{margin-right: 30px !important;margin-left: 30px !important;}\u00bb]<\/p>\n<div class=\"styled-subtitle\" style=\"text-align: justify; padding-left: 40px;\">4. Elaboraci\u00f3n de <span style=\"text-decoration: underline;\"><a href=\"https:\/\/www.europapress.es\/comunicados\/sociedad-00909\/noticia-comunicado-12-mayo-confesq-reclama-asistencia-sanitaria-adecuada-dia-mundial-enfermedades-representa-20220511103451.html\" target=\"_blank\" rel=\"noopener\">esta nota de prensa<\/a><\/span> que compartimos con los socios para una mayor difusi\u00f3n.<\/div>\n<p>[\/vc_column_text][vc_column_text css=\u00bb.vc_custom_1652270719844{margin-right: 30px !important;margin-left: 30px !important;}\u00bb]<\/p>\n<div class=\"styled-subtitle\" style=\"text-align: justify;\">Igualmente, nuestros socios tambi\u00e9n han elaborado diferentes programas que puedes encontrar <a href=\"https:\/\/confesq.org\/?p=28349\"><span style=\"text-decoration: underline;\">aqu\u00ed<\/span>.<\/a><\/div>\n<p>[\/vc_column_text][vc_column_text css=\u00bb.vc_custom_1652270813617{margin-right: 30px !important;margin-left: 30px !important;}\u00bb]<\/p>\n<div class=\"styled-subtitle\" style=\"text-align: justify;\">Seguimos trabajando para conseguir nuestra integraci\u00f3n total en el \u00e1mbito social y avances sanitarios relacionados con las cuatro patolog\u00edas que representamos.<\/div>\n<p>[\/vc_column_text][vc_column_text css=\u00bb.vc_custom_1677574722041{margin-right: 30px !important;margin-left: 30px !important;}\u00bb]<\/p>\n<div class=\"styled-subtitle\" style=\"text-align: justify;\">NOTA: actividad subvencionada por el Ayuntamiento de Madrid, Junta Municipal de Retiro.<\/div>\n<p>[\/vc_column_text][vc_column_text css=\u00bb.vc_custom_1652270882814{margin-right: 30px !important;margin-left: 30px !important;}\u00bb]<\/p>\n<div class=\"styled-subtitle\" style=\"text-align: center;\"><em><span style=\"color: #0000ff;\">#12MayoD\u00edaMundialFMSFCemSQMEHS<\/span><\/em><\/div>\n<div class=\"styled-subtitle\" style=\"text-align: center;\"><em><span style=\"color: #0000ff;\">#12MayoMeMuevoConCONFESQ<\/span><\/em><\/div>\n<p>[\/vc_column_text][\/vc_column][\/vc_row]<\/p>\n<\/div>","protected":false},"excerpt":{"rendered":"<p>[vc_row][vc_column][vc_column_text] ACTIVIDADES CONFESQ POR EL 12 DE MAYO [\/vc_column_text][vc_single_image image=\u00bb28412&#8243; img_size=\u00bblarge\u00bb alignment=\u00bbcenter\u00bb][vc_column_text css=\u00bb.vc_custom_1652269817730{margin-right: 30px !important;margin-left: 30px !important;}\u00bb] El 12 de&#8230;<\/p>\n","protected":false},"author":2,"featured_media":28412,"comment_status":"closed","ping_status":"closed","sticky":false,"template":"","format":"standard","meta":{"footnotes":""},"categories":[105],"tags":[128],"class_list":{"0":"post-28408","1":"post","2":"type-post","3":"status-publish","4":"format-standard","5":"has-post-thumbnail","7":"category-novedades","8":"tag-12mayo"},"menu_order":0,"_links":{"self":[{"href":"https:\/\/confesq.org\/index.php?rest_route=\/wp\/v2\/posts\/28408","targetHints":{"allow":["GET"]}}],"collection":[{"href":"https:\/\/confesq.org\/index.php?rest_route=\/wp\/v2\/posts"}],"about":[{"href":"https:\/\/confesq.org\/index.php?rest_route=\/wp\/v2\/types\/post"}],"author":[{"embeddable":true,"href":"https:\/\/confesq.org\/index.php?rest_route=\/wp\/v2\/users\/2"}],"replies":[{"embeddable":true,"href":"https:\/\/confesq.org\/index.php?rest_route=%2Fwp%2Fv2%2Fcomments&post=28408"}],"version-history":[{"count":6,"href":"https:\/\/confesq.org\/index.php?rest_route=\/wp\/v2\/posts\/28408\/revisions"}],"predecessor-version":[{"id":29108,"href":"https:\/\/confesq.org\/index.php?rest_route=\/wp\/v2\/posts\/28408\/revisions\/29108"}],"wp:featuredmedia":[{"embeddable":true,"href":"https:\/\/confesq.org\/index.php?rest_route=\/wp\/v2\/media\/28412"}],"wp:attachment":[{"href":"https:\/\/confesq.org\/index.php?rest_route=%2Fwp%2Fv2%2Fmedia&parent=28408"}],"wp:term":[{"taxonomy":"category","embeddable":true,"href":"https:\/\/confesq.org\/index.php?rest_route=%2Fwp%2Fv2%2Fcategories&post=28408"},{"taxonomy":"post_tag","embeddable":true,"href":"https:\/\/confesq.org\/index.php?rest_route=%2Fwp%2Fv2%2Ftags&post=28408"}],"curies":[{"name":"wp","href":"https:\/\/api.w.org\/{rel}","templated":true}]}}