{"id":28330,"date":"2022-04-26T10:16:10","date_gmt":"2022-04-26T10:16:10","guid":{"rendered":"https:\/\/confesq.org\/?p=28330"},"modified":"2022-04-26T10:16:10","modified_gmt":"2022-04-26T10:16:10","slug":"declaracion-institucional-a-favor-de-la-em-sfc-en-las-cortes-de-castilla-y-la-mancha","status":"publish","type":"post","link":"https:\/\/confesq.org\/?p=28330","title":{"rendered":"Declaraci\u00f3n Institucional a favor de la EM\/SFC en las Cortes de Castilla y La Mancha"},"content":{"rendered":"<div class=\"wpb-content-wrapper\"><p>[vc_row][vc_column][vc_column_text]<\/p>\n<h3 style=\"text-align: center;\">Declaraci\u00f3n Institucional a favor de la EM\/SFC\u00a0 en las Cortes de Castilla y La Mancha<\/h3>\n<p>[\/vc_column_text][vc_single_image image=\u00bb28331&#8243; img_size=\u00bblarge\u00bb alignment=\u00bbcenter\u00bb][vc_column_text css=\u00bb.vc_custom_1650966579523{margin-right: 30px !important;margin-left: 30px !important;}\u00bb]<\/p>\n<p style=\"text-align: center;\"><em>El presidente de las Cortes regionales y el consejero, con representantes <\/em><em>del colectivo de SFC, justo antes del Pleno.<\/em><\/p>\n<p>[\/vc_column_text][vc_row_inner][vc_column_inner][vc_column_text css=\u00bb.vc_custom_1650966660411{margin-right: 30px !important;margin-left: 30px !important;}\u00bb]<\/p>\n<div class=\"styled-subtitle\" style=\"text-align: justify;\">Nos complace anunciaros que ya tenemos la primera declaraci\u00f3n institucional a favor de la Encefalomielitis Mi\u00e1lgica \/ S\u00edndrome de Fatiga Cr\u00f3nica por parte de las Cortes de Castilla-La Mancha.<\/div>\n<p>[\/vc_column_text][vc_column_text css=\u00bb.vc_custom_1650966806131{margin-right: 30px !important;margin-left: 30px !important;}\u00bb]<\/p>\n<div class=\"styled-subtitle\" style=\"text-align: justify;\">El pasado jueves 31 de marzo en Toledo, el presidente del parlamento, Pablo Bellido, expuso el acuerdo por parte de los tres grupos con representaci\u00f3n parlamentaria PSOE, PP y Cs sobre el S\u00edndrome de Fatiga Cr\u00f3nica (SFC) o Encefalomielitis Mi\u00e1lgica (EM). Previamente, representantes de la asociaci\u00f3n <a href=\"https:\/\/www.sfcsqmclm.es\/\"><span style=\"text-decoration: underline;\">SFC-SQM Castilla-La Mancha<\/span><\/a> han sido recibidas por el propio presidente de las Cortes regionales y por el consejero de Sanidad, Jes\u00fas Fern\u00e1ndez Sanz. Ya el pasado 26 de enero, en el marco de la campa\u00f1a nacional de CONFESQ, se reunieron con Bellido diferentes asociaciones de la regi\u00f3n: SFC-SQM Castilla la Mancha, representada por su presidenta Carmen Lozano; la Federaci\u00f3n Regional de Asociaciones de SFC, representada por Ana Milagros Hern\u00e1ndez Orizco y <span style=\"text-decoration: underline;\"><a href=\"https:\/\/dolfa.es\/\">DOLFA<\/a><\/span>, representada por Margarita Girona Hern\u00e1ndez.<\/div>\n<p>[\/vc_column_text][vc_column_text css=\u00bb.vc_custom_1650966857781{margin-right: 30px !important;margin-left: 30px !important;}\u00bb]<\/p>\n<div class=\"styled-subtitle\" style=\"text-align: justify;\">De la declaraci\u00f3n que se ley\u00f3 en las Cortes de Castilla y La Mancha destacamos lo siguiente:<\/div>\n<p>[\/vc_column_text][vc_column_text css=\u00bb.vc_custom_1650967269111{margin-right: 30px !important;margin-left: 30px !important;}\u00bb]<\/p>\n<div class=\"styled-subtitle\" style=\"text-align: justify;\"><em>La Encefalomielitis Mi\u00e1lgica (EM) y S\u00edndrome de Fatiga Cr\u00f3nica (SFC) son denominaciones usadas indistintamente, por lo que nos referimos a este proceso como EM\/SFC, clasificada como enfermedad neurol\u00f3gica por la Organizaci\u00f3n Mundial de la Salud.<\/em><\/div>\n<p>[\/vc_column_text][vc_column_text css=\u00bb.vc_custom_1650967248355{margin-right: 30px !important;margin-left: 30px !important;}\u00bb]<\/p>\n<div class=\"styled-subtitle\" style=\"text-align: justify;\"><em>Es una enfermedad org\u00e1nica, multisist\u00e9mica, grave, debilitante y muy invalidante. La \u201cfatiga cr\u00f3nica\u201d no debe ser confundida con EM\/SFC, puesto que \u201cla fatiga\u201d representa s\u00f3lo uno de los muchos s\u00edntomas que caracterizan la enfermedad. Su fisiopatolog\u00eda subyacente causa alteraciones medibles tanto a nivel f\u00edsico como cognitivo.<\/em><\/div>\n<p>[\/vc_column_text][vc_column_text css=\u00bb.vc_custom_1650967232383{margin-right: 30px !important;margin-left: 30px !important;}\u00bb]<\/p>\n<div class=\"styled-subtitle\" style=\"text-align: justify;\">\n<p><em>Esta patolog\u00eda afecta a todas las edades, incluyendo ni\u00f1os y adolescentes, siendo su incidencia superior en mujeres.<\/em><\/p>\n<\/div>\n<p>[\/vc_column_text][vc_column_text css=\u00bb.vc_custom_1650967062994{margin-right: 30px !important;margin-left: 30px !important;}\u00bb]<\/p>\n<div class=\"styled-subtitle\" style=\"text-align: center;\">\n<p style=\"text-align: justify;\"><em>La estimaci\u00f3n de casos en Espa\u00f1a era de 337.050 casos antes de la COVID-19 y podr\u00eda alcanzar seg\u00fan estas estimaciones m\u00e1s de 1.700.000 casos, lo que supondr\u00eda en Castilla-La Mancha pasar de una estimaci\u00f3n de 29.861 casos a m\u00e1s de 114.000 personas afectadas, pudiendo ser severos una cuarta parte de ellos.<\/em><\/p>\n<\/div>\n<p>[\/vc_column_text][vc_column_text css=\u00bb.vc_custom_1650967109138{margin-right: 30px !important;margin-left: 30px !important;}\u00bb]<\/p>\n<div class=\"styled-subtitle\" style=\"text-align: justify;\"><em>En consecuencia, las Cortes de Castilla-La Mancha, en los t\u00e9rminos de la Resoluci\u00f3n 2020\/2580 (RSP) del Parlamento Europeo sobre la financiaci\u00f3n adicional para la investigaci\u00f3n biom\u00e9dica de la Encefalomielitis Mi\u00e1lgica de 17 de junio del 2020: <\/em><\/div>\n<p>[\/vc_column_text][vc_column_text css=\u00bb.vc_custom_1650967208254{margin-right: 30px !important;margin-left: 30px !important;}\u00bb]<\/p>\n<div class=\"styled-subtitle\" style=\"text-align: justify;\"><em>Instan al Gobierno de Castilla-La Mancha: <\/em><\/div>\n<ol>\n<li class=\"styled-subtitle\" style=\"text-align: justify;\"><strong><em>A <\/em><em>promover la informaci\u00f3n y adaptaciones de puesto de trabajo que fueran necesarias para asegurar su mantenimiento en el mismo y evitar su exclusi\u00f3n social. <\/em><\/strong><\/li>\n<li class=\"styled-subtitle\" style=\"text-align: justify;\"><strong><em>A realizar las actuaciones de informaci\u00f3n y formaci\u00f3n sobre la patolog\u00eda a profesionales sanitarios y sociales, para su identificaci\u00f3n ante la ausencia de un biomarcador que la identifique, as\u00ed como pruebas diagn\u00f3sticas adecuadas, para reducir el infradiagn\u00f3stico, promoviendo el acceso de las personas afectadas a una correcta atenci\u00f3n sanitaria tanto en la Atenci\u00f3n Primaria como hospitales, as\u00ed como a la protecci\u00f3n social establecida legalmente para las personas con discapacidad o de promoci\u00f3n de la autonom\u00eda personal y de atenci\u00f3n a las personas en situaci\u00f3n de dependencia.<\/em><\/strong><\/li>\n<li class=\"styled-subtitle\" style=\"text-align: justify;\"><strong><em>A promover acciones de sensibilizaci\u00f3n que eviten la estigmatizaci\u00f3n de las personas enfermas y sus familias, tanto en el \u00e1mbito laboral de las personas adultas como en el \u00e1mbito educativo de ni\u00f1os y ni\u00f1as y j\u00f3venes.<\/em><\/strong><\/li>\n<li class=\"styled-subtitle\" style=\"text-align: justify;\"><strong><em>A prestar apoyo a las organizaciones de iniciativa social de personas afectadas y sus familias en sus actividades de informaci\u00f3n, sensibilizaci\u00f3n y de apoyo psicosocial. <\/em><\/strong><\/li>\n<\/ol>\n<p>[\/vc_column_text][vc_column_text css=\u00bb.vc_custom_1650967338758{margin-right: 30px !important;margin-left: 30px !important;}\u00bb]<\/p>\n<div class=\"styled-subtitle\" style=\"text-align: justify;\">Para leer la declaraci\u00f3n completa, puedes acceder al siguiente enlace: <span style=\"text-decoration: underline;\"><a href=\"https:\/\/www.cortesclm.es\/index.php\/8-noticias-general\/905-declaracion-institucional-sobre-el-em-sfc-enfalomielitis-mialgica-em-y-sindrome-de-fatiga-cronica-sfc\">Declaraci\u00f3n institucional sobre EM\/SFC enfalomielitis mi\u00e1lgica (EM) y S\u00edndrome de Fatiga Cr\u00f3nica (SFC) &#8211; Cortes de Castilla La Mancha (cortesclm.es)<\/a><\/span><\/div>\n<p>[\/vc_column_text][vc_column_text css=\u00bb.vc_custom_1650967442535{margin-right: 30px !important;margin-left: 30px !important;}\u00bb]<\/p>\n<div class=\"styled-subtitle\" style=\"text-align: justify;\">Para saber m\u00e1s sobre la situaci\u00f3n de esta campa\u00f1a en otras comunidades aut\u00f3nomas pincha <a href=\"https:\/\/confesq.org\/?p=28304\" target=\"_blank\" rel=\"noopener\"><span style=\"text-decoration: underline;\">aqu\u00ed.<\/span><\/a><\/div>\n<p>[\/vc_column_text][vc_column_text css=\u00bb.vc_custom_1650967535367{margin-right: 30px !important;margin-left: 30px !important;}\u00bb]<\/p>\n<div class=\"styled-subtitle\" style=\"text-align: justify;\">Celebramos estas buenas noticias esperando conseguir muchas m\u00e1s mejoras en los pacientes con EM\/SFC.<\/div>\n<p>[\/vc_column_text][\/vc_column_inner][\/vc_row_inner][\/vc_column][\/vc_row]<\/p>\n<\/div>","protected":false},"excerpt":{"rendered":"<p>[vc_row][vc_column][vc_column_text] Declaraci\u00f3n Institucional a favor de la EM\/SFC\u00a0 en las Cortes de Castilla y La Mancha [\/vc_column_text][vc_single_image image=\u00bb28331&#8243; img_size=\u00bblarge\u00bb alignment=\u00bbcenter\u00bb][vc_column_text&#8230;<\/p>\n","protected":false},"author":2,"featured_media":28331,"comment_status":"closed","ping_status":"closed","sticky":false,"template":"","format":"standard","meta":{"footnotes":""},"categories":[105],"tags":[117,122],"class_list":{"0":"post-28330","1":"post","2":"type-post","3":"status-publish","4":"format-standard","5":"has-post-thumbnail","7":"category-novedades","8":"tag-em-sfc","9":"tag-resolucion-2020-2580rsp"},"menu_order":0,"_links":{"self":[{"href":"https:\/\/confesq.org\/index.php?rest_route=\/wp\/v2\/posts\/28330","targetHints":{"allow":["GET"]}}],"collection":[{"href":"https:\/\/confesq.org\/index.php?rest_route=\/wp\/v2\/posts"}],"about":[{"href":"https:\/\/confesq.org\/index.php?rest_route=\/wp\/v2\/types\/post"}],"author":[{"embeddable":true,"href":"https:\/\/confesq.org\/index.php?rest_route=\/wp\/v2\/users\/2"}],"replies":[{"embeddable":true,"href":"https:\/\/confesq.org\/index.php?rest_route=%2Fwp%2Fv2%2Fcomments&post=28330"}],"version-history":[{"count":3,"href":"https:\/\/confesq.org\/index.php?rest_route=\/wp\/v2\/posts\/28330\/revisions"}],"predecessor-version":[{"id":28334,"href":"https:\/\/confesq.org\/index.php?rest_route=\/wp\/v2\/posts\/28330\/revisions\/28334"}],"wp:featuredmedia":[{"embeddable":true,"href":"https:\/\/confesq.org\/index.php?rest_route=\/wp\/v2\/media\/28331"}],"wp:attachment":[{"href":"https:\/\/confesq.org\/index.php?rest_route=%2Fwp%2Fv2%2Fmedia&parent=28330"}],"wp:term":[{"taxonomy":"category","embeddable":true,"href":"https:\/\/confesq.org\/index.php?rest_route=%2Fwp%2Fv2%2Fcategories&post=28330"},{"taxonomy":"post_tag","embeddable":true,"href":"https:\/\/confesq.org\/index.php?rest_route=%2Fwp%2Fv2%2Ftags&post=28330"}],"curies":[{"name":"wp","href":"https:\/\/api.w.org\/{rel}","templated":true}]}}