{"id":28289,"date":"2022-04-07T10:11:33","date_gmt":"2022-04-07T10:11:33","guid":{"rendered":"https:\/\/confesq.org\/?p=28289"},"modified":"2022-04-07T11:41:06","modified_gmt":"2022-04-07T11:41:06","slug":"memoria-social-2021","status":"publish","type":"post","link":"https:\/\/confesq.org\/?p=28289","title":{"rendered":"MEMORIA SOCIAL 2021"},"content":{"rendered":"<div class=\"wpb-content-wrapper\"><p>[vc_row][vc_column][vc_column_text]<\/p>\n<h3 style=\"text-align: center;\">MEMORIA SOCIAL 2021<\/h3>\n<p>[\/vc_column_text][vc_single_image image=\u00bb28291&#8243; img_size=\u00bblarge\u00bb alignment=\u00bbcenter\u00bb][vc_row_inner][vc_column_inner][vc_column_text css=\u00bb.vc_custom_1649330110408{margin-right: 30px !important;margin-left: 30px !important;}\u00bb]<\/p>\n<div class=\"styled-subtitle\" style=\"text-align: justify;\">El pasado d\u00eda 5 de abril se celebr\u00f3 la Asamblea General Ordinaria de socios de CONFESQ, aprob\u00e1ndose la memoria social que ahora compartimos con vosotros. Cumpliendo nuestro compromiso como cada a\u00f1o, os presentamos la <a href=\"https:\/\/confesq.org\/wp-content\/uploads\/2022\/04\/MEMORIA-SOCIAL-ANUAL-2021_compressed.pdf\" target=\"_blank\" rel=\"noopener\"><span style=\"text-decoration: underline;\">MEMORIA SOCIAL<\/span><\/a> correspondiente al a\u00f1o 2021.<\/div>\n<p>[\/vc_column_text][vc_column_text css=\u00bb.vc_custom_1649326904682{margin-right: 30px !important;margin-left: 30px !important;}\u00bb]<\/p>\n<div class=\"styled-subtitle\" style=\"text-align: justify;\">Queremos hacer especial menci\u00f3n a las palabras que se\u00f1ala nuestra presidenta, M\u00aa Jos\u00e9 F\u00e9lix al comienzo de la misma:<\/div>\n<p>[\/vc_column_text][vc_column_text css=\u00bb.vc_custom_1649327337338{margin-right: 30px !important;margin-left: 30px !important;}\u00bb]<\/p>\n<div class=\"styled-subtitle\" style=\"text-align: justify;\"><em>\u201cEl 2021 ha sido un a\u00f1o de superaci\u00f3n, m\u00e1s all\u00e1 de lo que nuestras enfermedades nos han limitado siempre, y eso nos ha requerido a todas las entidades realizar un esfuerzo de recuperaci\u00f3n muy importante para salir poco a poco del bache que supuso el fat\u00eddico a\u00f1o 2020.<\/em><\/div>\n<p>[\/vc_column_text][vc_column_text css=\u00bb.vc_custom_1649327323855{margin-right: 30px !important;margin-left: 30px !important;}\u00bb]<\/p>\n<div class=\"styled-subtitle\" style=\"text-align: justify;\"><em>CONFESQ ha intentado apoyar el trabajo \u00edmprobo realizado por todas sus entidades para seguir atendiendo las numerosas necesidades de los afectados, a pesar de la gran cantidad de dificultades y retos (sanitarios, sociales, financieros o la disminuci\u00f3n de su masa asociativa, otros muchos) que han tenido que sortear con mucha diligencia.<\/em><\/div>\n<p>[\/vc_column_text][vc_column_text css=\u00bb.vc_custom_1649327424614{margin-right: 30px !important;margin-left: 30px !important;}\u00bb]<\/p>\n<div class=\"styled-subtitle\" style=\"text-align: justify;\"><em>Ese esfuerzo vuestro se ve reflejado un a\u00f1o m\u00e1s en la fuerza institucional que posee CONFESQ a d\u00eda de hoy, en la calidad de los proyectos llevados a cabo, en la gran influencia y reconocimiento internacional, en la promoci\u00f3n de la investigaci\u00f3n, en la defensa de los derechos de los enfermos\u2026\u201d<\/em><\/div>\n<p>[\/vc_column_text][vc_column_text css=\u00bb.vc_custom_1649327377561{margin-right: 30px !important;margin-left: 30px !important;}\u00bb]<\/p>\n<div class=\"styled-subtitle\">Por eso queremos destacar algunos de estos proyectos:<\/div>\n<p>[\/vc_column_text][vc_column_text css=\u00bb.vc_custom_1649327567161{margin-right: 30px !important;margin-left: 30px !important;}\u00bb]<\/p>\n<div class=\"styled-subtitle\" style=\"text-align: center;\"><strong>Proyecci\u00f3n europea y Premio C\u00edvico Europeo al Dolor Cr\u00f3nico- III Edici\u00f3n<\/strong><\/div>\n<p>[\/vc_column_text][vc_column_text css=\u00bb.vc_custom_1649327541270{margin-right: 30px !important;margin-left: 30px !important;}\u00bb]<\/p>\n<div class=\"styled-subtitle\" style=\"text-align: justify;\">Este a\u00f1o 2021, hemos apostado por ampliar nuestro horizonte y embarcarnos definitivamente, con car\u00e1cter permanente, al plano internacional. Entendemos que vivimos en un mundo globalizado y que ya no solo es posible conseguir avances dentro de nuestras fronteras, sino que hay que mirar al mundo y sobre todo a Europa y todo lo que esta puede ofrecernos. Es por eso por lo que decidimos presentarnos a este premio que recibimos el pasado 18 de junio con nuestro proyecto nacional <em>#NoalaGu\u00edaINSS<\/em><\/div>\n<p>[\/vc_column_text][vc_single_image image=\u00bb28292&#8243; img_size=\u00bbfull\u00bb alignment=\u00bbcenter\u00bb][vc_column_text css=\u00bb.vc_custom_1649328038268{margin-right: 30px !important;margin-left: 30px !important;}\u00bb]<\/p>\n<div class=\"styled-subtitle\" style=\"text-align: justify;\">Y tambi\u00e9n co-organizamos una jornada en el seno del Parlamento Europeo junto al grupo Renew Europa y la oficina del Eurodiputado Jordi Ca\u00f1as.<\/div>\n<p>[\/vc_column_text][vc_single_image image=\u00bb28300&#8243; img_size=\u00bblarge\u00bb alignment=\u00bbcenter\u00bb][vc_column_text css=\u00bb.vc_custom_1649328821153{margin-right: 30px !important;margin-left: 30px !important;}\u00bb]<\/p>\n<div class=\"styled-subtitle\" style=\"text-align: center;\"><strong>II Jornada \u00daltimos Avances en la Investigaci\u00f3n de FM, SFC\/EM, SQM y EHS<\/strong><\/div>\n<p>[\/vc_column_text][vc_column_text css=\u00bb.vc_custom_1649328850034{margin-right: 30px !important;margin-left: 30px !important;}\u00bb]<\/p>\n<div class=\"styled-subtitle\" style=\"text-align: justify;\">Con la celebraci\u00f3n de esta Jornada durante los d\u00edas 1, 14 y 21 de octubre, dirigida principalmente a m\u00e9dicos, investigadores y profesionales de la salud, perseguimos un doble objetivo: Presentar una panor\u00e1mica de la actualidad en la investigaci\u00f3n de las cuatro patolog\u00edas que representa CONFESQ. \u00a0Y promover la creaci\u00f3n de una o m\u00e1s redes de investigaci\u00f3n espa\u00f1olas. Pudimos contar con ponentes internacionales, presentar un estudio de prevalencia de nuestras cuatro enfermedades, presentar los \u00faltimos estudios y sobre todo continuar nuestra labor de inversi\u00f3n en la investigaci\u00f3n junto con nuestro comit\u00e9 cient\u00edfico.<\/div>\n<p>[\/vc_column_text][vc_single_image image=\u00bb27981&#8243; img_size=\u00bblarge\u00bb alignment=\u00bbcenter\u00bb][vc_column_text css=\u00bb.vc_custom_1649328987646{margin-right: 30px !important;margin-left: 30px !important;}\u00bb]<\/p>\n<div class=\"styled-subtitle\" style=\"text-align: center;\"><strong>SQM: 10 a\u00f1os reconocida, avances y retos. 10\u00ba Aniversario del Documento de consenso sobre SQM<\/strong><\/div>\n<p>[\/vc_column_text][vc_column_text css=\u00bb.vc_custom_1649329021580{margin-right: 30px !important;margin-left: 30px !important;}\u00bb]<\/p>\n<div class=\"styled-subtitle\" style=\"text-align: justify;\">Con este motivo, CONFESQ y otras entidades organizaron esta mesa redonda con el objetivo de impulsar y retomar la lucha por m\u00e1s avances para esta enfermedad intentando dar respuesta a las siguientes cuestiones; \u00bfQu\u00e9 avances se produjeron? \u00bfTodas las Comunidades Aut\u00f3nomas se preocupan de la misma manera? \u00bfCu\u00e1les han sido los obst\u00e1culos en estos 10 a\u00f1os? \u00bfC\u00f3mo podr\u00edan superarse? \u00bfQu\u00e9 retos tenemos por delante?<\/div>\n<p>[\/vc_column_text][vc_single_image image=\u00bb28090&#8243; img_size=\u00bblarge\u00bb alignment=\u00bbcenter\u00bb][vc_column_text css=\u00bb.vc_custom_1649329193075{margin-right: 30px !important;margin-left: 30px !important;}\u00bb]<\/p>\n<div class=\"styled-subtitle\" style=\"text-align: justify;\">Adem\u00e1s, en esta ocasi\u00f3n hemos a\u00f1adido a nuestra memoria todos los proyectos que han realizado todas las entidades que forman parte de CONFESQ. Hemos querido mayor protagonismo a nuestros socios y a los grupos de trabajo en la organizaci\u00f3n de las distintas actividades.<\/div>\n<p>[\/vc_column_text][vc_column_text css=\u00bb.vc_custom_1649329241573{margin-right: 30px !important;margin-left: 30px !important;}\u00bb]<\/p>\n<div class=\"styled-subtitle\" style=\"text-align: justify;\">No os salt\u00e9is el apartado de agradecimientos, porque son muchos los profesionales y entidades que nos han prestado su apoyo este a\u00f1o.<\/div>\n<p>[\/vc_column_text][vc_column_text css=\u00bb.vc_custom_1649330029126{margin-right: 30px !important;margin-left: 30px !important;}\u00bb]<\/p>\n<div class=\"styled-subtitle\" style=\"text-align: justify;\">Tambi\u00e9n os dejamos la <span style=\"text-decoration: underline;\"><a href=\"https:\/\/confesq.org\/wp-content\/uploads\/2022\/04\/PRESENTACION-MEMORIA-SOCIAL-2021.pdf\" target=\"_blank\" rel=\"noopener\">presentaci\u00f3n PowerPoint<\/a><\/span> presentada a nuestros socios, basada en la memoria.<\/div>\n<p>[\/vc_column_text][vc_column_text css=\u00bb.vc_custom_1649329309885{margin-right: 30px !important;margin-left: 30px !important;}\u00bb]<\/p>\n<div class=\"styled-subtitle\" style=\"text-align: justify;\">\u00a1Os damos sinceramente las gracias un a\u00f1o m\u00e1s a tod@s por vuestra confianza y apoyo a este ilusionante proyecto llamado CONFESQ!<\/div>\n<p>[\/vc_column_text][\/vc_column_inner][\/vc_row_inner][\/vc_column][\/vc_row]<\/p>\n<\/div>","protected":false},"excerpt":{"rendered":"<p>[vc_row][vc_column][vc_column_text] MEMORIA SOCIAL 2021 [\/vc_column_text][vc_single_image image=\u00bb28291&#8243; img_size=\u00bblarge\u00bb alignment=\u00bbcenter\u00bb][vc_row_inner][vc_column_inner][vc_column_text css=\u00bb.vc_custom_1649330110408{margin-right: 30px !important;margin-left: 30px !important;}\u00bb] El pasado d\u00eda 5 de abril se&#8230;<\/p>\n","protected":false},"author":2,"featured_media":28291,"comment_status":"closed","ping_status":"closed","sticky":false,"template":"","format":"standard","meta":{"footnotes":""},"categories":[105],"tags":[],"class_list":{"0":"post-28289","1":"post","2":"type-post","3":"status-publish","4":"format-standard","5":"has-post-thumbnail","7":"category-novedades"},"menu_order":0,"_links":{"self":[{"href":"https:\/\/confesq.org\/index.php?rest_route=\/wp\/v2\/posts\/28289","targetHints":{"allow":["GET"]}}],"collection":[{"href":"https:\/\/confesq.org\/index.php?rest_route=\/wp\/v2\/posts"}],"about":[{"href":"https:\/\/confesq.org\/index.php?rest_route=\/wp\/v2\/types\/post"}],"author":[{"embeddable":true,"href":"https:\/\/confesq.org\/index.php?rest_route=\/wp\/v2\/users\/2"}],"replies":[{"embeddable":true,"href":"https:\/\/confesq.org\/index.php?rest_route=%2Fwp%2Fv2%2Fcomments&post=28289"}],"version-history":[{"count":5,"href":"https:\/\/confesq.org\/index.php?rest_route=\/wp\/v2\/posts\/28289\/revisions"}],"predecessor-version":[{"id":28301,"href":"https:\/\/confesq.org\/index.php?rest_route=\/wp\/v2\/posts\/28289\/revisions\/28301"}],"wp:featuredmedia":[{"embeddable":true,"href":"https:\/\/confesq.org\/index.php?rest_route=\/wp\/v2\/media\/28291"}],"wp:attachment":[{"href":"https:\/\/confesq.org\/index.php?rest_route=%2Fwp%2Fv2%2Fmedia&parent=28289"}],"wp:term":[{"taxonomy":"category","embeddable":true,"href":"https:\/\/confesq.org\/index.php?rest_route=%2Fwp%2Fv2%2Fcategories&post=28289"},{"taxonomy":"post_tag","embeddable":true,"href":"https:\/\/confesq.org\/index.php?rest_route=%2Fwp%2Fv2%2Ftags&post=28289"}],"curies":[{"name":"wp","href":"https:\/\/api.w.org\/{rel}","templated":true}]}}