{"id":27989,"date":"2021-07-20T11:36:51","date_gmt":"2021-07-20T11:36:51","guid":{"rendered":"https:\/\/confederacionssc.es\/?p=27989"},"modified":"2022-02-22T09:47:58","modified_gmt":"2022-02-22T09:47:58","slug":"nota-de-prensa-premio-civico-europeo-al-dolor-cronico-iii-edicion-y-retirada-de-la-guia-inss","status":"publish","type":"post","link":"https:\/\/confesq.org\/?p=27989","title":{"rendered":"NOTA DE PRENSA: PREMIO C\u00cdVICO EUROPEO AL DOLOR CR\u00d3NICO- III EDICI\u00d3N Y RETIRADA DE LA GU\u00cdA INSS"},"content":{"rendered":"<div class=\"wpb-content-wrapper\"><p>[vc_row][vc_column][vc_column_text]<\/p>\n<h3 style=\"text-align: center;\"><strong>NOTA DE PRENSA: PREMIO C\u00cdVICO EUROPEO AL DOLOR CR\u00d3NICO- III EDICI\u00d3N Y RETIRADA DE LA GU\u00cdA INSS<\/strong><\/h3>\n<p>[\/vc_column_text][vc_single_image image=\u00bb27990&#8243; img_size=\u00bblarge\u00bb alignment=\u00bbcenter\u00bb][vc_column_text css=\u00bb.vc_custom_1626779812062{margin-right: 30px !important;margin-left: 30px !important;}\u00bb]<\/p>\n<div class=\"styled-subtitle\" style=\"text-align: justify;\">Como muchos ya sabr\u00e9is, el 17 de junio de 2021, CONFESQ fue galardonada con el Premio C\u00edvico Europeo al Dolor Cr\u00f3nico- III edici\u00f3n por el proyecto <em>#NoalaGu\u00edaINSS<\/em>, concedido por la Organizaci\u00f3n Active Citizenship Network. Y ese mismo d\u00eda se anunci\u00f3 la retirada definitiva por parte del Instituto Nacional de la Seguridad Social de la Gu\u00eda, objeto de la campa\u00f1a premiada, con fecha del 11 de febrero de 2021.<\/div>\n<p>[\/vc_column_text][vc_column_text css=\u00bb.vc_custom_1626780543438{margin-right: 30px !important;margin-left: 30px !important;}\u00bb]<\/p>\n<div class=\"styled-subtitle\" style=\"text-align: justify;\">Dada la relevancia de ambos acontecimientos, que generaban motivo de celebraci\u00f3n, se redact\u00f3 una <span style=\"text-decoration: underline;\"><a href=\"https:\/\/www.comunicae.es\/nota\/doble-premio-para-confesq-premio-civico-1226227\/\">NOTA DE PRENSA<\/a><\/span> com\u00fan para todas las asociaciones en la que se publicaban los dos objetivos conseguidos. Su repercusi\u00f3n ha sido de 143.288 impactos, 177 menciones y 383.349 usuarios. Pod\u00e9is ver el informe de repercusi\u00f3n completo <a href=\"https:\/\/confesq.org\/wp-content\/uploads\/2021\/07\/informeNota1625250511.7668-PREMIO-Y-RETIRADA.pdf\" target=\"_blank\" rel=\"noopener\"><span style=\"text-decoration: underline;\">aqu\u00ed<\/span><\/a>. Algunos medios que han contribuido a su difusi\u00f3n son:<\/div>\n<div class=\"styled-subtitle\">\n<ul>\n<li><span style=\"text-decoration: underline;\"><a href=\"https:\/\/www.europapress.es\/comunicados\/empresas-00908\/noticia-comunicado-doble-premio-confesq-premio-civico-europeo-dolor-cronico-iii-edicion-retirada-guia-inss-20210623095728.html\">EuropaPress<\/a><\/span><\/li>\n<li><span style=\"text-decoration: underline;\"><a href=\"https:\/\/www.periodistadigital.com\/economia\/notas-prensa\/20210623\/doble-premio-confesq-premio-civico-europeo-dolor-cronico-iii-edicion-retirada-guia-inss-noticia-689404484124\/\">Periodista Digital<\/a><\/span><\/li>\n<li><span style=\"text-decoration: underline;\"><a href=\"https:\/\/www.elconfidencialdigital.com\/articulo\/comunicados\/doble-premio-confesq-premio-civico-europeo-dolor-cronico-iii-edicion-retirada-guia-inss\/20210623075214254666.html\">El Confidencial Digital<\/a><\/span><\/li>\n<li><span style=\"text-decoration: underline;\"><a href=\"https:\/\/www.estrelladigital.es\/articulo\/comunicados\/doble-premio-confesq-premio-civico-europeo-dolor-cronico-iii-edicion-retirada-guia-inss\/20210623132759461981.html\">Estrella Digital<\/a><\/span><\/li>\n<li><span style=\"text-decoration: underline;\"><a href=\"https:\/\/www.elmundofinanciero.com\/seccion\/46\/Negocios\/?notaid=doble-premio-para-confesq-premio-civico&amp;sid=mundofinancierocom\">El Mundo Financiero<\/a><\/span><\/li>\n<li><span style=\"text-decoration: underline;\"><a href=\"https:\/\/espananaciondigital.es\/doble-premio-para-confesq-premio-civico-europeo-al-dolor-cronico-iii-edicion-y-retirada-de-la-guia-inss\/\">Naci\u00f3n Digital<\/a><\/span><\/li>\n<\/ul>\n<\/div>\n<p>[\/vc_column_text][vc_column_text css=\u00bb.vc_custom_1626780045326{margin-right: 30px !important;margin-left: 30px !important;}\u00bb]<\/p>\n<div class=\"styled-subtitle\" style=\"text-align: justify;\">La campa\u00f1a <em>#NOalaGu\u00edaINSS<\/em> ha supuesto m\u00e1s de un a\u00f1o de trabajo y dedicaci\u00f3n en la que la colaboraci\u00f3n con otras asociaciones ha sido un factor determinante para su desarrollo. Desde la publicaci\u00f3n de la gu\u00eda, el 18 de enero de 2019, se comenz\u00f3 a tomar medidas hasta d\u00eda de hoy: publicaci\u00f3n del posicionamiento de CONFESQ frente a la gu\u00eda, recogida de firmas, movilizaciones de asociaciones y pacientes, reuniones con el INSS, realizaci\u00f3n del estudio \u201cSituaci\u00f3n de los pacientes representados por CONFESQ\u201d\u2026 Acciones que han resultado ser efectivas para visibilizar y defender a todos los pacientes de Fibromialgia, S\u00edndrome de Fatiga Cr\u00f3nica \/ Encefalomielitis Mi\u00e1lgica, Sensibilidad Qu\u00edmica M\u00faltiple y Electrohipersensibilidad.<\/div>\n<p>[\/vc_column_text][vc_column_text css=\u00bb.vc_custom_1626780077588{margin-right: 30px !important;margin-left: 30px !important;}\u00bb]<\/p>\n<div class=\"styled-subtitle\" style=\"text-align: justify;\">El 17 de junio de 2021, es una fecha para recordar que nos llena de alegr\u00eda y nos lleva a recalcar las palabras de agradecimiento de nuestra presidenta M\u00aa Jos\u00e9 F\u00e9lix durante la celebraci\u00f3n de la entrega del premio:<\/div>\n<p>[\/vc_column_text][vc_column_text css=\u00bb.vc_custom_1626780152416{margin-right: 30px !important;margin-left: 30px !important;}\u00bb]<\/p>\n<div class=\"styled-subtitle\" style=\"text-align: justify;\"><em>\u201cHemos conseguido un enorme logro que parec\u00eda inalcanzable, con constancia, organizaci\u00f3n, trabajo serio y solidario (\u2026) nos gustar\u00eda compartir y hacer extensible este premio y este logro a todos los pacientes, asociaciones, profesionales sanitarios y a Colectivo Ronda, nuestros asesores jur\u00eddicos, que junto a CONFESQ han trabajado solidariamente en defensa de los derechos de los pacientes\u201d.<\/em><\/div>\n<p>[\/vc_column_text][\/vc_column][\/vc_row]<\/p>\n<\/div>","protected":false},"excerpt":{"rendered":"<p>[vc_row][vc_column][vc_column_text] NOTA DE PRENSA: PREMIO C\u00cdVICO EUROPEO AL DOLOR CR\u00d3NICO- III EDICI\u00d3N Y RETIRADA DE LA GU\u00cdA INSS [\/vc_column_text][vc_single_image image=\u00bb27990&#8243;&#8230;<\/p>\n","protected":false},"author":2,"featured_media":27990,"comment_status":"closed","ping_status":"closed","sticky":false,"template":"","format":"standard","meta":{"footnotes":""},"categories":[105],"tags":[124],"class_list":{"0":"post-27989","1":"post","2":"type-post","3":"status-publish","4":"format-standard","5":"has-post-thumbnail","7":"category-novedades","8":"tag-guia-inss"},"menu_order":0,"_links":{"self":[{"href":"https:\/\/confesq.org\/index.php?rest_route=\/wp\/v2\/posts\/27989","targetHints":{"allow":["GET"]}}],"collection":[{"href":"https:\/\/confesq.org\/index.php?rest_route=\/wp\/v2\/posts"}],"about":[{"href":"https:\/\/confesq.org\/index.php?rest_route=\/wp\/v2\/types\/post"}],"author":[{"embeddable":true,"href":"https:\/\/confesq.org\/index.php?rest_route=\/wp\/v2\/users\/2"}],"replies":[{"embeddable":true,"href":"https:\/\/confesq.org\/index.php?rest_route=%2Fwp%2Fv2%2Fcomments&post=27989"}],"version-history":[{"count":3,"href":"https:\/\/confesq.org\/index.php?rest_route=\/wp\/v2\/posts\/27989\/revisions"}],"predecessor-version":[{"id":27994,"href":"https:\/\/confesq.org\/index.php?rest_route=\/wp\/v2\/posts\/27989\/revisions\/27994"}],"wp:featuredmedia":[{"embeddable":true,"href":"https:\/\/confesq.org\/index.php?rest_route=\/wp\/v2\/media\/27990"}],"wp:attachment":[{"href":"https:\/\/confesq.org\/index.php?rest_route=%2Fwp%2Fv2%2Fmedia&parent=27989"}],"wp:term":[{"taxonomy":"category","embeddable":true,"href":"https:\/\/confesq.org\/index.php?rest_route=%2Fwp%2Fv2%2Fcategories&post=27989"},{"taxonomy":"post_tag","embeddable":true,"href":"https:\/\/confesq.org\/index.php?rest_route=%2Fwp%2Fv2%2Ftags&post=27989"}],"curies":[{"name":"wp","href":"https:\/\/api.w.org\/{rel}","templated":true}]}}