{"id":27974,"date":"2021-07-13T10:11:30","date_gmt":"2021-07-13T10:11:30","guid":{"rendered":"https:\/\/confederacionssc.es\/?p=27974"},"modified":"2021-09-08T10:16:57","modified_gmt":"2021-09-08T10:16:57","slug":"ii-jornada-de-investigacion-en-fm-sfc-em-sqm-y-ehs","status":"publish","type":"post","link":"https:\/\/confesq.org\/?p=27974","title":{"rendered":"II JORNADA DE INVESTIGACI\u00d3N EN FM, SFC\/EM, SQM Y EHS"},"content":{"rendered":"<div class=\"wpb-content-wrapper\"><p>[vc_row][vc_column][vc_column_text]<\/p>\n<h3 style=\"text-align: center;\">II JORNADA DE INVESTIGACI\u00d3N EN FM, SFC\/EM, SQM Y EHS<\/h3>\n<p>[\/vc_column_text][vc_single_image image=\u00bb27981&#8243; img_size=\u00bblarge\u00bb alignment=\u00bbcenter\u00bb][vc_column_text css=\u00bb.vc_custom_1626170808563{margin-right: 30px !important;margin-left: 30px !important;}\u00bb]<\/p>\n<div class=\"styled-subtitle\" style=\"text-align: justify;\">El pr\u00f3ximo <strong>1 de octubre<\/strong> celebramos la II Jornada \u00ab<strong><em>\u00daltimos avances en la Investigaci\u00f3n de FM, EM \/SFC, SQM y EHS<\/em><\/strong><em>\u201d, <\/em>a la que nos encantar\u00eda contar con tu asistencia. La modalidad en la que se impartir\u00e1 ser\u00e1 presencial para profesionales en la Biblioteca P\u00fablica Municipal Eugenio Tr\u00edas (Parque del Retiro), con retransmisi\u00f3n en streaming para resto de inscritos. Posteriormente, los d\u00edas <strong><b>14 y 21 de octubre <\/b><\/strong>se presentar\u00e1n las comunicaciones y las ponencias internacionales v\u00eda online para todos los inscritos.<\/div>\n<p>[\/vc_column_text][vc_column_text css=\u00bb.vc_custom_1626170425777{margin-right: 30px !important;margin-left: 30px !important;}\u00bb]<\/p>\n<div class=\"styled-subtitle\" style=\"text-align: justify;\">Con la celebraci\u00f3n de esta Jornada, dirigida principalmente a m\u00e9dicos, investigadores y profesionales de la salud, perseguimos un doble objetivo:<\/div>\n<p>[\/vc_column_text][vc_column_text css=\u00bb.vc_custom_1626170405891{margin-right: 30px !important;margin-left: 30px !important;}\u00bb]<\/p>\n<div class=\"styled-subtitle\" style=\"text-align: justify; padding-left: 40px;\">1. Presentar una panor\u00e1mica de la actualidad en la investigaci\u00f3n de las 4 patolog\u00edas que representa CONFESQ.<\/div>\n<div class=\"styled-subtitle\" style=\"text-align: justify; padding-left: 40px;\">2. Promover la creaci\u00f3n de una o m\u00e1s redes de investigaci\u00f3n espa\u00f1olas.<\/div>\n<p>[\/vc_column_text][vc_column_text css=\u00bb.vc_custom_1626176993750{margin-right: 30px !important;margin-left: 30px !important;}\u00bb]<\/p>\n<div class=\"styled-subtitle\" style=\"text-align: justify;\">Para ello hemos preparado un programa interesante, con ponentes de primer orden, nacionales e internacionales, que culminar\u00e1 con un debate en el que se podr\u00e1n poner en com\u00fan los temas abordados durante la Jornada.<\/div>\n<p>[\/vc_column_text][vc_column_text css=\u00bb.vc_custom_1626177218423{margin-right: 30px !important;margin-left: 30px !important;}\u00bb]<\/p>\n<div class=\"styled-subtitle\" style=\"text-align: justify;\">Adem\u00e1s, los <strong>profesionales<\/strong> participantes tendr\u00e1n la oportunidad de presentar comunicaciones de sus investigaciones <a href=\"https:\/\/confesq.org\/wp-content\/uploads\/2021\/07\/INSTRUCCIONES-PARA-LA-PRESENTACION-DE-COMUNICACIONES.pdf\" target=\"_blank\" rel=\"noopener\"><span style=\"text-decoration: underline;\">(ver instrucciones adjuntas)<\/span><\/a>.<\/div>\n<p>[\/vc_column_text][vc_column_text css=\u00bb.vc_custom_1626176590277{margin-right: 30px !important;margin-left: 30px !important;}\u00bb]<\/p>\n<div class=\"styled-subtitle\" style=\"text-align: justify;\">Los <strong>pacientes<\/strong> tambi\u00e9n est\u00e1n invitados a seguir la jornada online casi en su totalidad, sabiendo que el objetivo son los profesionales y que las conferencias pueden tener un nivel complejo. De los temas que m\u00e1s nos interesen y no hayan quedado muy claros, podremos organizar en el futuro conferencias dirigidas a pacientes donde resolver nuestras dudas con tranquilidad.<\/div>\n<p>[\/vc_column_text][vc_column_text css=\u00bb.vc_custom_1626167404359{margin-right: 30px !important;margin-left: 30px !important;}\u00bb]<\/p>\n<div class=\"styled-subtitle\" style=\"text-align: justify;\">Este es el programa provisional de la Jornada, que iremos actualizando en pr\u00f3ximas comunicaciones:<\/div>\n<p>[\/vc_column_text][vc_single_image image=\u00bb28028&#8243; img_size=\u00bblarge\u00bb alignment=\u00bbcenter\u00bb][vc_column_text css=\u00bb.vc_custom_1626167336763{margin-right: 30px !important;margin-left: 30px !important;}\u00bb]<\/p>\n<div class=\"styled-subtitle\" style=\"font-weight: 400; text-align: justify;\">El\u00a0<strong><u>COMIT\u00c9 CIENT\u00cdFICO<\/u><\/strong>\u00a0para este evento est\u00e1 constituido por cl\u00ednicos e investigadores especializados en las diferentes patolog\u00edas:<\/div>\n<ul>\n<li style=\"font-weight: 400; text-align: justify;\">\n<div class=\"styled-subtitle\"><em><u>Dr. Jos\u00e9 Alegre<\/u>: Especialista en Medicina Interna, Coordinador de la Unidad de S\u00edndrome de Fatiga Cr\u00f3nica \/ Encefalomielitis Mi\u00e1lgica (SFC \/ EM) en el Hospital Vall d\u00b4Hebron de Barcelona.<\/em><\/div>\n<\/li>\n<li style=\"font-weight: 400; text-align: justify;\">\n<div class=\"styled-subtitle\"><em><u>Dr. Antonio Collado<\/u>: Especialista en Reumatolog\u00eda, Coordinador de la Unidad Multidisciplinar para el estudio y tratamiento de la Fibromialgia del Hospital Clinic de Barcelona. Presidente de SEFIFAC.<\/em><\/div>\n<\/li>\n<li style=\"font-weight: 400; text-align: justify;\">\n<div class=\"styled-subtitle\"><em><u>Dr. Ceferino Maestu<\/u>: Especialista en Bioelectromagnetismo. Centro de Tecnolog\u00eda Biom\u00e9dica (CTB), Universidad Polit\u00e9cnica de Madrid. Presidente de SESSEC.<\/em><\/div>\n<\/li>\n<li style=\"font-weight: 400; text-align: justify;\">\n<div class=\"styled-subtitle\"><em><u>Dra. Eva M\u00aa Mart\u00edn<\/u>: M\u00e9dico de Atenci\u00f3n Primaria. Especialista en EM\/SFC, Valencia.<\/em><\/div>\n<\/li>\n<li style=\"font-weight: 400; text-align: justify;\">\n<div class=\"styled-subtitle\"><em><u>Dra. Pilar Mu\u00f1oz-Calero<\/u>: Experta en Medicina Ambiental. Presidenta de la Fundaci\u00f3n Alborada.<\/em><\/div>\n<\/li>\n<li style=\"font-weight: 400;\">\n<div class=\"styled-subtitle\" style=\"text-align: justify;\"><em><u>Dra. Elisa Oltra<\/u>: Investigadora del Laboratorio de Biomedicina y Profesora de Biolog\u00eda Celular y Molecular en la Universidad Cat\u00f3lica de Valencia San Vicente M\u00e1rtir (UCV).<\/em><\/div>\n<\/li>\n<\/ul>\n<p>[\/vc_column_text][vc_column_text css=\u00bb.vc_custom_1626168330549{margin-right: 30px !important;margin-left: 30px !important;}\u00bb]<\/p>\n<div class=\"styled-subtitle\" style=\"text-align: justify;\">Hasta la fecha, est\u00e1n confirmados los siguientes ponentes:<\/div>\n<div class=\"styled-subtitle\"><\/div>\n<p>[\/vc_column_text][vc_column_text css=\u00bb.vc_custom_1627554708354{margin-right: 30px !important;margin-left: 30px !important;}\u00bb]<\/p>\n<div class=\"styled-subtitle\">\n<p style=\"text-align: justify;\"><strong><span style=\"color: #134f5c;\"><u>Inauguraci\u00f3n:<\/u><\/span><\/strong><\/p>\n<ul>\n<li style=\"text-align: justify;\"><em><span style=\"text-decoration: underline;\">Excelent\u00edsima Sra. D\u00f1a. Carolina Darias San Sebasti\u00e1n<\/span><\/em>. Ministra de Sanidad.<\/li>\n<li><em><span style=\"text-decoration: underline;\">D\u00f1a. M\u00aa Jos\u00e9 F\u00e9lix Mora.<\/span><\/em> Presidenta de CONFESQ.<\/li>\n<\/ul>\n<\/div>\n<p>[\/vc_column_text][vc_column_text css=\u00bb.vc_custom_1627554784166{margin-right: 30px !important;margin-left: 30px !important;}\u00bb]<\/p>\n<div class=\"styled-subtitle\">\n<p style=\"text-align: justify;\"><strong><span style=\"color: #134f5c;\"><u>Encefalomielitis Mi\u00e1lgica \/ S\u00edndrome de Fatiga Cr\u00f3nica (EM \/SFC):<\/u>\u00a0<\/span><\/strong><\/p>\n<\/div>\n<div class=\"gmail_quote styled-subtitle\" style=\"text-align: justify;\">\n<div>\n<div class=\"gmail_quote\">\n<div>\n<ul>\n<li style=\"text-align: justify;\"><span style=\"color: #134f5c;\"><i><span style=\"text-decoration: underline;\">Dr. Jos\u00e9 Alegre<\/span>. Hospital U. Vall d\u00b4Hebron de Barcelona. <\/i>Euromene: <i>C<\/i>onsenso europeo del diagnostico y tratamiento del SFC.<\/span><\/li>\n<li style=\"text-align: justify;\"><i style=\"color: #134f5c;\"><span style=\"text-decoration: underline;\">Dr. Chris Amstrong<\/span>. \u00a0Instituto de Biotecnolog\u00eda y Ciencia Molecular Bio21 de la Universidad de Melbourne (Australia). OMF. <\/i>An\u00e1lisis metabol\u00f3mico en EM.<\/li>\n<\/ul>\n<\/div>\n<\/div>\n<\/div>\n<\/div>\n<p>[\/vc_column_text][vc_column_text css=\u00bb.vc_custom_1628096766701{margin-right: 30px !important;margin-left: 30px !important;}\u00bb]<\/p>\n<div class=\"gmail_quote styled-subtitle\" style=\"text-align: justify;\">\n<div>\n<div class=\"gmail_quote\">\n<div>\n<p style=\"text-align: justify;\"><span style=\"color: #134f5c;\"><strong><u>Fibromialgia (FM)<\/u>:<\/strong>\u00a0<\/span><\/p>\n<\/div>\n<\/div>\n<\/div>\n<\/div>\n<div class=\"gmail_quote styled-subtitle\" style=\"text-align: justify;\">\n<div>\n<div class=\"gmail_quote\">\n<div>\n<ul>\n<li><i><span style=\"text-decoration: underline;\">Dra. Tamara Rodr\u00edguez<\/span>.<\/i>\u00a0<span style=\"color: #134f5c;\"><i>Hospital Clinic de Barcelona. SEFIFAC<\/i>. COVID persistente y fibromialgia.<\/span><\/li>\n<li><span style=\"color: #134f5c;\"><i><span style=\"text-decoration: underline;\">Dr. Daniel Clauw<\/span>. Universidad de Michigan (USA<\/i>). Neuroimagen en fibromialgia.<\/span><\/li>\n<li>Entrevista al <span style=\"text-decoration: underline;\"><em>Dr. David Andersson.<\/em><\/span> <em>King&#8217;s College London. <\/em>\u00bfPuede ser la fibromialgia un problema autoinmune?<\/li>\n<\/ul>\n<\/div>\n<\/div>\n<\/div>\n<\/div>\n<p>[\/vc_column_text][vc_column_text css=\u00bb.vc_custom_1627554873093{margin-right: 30px !important;margin-left: 30px !important;}\u00bb]<\/p>\n<div class=\"gmail_quote styled-subtitle\" style=\"text-align: justify;\">\n<div>\n<div class=\"gmail_quote\">\n<div><strong><span style=\"color: #134f5c;\"><u>Electrohipersensibilidad (EHS):<\/u><\/span><\/strong><\/div>\n<\/div>\n<\/div>\n<\/div>\n<div class=\"gmail_quote styled-subtitle\" style=\"text-align: justify;\">\n<div class=\"gmail_quote\">\n<ul>\n<li style=\"text-align: justify;\"><span style=\"color: #134f5c;\"><span style=\"text-decoration: underline;\"><i>Dr. Ceferino Maestu<\/i><\/span>.\u00a0<i>U. Polit\u00e9cnica de Madrid. SESSEC<\/i>. Biomarcadores Neuroquimicos y de Neuroimagen en EHS. Un documento de consenso internacional.<\/span><\/li>\n<li style=\"text-align: justify;\"><span style=\"color: #134f5c;\">Ponente internacional por confirmar.<\/span><\/li>\n<\/ul>\n<\/div>\n<\/div>\n<div class=\"gmail_quote styled-subtitle\" style=\"text-align: justify;\">\n<div>\n<div class=\"gmail_quote\">\n<div><\/div>\n<\/div>\n<\/div>\n<\/div>\n<div class=\"gmail_quote styled-subtitle\" style=\"text-align: justify;\">\n<div>\n<div class=\"gmail_quote\">\n<div><\/div>\n<\/div>\n<\/div>\n<\/div>\n<p>[\/vc_column_text][vc_column_text css=\u00bb.vc_custom_1627555035965{margin-right: 30px !important;margin-left: 30px !important;}\u00bb]<\/p>\n<div class=\"gmail_quote styled-subtitle\" style=\"text-align: justify;\">\n<div>\n<div class=\"gmail_quote\">\n<div>\n<p><strong><span style=\"color: #134f5c;\"><u>Sensibilidad Qu\u00edmica M\u00faltiple (SQM):<\/u><\/span><\/strong><\/p>\n<\/div>\n<\/div>\n<\/div>\n<\/div>\n<ul>\n<li class=\"styled-subtitle\" style=\"text-align: justify;\"><span style=\"color: #134f5c;\"><i><span style=\"text-decoration: underline;\">Dra. Pilar Mu\u00f1oz Calero<\/span>. Fundaci\u00f3n Alborada. U. Complutense de Madrid.<\/i> Disruptores endocrinos y Sensibilidad Qu\u00edmica M\u00faltiple.<\/span><\/li>\n<li class=\"styled-subtitle\" style=\"text-align: justify;\"><span style=\"color: #134f5c;\">Entrevista a la <\/span><span style=\"text-decoration: underline;\"><em><span style=\"color: #134f5c; text-decoration: underline;\">Dra. Jean <\/span><\/em><\/span><span style=\"color: #134f5c;\"><span style=\"text-decoration: underline;\"><em>Monro,<\/em><\/span><em> directora de Breakspeare Medical.<\/em> Necesidades de investigaci\u00f3n en SQM.<\/span><\/li>\n<\/ul>\n<p>[\/vc_column_text][vc_column_text css=\u00bb.vc_custom_1627555316896{margin-right: 30px !important;margin-left: 30px !important;}\u00bb]<\/p>\n<div class=\"gmail_quote styled-subtitle\" style=\"text-align: justify;\">\n<div>\n<div class=\"gmail_quote\">\n<div>\n<p><strong><span style=\"color: #134f5c;\"><u>Estudio promovido por CONFESQ:<\/u><\/span><\/strong><\/p>\n<\/div>\n<\/div>\n<\/div>\n<\/div>\n<ul>\n<li style=\"text-align: justify;\">\n<div class=\"styled-subtitle\"><span style=\"color: #134f5c;\"><i><span style=\"text-decoration: underline;\">Ana Isabel Parro<\/span>. Dra. en Medicina Preventiva y de la Salud. Profesora de la UAM. <\/i>Dise\u00f1o de un estudio de prevalencia de las enfermedades representadas por CONFESQ.<\/span><\/div>\n<\/li>\n<\/ul>\n<p>[\/vc_column_text][vc_column_text css=\u00bb.vc_custom_1626169346120{margin-right: 30px !important;margin-left: 30px !important;}\u00bb]<\/p>\n<div class=\"styled-subtitle\" style=\"text-align: justify;\">Si est\u00e1s interesada\/o en participar, puedes realizar la preinscripci\u00f3n en el formulario que te corresponda:<\/div>\n<div>\n<ul>\n<li class=\"styled-subtitle\"><span style=\"text-decoration: underline;\"><a href=\"https:\/\/docs.google.com\/forms\/d\/e\/1FAIpQLSc4ut4XcMRuxx--ocZjqY6BPZknAD84B6HJmAAgfTnfzADP-Q\/viewform\" target=\"_blank\" rel=\"noopener\" data-saferedirecturl=\"https:\/\/www.google.com\/url?q=https:\/\/docs.google.com\/forms\/d\/e\/1FAIpQLSc4ut4XcMRuxx--ocZjqY6BPZknAD84B6HJmAAgfTnfzADP-Q\/viewform&amp;source=gmail&amp;ust=1626255655922000&amp;usg=AFQjCNFVCEUrC-ETD23X564NTbQ5gqPcaw\">PROFESIONALES<\/a><\/span><\/li>\n<li class=\"styled-subtitle\"><span style=\"text-decoration: underline;\"><a href=\"https:\/\/docs.google.com\/forms\/d\/e\/1FAIpQLSeuvxPKVCdloq5TUQ8hFai_UESGt66NFtr5OrKxWLrkjXKr_g\/viewform\" target=\"_blank\" rel=\"noopener\" data-saferedirecturl=\"https:\/\/www.google.com\/url?q=https:\/\/docs.google.com\/forms\/d\/e\/1FAIpQLSeuvxPKVCdloq5TUQ8hFai_UESGt66NFtr5OrKxWLrkjXKr_g\/viewform&amp;source=gmail&amp;ust=1626255655922000&amp;usg=AFQjCNF6eK7iFKXshHXmRqp88zv_oU4wdg\">ESTUDIANTES<\/a><\/span><\/li>\n<li class=\"styled-subtitle\"><span style=\"text-decoration: underline;\"><a href=\"https:\/\/docs.google.com\/forms\/d\/e\/1FAIpQLSdSG3LK76dt4hxb2NBoaAjvWRgc5h1m5RN8WKaLxIEMKfho9A\/viewform\" target=\"_blank\" rel=\"noopener\" data-saferedirecturl=\"https:\/\/www.google.com\/url?q=https:\/\/docs.google.com\/forms\/d\/e\/1FAIpQLSdSG3LK76dt4hxb2NBoaAjvWRgc5h1m5RN8WKaLxIEMKfho9A\/viewform&amp;source=gmail&amp;ust=1626255655922000&amp;usg=AFQjCNH2IF3cSjR8Rnxqaqk9AKaE7hyEYA\">ASOCIACIONES<\/a><\/span><\/li>\n<\/ul>\n<\/div>\n<p>[\/vc_column_text][vc_column_text css=\u00bb.vc_custom_1626176490983{margin-right: 30px !important;margin-left: 30px !important;}\u00bb]<\/p>\n<div class=\"styled-subtitle\" style=\"text-align: justify;\">Ten en cuenta que el <span class=\"il\">aforo<\/span> para asistir presencialmente (solo profesionales) se ha reducido considerablemente debido al COVID19, por lo que las plazas se ir\u00e1n completando por orden de inscripci\u00f3n.<\/div>\n<p>[\/vc_column_text][vc_row_inner][vc_column_inner width=\u00bb1\/2&#8243;][vc_column_text css=\u00bb.vc_custom_1626169661247{margin-left: 30px !important;background-color: #e8e8e8 !important;}\u00bb]<\/p>\n<div class=\"styled-subtitle\" style=\"text-align: center;\"><span style=\"text-decoration: underline;\"><strong>PRECIO PROFESIONALES Y ESTUDIANTES<\/strong><\/span><\/div>\n<div class=\"styled-subtitle\" style=\"text-align: center;\">Online: 5\u20ac<\/div>\n<div class=\"styled-subtitle\" style=\"text-align: center;\">Presencial: 10\u20ac<\/div>\n<p>[\/vc_column_text][\/vc_column_inner][vc_column_inner width=\u00bb1\/2&#8243;][vc_column_text css=\u00bb.vc_custom_1626169824378{margin-right: 30px !important;background-color: #e8e8e8 !important;}\u00bb]<\/p>\n<div class=\"styled-subtitle\" style=\"text-align: center;\"><strong><span style=\"text-decoration: underline;\">PRECIO ASOCIACIONES<\/span><\/strong><\/div>\n<div class=\"styled-subtitle\" style=\"text-align: center;\">Socios de CONFESQ: 15\u20ac<\/div>\n<div class=\"styled-subtitle\" style=\"text-align: center;\">No socios: 30\u20ac<\/div>\n<p>[\/vc_column_text][\/vc_column_inner][\/vc_row_inner][vc_column_text css=\u00bb.vc_custom_1626169995723{margin-right: 30px !important;margin-left: 30px !important;}\u00bb]<\/p>\n<div class=\"styled-subtitle\" style=\"text-align: justify;\">Tras realizar la inscripci\u00f3n, deber\u00e1 abonar la cantidad correspondiente a la cuenta bancaria de La Caixa ES42 2100 8535 3902 0004 7753 con el asunto: INSCRIPCION + Nombre y Apellidos y enviar el resguardo de transferencia a <a href=\"mailto:jornadainvestigacion.confesq@gmail.com\">jornadainvestigacion.confesq@gmail.com<\/a><\/div>\n<p>[\/vc_column_text][vc_column_text css=\u00bb.vc_custom_1626170203887{margin-right: 30px !important;margin-left: 30px !important;}\u00bb]<\/p>\n<div class=\"styled-subtitle\">\u00a1Nos vemos en octubre!<\/div>\n<p>[\/vc_column_text][vc_column_text css=\u00bb.vc_custom_1626170220248{margin-right: 30px !important;margin-left: 30px !important;}\u00bb]<\/p>\n<div class=\"styled-subtitle\" style=\"text-align: justify;\"><span style=\"text-decoration: underline;\">NOTA<\/span>: En el siguiente enlace tendr\u00e1 acceso a\u00a0<span style=\"text-decoration: underline;\"><a href=\"https:\/\/confesq.org\/?page_id=27333\" target=\"_blank\" rel=\"noopener\" data-saferedirecturl=\"https:\/\/www.google.com\/url?q=https:\/\/confesq.org\/?page_id%3D27333&amp;source=gmail&amp;ust=1626252805384000&amp;usg=AFQjCNErD621bh8wG_jCLByvKlrxwbJg4Q\">los v\u00eddeos<\/a><\/span>\u00a0de la I Jornada de Investigaci\u00f3n que tuvo lugar en el Centro de Investigaci\u00f3n Pr\u00edncipe Felipe (CIPF) de Valencia en el a\u00f1o 2019.<\/div>\n<p>[\/vc_column_text][\/vc_column][\/vc_row]<\/p>\n<\/div>","protected":false},"excerpt":{"rendered":"<p>[vc_row][vc_column][vc_column_text] II JORNADA DE INVESTIGACI\u00d3N EN FM, SFC\/EM, SQM Y EHS [\/vc_column_text][vc_single_image image=\u00bb27981&#8243; img_size=\u00bblarge\u00bb alignment=\u00bbcenter\u00bb][vc_column_text css=\u00bb.vc_custom_1626170808563{margin-right: 30px !important;margin-left: 30px !important;}\u00bb]&#8230;<\/p>\n","protected":false},"author":2,"featured_media":27981,"comment_status":"closed","ping_status":"closed","sticky":false,"template":"","format":"standard","meta":{"footnotes":""},"categories":[105],"tags":[],"class_list":{"0":"post-27974","1":"post","2":"type-post","3":"status-publish","4":"format-standard","5":"has-post-thumbnail","7":"category-novedades"},"menu_order":0,"_links":{"self":[{"href":"https:\/\/confesq.org\/index.php?rest_route=\/wp\/v2\/posts\/27974","targetHints":{"allow":["GET"]}}],"collection":[{"href":"https:\/\/confesq.org\/index.php?rest_route=\/wp\/v2\/posts"}],"about":[{"href":"https:\/\/confesq.org\/index.php?rest_route=\/wp\/v2\/types\/post"}],"author":[{"embeddable":true,"href":"https:\/\/confesq.org\/index.php?rest_route=\/wp\/v2\/users\/2"}],"replies":[{"embeddable":true,"href":"https:\/\/confesq.org\/index.php?rest_route=%2Fwp%2Fv2%2Fcomments&post=27974"}],"version-history":[{"count":20,"href":"https:\/\/confesq.org\/index.php?rest_route=\/wp\/v2\/posts\/27974\/revisions"}],"predecessor-version":[{"id":28029,"href":"https:\/\/confesq.org\/index.php?rest_route=\/wp\/v2\/posts\/27974\/revisions\/28029"}],"wp:featuredmedia":[{"embeddable":true,"href":"https:\/\/confesq.org\/index.php?rest_route=\/wp\/v2\/media\/27981"}],"wp:attachment":[{"href":"https:\/\/confesq.org\/index.php?rest_route=%2Fwp%2Fv2%2Fmedia&parent=27974"}],"wp:term":[{"taxonomy":"category","embeddable":true,"href":"https:\/\/confesq.org\/index.php?rest_route=%2Fwp%2Fv2%2Fcategories&post=27974"},{"taxonomy":"post_tag","embeddable":true,"href":"https:\/\/confesq.org\/index.php?rest_route=%2Fwp%2Fv2%2Ftags&post=27974"}],"curies":[{"name":"wp","href":"https:\/\/api.w.org\/{rel}","templated":true}]}}