{"id":27886,"date":"2021-06-17T18:39:35","date_gmt":"2021-06-17T18:39:35","guid":{"rendered":"https:\/\/confederacionssc.es\/?p=27886"},"modified":"2022-02-22T09:47:14","modified_gmt":"2022-02-22T09:47:14","slug":"lo-hemos-conseguido-retirada-de-la-guia-inss","status":"publish","type":"post","link":"https:\/\/confesq.org\/?p=27886","title":{"rendered":"\u00a1LO HEMOS CONSEGUIDO! RETIRADA DE LA GU\u00cdA INSS"},"content":{"rendered":"<div class=\"wpb-content-wrapper\"><p>[vc_row][vc_column][vc_column_text css=\u00bb.vc_custom_1623955310198{margin-right: 30px !important;margin-left: 30px !important;}\u00bb]<\/p>\n<h4 style=\"text-align: center;\"><strong>\u00a1LO HEMOS CONSEGUIDO! RETIRADA DE LA GU\u00cdA INSS<\/strong><\/h4>\n<p>[\/vc_column_text][vc_single_image image=\u00bb27888&#8243; img_size=\u00bblarge\u00bb alignment=\u00bbcenter\u00bb onclick=\u00bbcustom_link\u00bb img_link_target=\u00bb_blank\u00bb link=\u00bbhttps:\/\/confesq.org\/wp-content\/uploads\/2021\/06\/Carta-CONFESQ-Direccion-general-INSS.pdf\u00bb][vc_column_text css=\u00bb.vc_custom_1623953620434{margin-right: 30px !important;margin-left: 30px !important;}\u00bb]<\/p>\n<div class=\"styled-subtitle\" style=\"text-align: justify;\">El d\u00eda 16 de junio de 2021, CONFESQ ha recibido <a href=\"https:\/\/confesq.org\/wp-content\/uploads\/2021\/06\/Carta-CONFESQ-Direccion-general-INSS.pdf\" target=\"_blank\" rel=\"noopener\"><span style=\"text-decoration: underline;\">una carta<\/span><\/a> de la Directora General del INSS, do\u00f1a M\u00aa Carmen Armentos, en la que nos informa de la <strong>retirada total de la<\/strong> <strong>\u201c<em>Gu\u00eda de actualizaci\u00f3n de Valoraci\u00f3n de fibromialgia, s\u00edndrome de fatiga cr\u00f3nica, sensibilidad qu\u00edmica m\u00faltiple y electrosensibilidad\u00a0<\/em> (2\u00aaedici\u00f3n), de la web y para su uso, <\/strong>a\u00f1adiendo:<\/div>\n<p>[\/vc_column_text][vc_column_text css=\u00bb.vc_custom_1623953698943{margin-right: 30px !important;margin-left: 30px !important;}\u00bb]<\/p>\n<div class=\"styled-subtitle\" style=\"text-align: justify;\"><span style=\"color: #000080;\"><em>\u201c\u2026Con fecha 11\/02\/2021 se envi\u00f3 el correspondiente correo electr\u00f3nico a todos los jefes m\u00e9dicos de las 48 unidades m\u00e9dicas del INSS de procedimiento EVI, indic\u00e1ndoles \u201cOs informamos que hemos procedido a la retirada de la p\u00e1gina web de la Seguridad Social de la \u201cGu\u00eda de actualizaci\u00f3n en la valoraci\u00f3n de fibromialgia, s\u00edndrome de fatiga cr\u00f3nica, sensibilidad qu\u00edmica m\u00faltiple y electrosensibilidad. (2\u00aa Edici\u00f3n)\u201d. Rogamos deis difusi\u00f3n a todos los facultativos de vuestras respectivas unidades m\u00e9dicas.<\/em><\/span><\/div>\n<p>[\/vc_column_text][vc_column_text css=\u00bb.vc_custom_1623954363195{margin-right: 30px !important;margin-left: 30px !important;}\u00bb]<\/p>\n<div class=\"styled-subtitle\" style=\"text-align: justify;\"><span style=\"color: #000080;\"><em>Por tanto desde esa fecha, la gu\u00eda no est\u00e1 disponible en dicha p\u00e1gina web ni para nuestros m\u00e9dicos inspectores ni para cualquier otra persona que pudiera tener inter\u00e9s en consultarla, incluidos los m\u00e9dicos de atenci\u00f3n primaria\u201d.<\/em><\/span><\/div>\n<p>[\/vc_column_text][vc_column_text css=\u00bb.vc_custom_1623964343618{margin-right: 30px !important;margin-left: 30px !important;}\u00bb]<\/p>\n<div class=\"styled-subtitle\" style=\"text-align: justify;\">Este logro que parec\u00eda totalmente imposible de conseguir, es el resultado de la <a href=\"https:\/\/confesq.org\/?p=27352\" target=\"_blank\" rel=\"noopener\"><span style=\"text-decoration: underline;\">Campa\u00f1a, <em>\u201cNo a la Gu\u00eda INSS\u201d<\/em><\/span>,<\/a> iniciada en 2019 con el objetivo de conseguir una valoraci\u00f3n justa de la incapacidad laboral, que ha supuesto el esfuerzo totalmente solidario de asociaciones, pacientes, profesionales de la salud que han apoyado la campa\u00f1a o participado en la revisi\u00f3n y elaboraci\u00f3n de los documentos de revisi\u00f3n*, as\u00ed como la inestimable y totalmente desinteresada colaboraci\u00f3n de nuestros asesores jur\u00eddicos, Colectivo Ronda, que nos han acompa\u00f1ado y asesorado en todo este proceso.\u00a0 A todos, nuestro agradecimiento m\u00e1s profundo.<\/div>\n<p>[\/vc_column_text][vc_column_text css=\u00bb.vc_custom_1623964480486{margin-right: 30px !important;margin-left: 30px !important;}\u00bb]<\/p>\n<div class=\"styled-subtitle\" style=\"text-align: justify;\">Estamos emocionados, como suponemos que lo estar\u00e1 todo el colectivo, y aunque queda mucho trabajo por hacer, y esta retirada probablemente no signifique que las valoraciones sean como nos gustar\u00eda, al menos <u>este texto tremendamente sesgado y perjudicial para los pacientes, ya no est\u00e1 accesible y no podr\u00e1\u00a0 usarse como referente en los informes m\u00e9dicos, ni en los juicios<\/u> (de hecho no pod\u00eda usarse desde el d\u00eda 11 de febrero de 2021 \u2013 <span style=\"color: #993300;\">nota: aunque indica que ya se hab\u00eda informado a CONFESQ, lo cierto es que nunca lleg\u00f3 ninguna comunicaci\u00f3n hasta este momento<\/span>).<\/div>\n<p>[\/vc_column_text][vc_column_text css=\u00bb.vc_custom_1623964521298{margin-right: 30px !important;margin-left: 30px !important;}\u00bb]<\/p>\n<div class=\"styled-subtitle\" style=\"text-align: justify;\">Ahora se abre el reto de conseguir la elaboraci\u00f3n de unas gu\u00edas cl\u00ednicas adecuadas, por parte del Ministerio de Sanidad, en colaboraci\u00f3n con las sociedades m\u00e9dicas especializadas y las organizaciones de pacientes, camino que ya iniciamos en paralelo a esta campa\u00f1a.<\/div>\n<p>[\/vc_column_text][vc_column_text css=\u00bb.vc_custom_1623954805441{margin-right: 30px !important;margin-left: 30px !important;}\u00bb]<\/p>\n<div class=\"styled-subtitle\" style=\"text-align: justify;\">A la alegr\u00eda de este logro, se ha unido estos d\u00edas la noticia de que el proyecto \u201c<em>NO a la Gu\u00eda INSS\u201d<\/em> ha sido galardonado con el <span style=\"text-decoration: underline;\"><a href=\"https:\/\/confesq.org\/?p=27883\" target=\"_blank\" rel=\"noopener\">Premio C\u00edvico Europeo al Dolor Cr\u00f3nico- III edici\u00f3n en la categor\u00eda de \u201cPr\u00e1cticas cl\u00ednicas\u201d<\/a><\/span>, premio que se ha recogido el 17 de junio en un acto organizado por la Organizaci\u00f3n Active Citizenship Network, a los que agradecemos el reconocimiento.<\/div>\n<p>[\/vc_column_text][vc_column_text css=\u00bb.vc_custom_1624024217288{margin-right: 30px !important;margin-left: 30px !important;}\u00bb]<\/p>\n<div class=\"styled-subtitle\" style=\"text-align: justify;\">(*) M\u00e9dicos y otros profesionales que han participado como revisores de los documentos de revisi\u00f3n de la Gu\u00eda:<\/div>\n<ul>\n<li style=\"text-align: justify;\">\n<div class=\"styled-subtitle\">Dr. Jorge Antol\u00edn Ram\u00edrez Tejero.<\/div>\n<\/li>\n<li style=\"text-align: justify;\">\n<div class=\"styled-subtitle\">Dr. Joaqu\u00edn Fern\u00e1ndez Sol\u00e1.<\/div>\n<\/li>\n<li style=\"text-align: justify;\">\n<div class=\"styled-subtitle\">Dr. Javier Le\u00f3n Iglesias.<\/div>\n<\/li>\n<li style=\"text-align: justify;\">\n<div class=\"styled-subtitle\">Dra. Rosa Magall\u00f3n.<\/div>\n<\/li>\n<li style=\"text-align: justify;\">\n<div class=\"styled-subtitle\">Dra. Ana M\u00aa Garc\u00eda Quintana.<\/div>\n<\/li>\n<li style=\"text-align: justify;\">\n<div class=\"styled-subtitle\">D. Antonio Mart\u00ednez Lara.<\/div>\n<\/li>\n<li style=\"text-align: justify;\">\n<div class=\"styled-subtitle\">Dra. Eva Mar\u00eda Mart\u00edn Mart\u00ednez.<\/div>\n<\/li>\n<li style=\"text-align: justify;\">\n<div class=\"styled-subtitle\">Dr. Juan Carlos Segovia Mart\u00ednez.<\/div>\n<\/li>\n<li style=\"text-align: justify;\">\n<div class=\"styled-subtitle\">Dr. Francisco Javier L\u00f3pez-Silvarrey Varela.<\/div>\n<\/li>\n<li style=\"text-align: justify;\">\n<div class=\"styled-subtitle\">Dra. Pilar Mu\u00f1oz Calero.<\/div>\n<\/li>\n<li style=\"text-align: justify;\">\n<div class=\"styled-subtitle\">Dr. Antonio M\u00aa Pasciuto.<\/div>\n<\/li>\n<li style=\"text-align: justify;\">\n<div class=\"styled-subtitle\">Dra. Mar Rodr\u00edguez Gimena.<\/div>\n<\/li>\n<li style=\"text-align: justify;\">\n<div class=\"styled-subtitle\">Dr. Ceferino Maestu Unturbe.<\/div>\n<\/li>\n<li style=\"text-align: justify;\">\n<div class=\"styled-subtitle\">Dra. M\u00aa Carmen Valls Llobet.<\/div>\n<\/li>\n<li style=\"text-align: justify;\">\n<div class=\"styled-subtitle\">Dra. Tomasa Santos Santos.<\/div>\n<\/li>\n<li style=\"text-align: justify;\">\n<div class=\"styled-subtitle\">Dr. Javier Mateos Hern\u00e1ndez.<\/div>\n<\/li>\n<li>\n<div class=\"styled-subtitle\" style=\"text-align: justify;\">Dr. Erica Mallery Blythe.<\/div>\n<\/li>\n<li>\n<div class=\"styled-subtitle\">D. Dau Garc\u00eda Dauder.<\/div>\n<\/li>\n<li>\n<div class=\"styled-subtitle\">D\u00f1a. Almudena Alameda Cuesta.<\/div>\n<\/li>\n<li>\n<div class=\"styled-subtitle\">D\u00f1a. Isabel D\u00edaz Velasco.<\/div>\n<\/li>\n<li>\n<div class=\"styled-subtitle\">Fundaci\u00f3n Alborada.<\/div>\n<\/li>\n<\/ul>\n<p>[\/vc_column_text][\/vc_column][\/vc_row]<\/p>\n<\/div>","protected":false},"excerpt":{"rendered":"<p>[vc_row][vc_column][vc_column_text css=\u00bb.vc_custom_1623955310198{margin-right: 30px !important;margin-left: 30px !important;}\u00bb] \u00a1LO HEMOS CONSEGUIDO! RETIRADA DE LA GU\u00cdA INSS [\/vc_column_text][vc_single_image image=\u00bb27888&#8243; img_size=\u00bblarge\u00bb alignment=\u00bbcenter\u00bb onclick=\u00bbcustom_link\u00bb img_link_target=\u00bb_blank\u00bb&#8230;<\/p>\n","protected":false},"author":2,"featured_media":27888,"comment_status":"closed","ping_status":"closed","sticky":false,"template":"","format":"aside","meta":{"footnotes":""},"categories":[105],"tags":[124],"class_list":{"0":"post-27886","1":"post","2":"type-post","3":"status-publish","4":"format-aside","5":"has-post-thumbnail","7":"category-novedades","8":"tag-guia-inss","9":"post_format-post-format-aside"},"menu_order":0,"_links":{"self":[{"href":"https:\/\/confesq.org\/index.php?rest_route=\/wp\/v2\/posts\/27886","targetHints":{"allow":["GET"]}}],"collection":[{"href":"https:\/\/confesq.org\/index.php?rest_route=\/wp\/v2\/posts"}],"about":[{"href":"https:\/\/confesq.org\/index.php?rest_route=\/wp\/v2\/types\/post"}],"author":[{"embeddable":true,"href":"https:\/\/confesq.org\/index.php?rest_route=\/wp\/v2\/users\/2"}],"replies":[{"embeddable":true,"href":"https:\/\/confesq.org\/index.php?rest_route=%2Fwp%2Fv2%2Fcomments&post=27886"}],"version-history":[{"count":10,"href":"https:\/\/confesq.org\/index.php?rest_route=\/wp\/v2\/posts\/27886\/revisions"}],"predecessor-version":[{"id":28242,"href":"https:\/\/confesq.org\/index.php?rest_route=\/wp\/v2\/posts\/27886\/revisions\/28242"}],"wp:featuredmedia":[{"embeddable":true,"href":"https:\/\/confesq.org\/index.php?rest_route=\/wp\/v2\/media\/27888"}],"wp:attachment":[{"href":"https:\/\/confesq.org\/index.php?rest_route=%2Fwp%2Fv2%2Fmedia&parent=27886"}],"wp:term":[{"taxonomy":"category","embeddable":true,"href":"https:\/\/confesq.org\/index.php?rest_route=%2Fwp%2Fv2%2Fcategories&post=27886"},{"taxonomy":"post_tag","embeddable":true,"href":"https:\/\/confesq.org\/index.php?rest_route=%2Fwp%2Fv2%2Ftags&post=27886"}],"curies":[{"name":"wp","href":"https:\/\/api.w.org\/{rel}","templated":true}]}}