{"id":27824,"date":"2021-06-01T13:29:51","date_gmt":"2021-06-01T13:29:51","guid":{"rendered":"https:\/\/confederacionssc.es\/?p=27824"},"modified":"2021-06-01T13:30:37","modified_gmt":"2021-06-01T13:30:37","slug":"videos-webinars-12-de-mayo","status":"publish","type":"post","link":"https:\/\/confesq.org\/?p=27824","title":{"rendered":"V\u00cdDEOS WEBINARS 12 DE MAYO"},"content":{"rendered":"<div class=\"wpb-content-wrapper\"><p>[vc_row][vc_column][vc_column_text css=\u00bb.vc_custom_1622548332816{margin-right: 30px !important;margin-left: 30px !important;}\u00bb]<\/p>\n<h4 style=\"text-align: center;\">V\u00cdDEOS WEBINARS 12 DE MAYO<\/h4>\n<p>[\/vc_column_text][vc_single_image image=\u00bb27827&#8243; img_size=\u00bblarge\u00bb alignment=\u00bbcenter\u00bb][vc_column_text css=\u00bb.vc_custom_1622548614428{margin-right: 30px !important;margin-left: 30px !important;}\u00bb]<\/p>\n<div class=\"styled-subtitle\" style=\"text-align: justify;\">Conforme a nuestro programa organizado para el d\u00eda 12 de mayo: D\u00eda Mundial de la Fibromialgia, S\u00edndrome de Fatiga Cr\u00f3nica\/ Encefalomielitis Mi\u00e1lgica, Sensibilidad Qu\u00edmica M\u00faltiple y Electrohipersensibilidad, ya han transcurrido los 3 webinars que ten\u00edamos planificados.<\/div>\n<p>[\/vc_column_text][vc_column_text css=\u00bb.vc_custom_1622549668432{margin-right: 30px !important;margin-left: 30px !important;}\u00bb]<\/p>\n<div class=\"styled-subtitle\" style=\"text-align: justify;\">En general, los webinars han tenido una gran acogida dados sus contenidos de gran aplicaci\u00f3n en la vida diaria de los enfermos. A todos los que pudisteis asistir os agradecemos enormemente vuestra implicaci\u00f3n y participaci\u00f3n, y a aquellos que no pudisteis seguirnos en directo o quer\u00e1is repasar los temas tratados en los diferentes webinars, os proporcionamos los v\u00eddeos expuestos p\u00fablicamente, que pod\u00e9is compartir con qui\u00e9n m\u00e1s os interese.<\/div>\n<p>[\/vc_column_text][vc_column_text css=\u00bb.vc_custom_1622549287947{margin-right: 30px !important;margin-left: 30px !important;}\u00bb]<\/p>\n<div class=\"styled-subtitle\">Cronol\u00f3gicamente, esta ha sido la programaci\u00f3n de los webinars:<\/div>\n<p>[\/vc_column_text][vc_column_text css=\u00bb.vc_custom_1622553326935{margin-right: 30px !important;margin-left: 30px !important;}\u00bb]<\/p>\n<div class=\"styled-subtitle\" style=\"text-align: center;\"><strong>Webinar 6 de mayo: Incapacidad laboral y Campa\u00f1a INSS<\/strong><\/div>\n<p>[\/vc_column_text][vc_column_text css=\u00bb.vc_custom_1622553389285{margin-left: 305px !important;}\u00bb]<iframe title=\"YouTube video player\" src=\"https:\/\/www.youtube.com\/embed\/UjYTx3UfvIs\" width=\"560\" height=\"315\" frameborder=\"0\" allowfullscreen=\"allowfullscreen\"><\/iframe>[\/vc_column_text][vc_column_text css=\u00bb.vc_custom_1622553429667{margin-right: 30px !important;margin-left: 30px !important;}\u00bb]<\/p>\n<div class=\"styled-subtitle\" style=\"text-align: center;\"><strong>Webinar 20 de mayo: Disruptores Endocrinos y Mujer<\/strong><\/div>\n<p>[\/vc_column_text][vc_column_text css=\u00bb.vc_custom_1622553453497{margin-left: 305px !important;}\u00bb]<iframe title=\"YouTube video player\" src=\"https:\/\/www.youtube.com\/embed\/k12DJkIwOng\" width=\"560\" height=\"315\" frameborder=\"0\" allowfullscreen=\"allowfullscreen\"><\/iframe>[\/vc_column_text][vc_column_text css=\u00bb.vc_custom_1622553494746{margin-right: 30px !important;margin-left: 30px !important;}\u00bb]<\/p>\n<div class=\"styled-subtitle\" style=\"text-align: center;\"><strong>Mesa redonda 27 de mayo: COVID y enfermedades representadas por CONFESQ<\/strong><\/div>\n<p>[\/vc_column_text][vc_column_text css=\u00bb.vc_custom_1622553479319{margin-left: 305px !important;}\u00bb]<iframe title=\"YouTube video player\" src=\"https:\/\/www.youtube.com\/embed\/tnBmFXoKSL4\" width=\"560\" height=\"315\" frameborder=\"0\" allowfullscreen=\"allowfullscreen\"><\/iframe>[\/vc_column_text][vc_column_text css=\u00bb.vc_custom_1622553799123{margin-right: 30px !important;margin-left: 30px !important;}\u00bb]<\/p>\n<div class=\"styled-subtitle\" style=\"text-align: justify;\">Actualmente, seguimos trabajando en los proyectos de investigaci\u00f3n programados para este a\u00f1o, de los que recibir\u00e9is noticias pronto.<\/div>\n<p>[\/vc_column_text][\/vc_column][\/vc_row]<\/p>\n<\/div>","protected":false},"excerpt":{"rendered":"<p>[vc_row][vc_column][vc_column_text css=\u00bb.vc_custom_1622548332816{margin-right: 30px !important;margin-left: 30px !important;}\u00bb] V\u00cdDEOS WEBINARS 12 DE MAYO [\/vc_column_text][vc_single_image image=\u00bb27827&#8243; img_size=\u00bblarge\u00bb alignment=\u00bbcenter\u00bb][vc_column_text css=\u00bb.vc_custom_1622548614428{margin-right: 30px !important;margin-left: 30px !important;}\u00bb]&#8230;<\/p>\n","protected":false},"author":2,"featured_media":27827,"comment_status":"closed","ping_status":"closed","sticky":false,"template":"","format":"aside","meta":{"footnotes":""},"categories":[105],"tags":[],"class_list":{"0":"post-27824","1":"post","2":"type-post","3":"status-publish","4":"format-aside","5":"has-post-thumbnail","7":"category-novedades","8":"post_format-post-format-aside"},"menu_order":0,"_links":{"self":[{"href":"https:\/\/confesq.org\/index.php?rest_route=\/wp\/v2\/posts\/27824","targetHints":{"allow":["GET"]}}],"collection":[{"href":"https:\/\/confesq.org\/index.php?rest_route=\/wp\/v2\/posts"}],"about":[{"href":"https:\/\/confesq.org\/index.php?rest_route=\/wp\/v2\/types\/post"}],"author":[{"embeddable":true,"href":"https:\/\/confesq.org\/index.php?rest_route=\/wp\/v2\/users\/2"}],"replies":[{"embeddable":true,"href":"https:\/\/confesq.org\/index.php?rest_route=%2Fwp%2Fv2%2Fcomments&post=27824"}],"version-history":[{"count":6,"href":"https:\/\/confesq.org\/index.php?rest_route=\/wp\/v2\/posts\/27824\/revisions"}],"predecessor-version":[{"id":27831,"href":"https:\/\/confesq.org\/index.php?rest_route=\/wp\/v2\/posts\/27824\/revisions\/27831"}],"wp:featuredmedia":[{"embeddable":true,"href":"https:\/\/confesq.org\/index.php?rest_route=\/wp\/v2\/media\/27827"}],"wp:attachment":[{"href":"https:\/\/confesq.org\/index.php?rest_route=%2Fwp%2Fv2%2Fmedia&parent=27824"}],"wp:term":[{"taxonomy":"category","embeddable":true,"href":"https:\/\/confesq.org\/index.php?rest_route=%2Fwp%2Fv2%2Fcategories&post=27824"},{"taxonomy":"post_tag","embeddable":true,"href":"https:\/\/confesq.org\/index.php?rest_route=%2Fwp%2Fv2%2Ftags&post=27824"}],"curies":[{"name":"wp","href":"https:\/\/api.w.org\/{rel}","templated":true}]}}