{"id":27725,"date":"2021-05-01T10:04:17","date_gmt":"2021-05-01T10:04:17","guid":{"rendered":"http:\/\/confederacionssc.es\/?p=27725"},"modified":"2022-06-06T09:42:00","modified_gmt":"2022-06-06T09:42:00","slug":"programa-para-el-12-de-mayo","status":"publish","type":"post","link":"https:\/\/confesq.org\/?p=27725","title":{"rendered":"PROGRAMA PARA EL 12 DE MAYO"},"content":{"rendered":"<div class=\"wpb-content-wrapper\"><p>[vc_row][vc_column][vc_column_text css=\u00bb.vc_custom_1619800259994{margin-right: 30px !important;margin-left: 30px !important;}\u00bb]<\/p>\n<h4 style=\"text-align: center;\">PROGRAMA PARA EL 12 DE MAYO<\/h4>\n<p>[\/vc_column_text][vc_single_image image=\u00bb27781&#8243; img_size=\u00bblarge\u00bb alignment=\u00bbcenter\u00bb][vc_column_text css=\u00bb.vc_custom_1619800443490{margin-right: 30px !important;margin-left: 30px !important;}\u00bb]<\/p>\n<div class=\"styled-subtitle\" style=\"text-align: justify;\">Con motivo del 12 de mayo, D\u00eda Mundial de la Fibromialgia, Encefalomielitis Mi\u00e1lgica\/ S\u00edndrome de Fatiga Cr\u00f3nica, Sensibilidad Qu\u00edmica M\u00faltiple y Electrohipersensibilidad, hemos organizado las siguientes actividades para compartir con los socios, familiares y amigos.<\/div>\n<p>[\/vc_column_text][vc_column_text css=\u00bb.vc_custom_1619863250608{margin-right: 30px !important;margin-left: 30px !important;}\u00bb]<\/p>\n<ul>\n<li style=\"text-align: justify;\">\n<div class=\"styled-subtitle\">\n<p><strong>D\u00edas 6-27 mayo: \u00abWEBINARS CON ESPECIALISTAS\u00bb.<\/strong><\/p>\n<ul>\n<li>\u00a0<strong>D\u00eda 6 mayo (18:00-19:30):<\/strong>\u00a0Webinar\u00a0<strong>\u201cIncapacidad Laboral y Campa\u00f1a INSS\u201d.<\/strong>\n<ul>\n<li>D. Nicol\u00e1s Alonso, abogado de Colectivo Ronda.<\/li>\n<\/ul>\n<\/li>\n<li><strong>D\u00eda 20 mayo (18:00-19:30):<\/strong>\u00a0Webinar\u00a0<strong>\u201cDisruptores endocrinos y Mujer\u201d.<\/strong>\n<ul>\n<li>Dr. Nicol\u00e1s Olea, catedr\u00e1tico de la Universidad de Granada.<\/li>\n<li>Dra. Olga Ocon Hern\u00e1ndez, obstetricia y ginecolog\u00eda\u00a0en Universidad\u00a0de Granada.<\/li>\n<\/ul>\n<\/li>\n<li><strong>D\u00eda 27 mayo (18:00-19:30):<\/strong>\u00a0Mesa Redonda\u00a0<strong>\u201cCOVID y enfermedades representadas por CONFESQ\u201d.<\/strong>\n<ul>\n<li>Dra. Julia Caballer, directora del Centro de Salud El Rest\u00f3n en Valdemoro, Madrid.<\/li>\n<li>Dra. Ana M\u00aa Garc\u00eda Quintana, directora de la Unidad de Fibromialgia y S\u00edndrome de Fatiga Cr\u00f3nica del Hospital de la Paloma.<\/li>\n<li>Reumat\u00f3logo por confirmar.<\/li>\n<\/ul>\n<\/li>\n<\/ul>\n<\/div>\n<\/li>\n<\/ul>\n<div class=\"styled-subtitle\" style=\"text-align: justify;\">Si est\u00e1is interesados en participar en alguno de los Webinars pod\u00e9is inscribiros a trav\u00e9s del siguiente\u00a0<span style=\"text-decoration: underline;\"><a href=\"https:\/\/docs.google.com\/forms\/d\/e\/1FAIpQLSf-gh-96MqjJF2dVR61SGh0UG76oodkJWjbXvGjoEeZQ-V0Wg\/viewform\" data-saferedirecturl=\"https:\/\/www.google.com\/url?q=https:\/\/docs.google.com\/forms\/d\/e\/1FAIpQLSf-gh-96MqjJF2dVR61SGh0UG76oodkJWjbXvGjoEeZQ-V0Wg\/viewform&amp;source=gmail&amp;ust=1619886798324000&amp;usg=AFQjCNGkkfF_XhTJQstsdck_nK6VA-aYOg\">enlace<\/a><\/span>. Llegada la fecha os enviaremos un email indic\u00e1ndoos los datos de acceso a la plataforma a trav\u00e9s de la cual se impartir\u00e1n los Webinars. En el mismo formulario hay un apartado dedicado a las preguntas\/temas que quer\u00e9is que se aborden en cada ponencia, que podr\u00e9is cumplimentar libremente.<\/div>\n<p>[\/vc_column_text][vc_column_text css=\u00bb.vc_custom_1619861582286{margin-right: 30px !important;margin-left: 30px !important;}\u00bb]<\/p>\n<ul>\n<li style=\"font-weight: 400; text-align: justify;\">\n<div class=\"styled-subtitle\"><strong>D\u00edas 9-12 mayo: \u00abCARRERA VIRTUAL CONFESQ\u00bb.\u00a0<\/strong>Desde el\u00a0<strong>9 de mayo a las 07:00h.<\/strong>\u00a0hasta el\u00a0<strong>12 de mayo a las 00:00h.<\/strong><\/div>\n<\/li>\n<\/ul>\n<p>[\/vc_column_text][vc_column_text css=\u00bb.vc_custom_1619861695530{margin-right: 30px !important;margin-left: 30px !important;}\u00bb]<\/p>\n<div class=\"styled-subtitle\" style=\"text-align: justify;\">Pod\u00e9is participar en esta actividad de diferentes maneras: corriendo, andando, en bici, en patines, en patinete el\u00e9ctrico\u2026 o como quer\u00e1is y la distancia que marqu\u00e9is vosotros, junto con las personas que elij\u00e1is. Lo importante es vuestra participaci\u00f3n\u00a0solidaria\u00a0y que envi\u00e9is una foto a vuestras redes sociales con el dorsal y el hashtag\u00a0<strong>#12MayoMeMuevoconCONFESQ<\/strong><\/div>\n<p>[\/vc_column_text][vc_single_image image=\u00bb27729&#8243; img_size=\u00bblarge\u00bb alignment=\u00bbcenter\u00bb][vc_column_text css=\u00bb.vc_custom_1619863367079{margin-right: 30px !important;margin-left: 30px !important;}\u00bb]<\/p>\n<div class=\"styled-subtitle\" style=\"text-align: justify;\">Los pasos a seguir para participar son muy sencillos:<\/div>\n<ol>\n<li class=\"styled-subtitle\" style=\"text-align: justify;\">Rellenar <a href=\"http:\/\/carreras.dxtchiprun.es\/carrera\/carrera-virtual-confesq-2021\" target=\"_blank\" rel=\"noopener\"><span style=\"text-decoration: underline;\">este\u00a0formulario de inscripci\u00f3n<\/span><\/a>, que estar\u00e1 abierto hasta el d\u00eda 8 de mayo\u00a0a las\u00a012:00h. (precio- 5\u20ac).<\/li>\n<li class=\"styled-subtitle\" style=\"text-align: justify;\">Descargar e imprimir vuestro dorsal (disponible el d\u00eda 8 de mayo\u00a0en la web de DXT Chip Run).<\/li>\n<li class=\"styled-subtitle\" style=\"text-align: justify;\">\u00a1Moveros con CONFESQ! Haceros una foto y compartirla en vuestras redes sociales con el hashtag\u00a0<strong>#12MayoMeMuevoconCONFESQ<\/strong><\/li>\n<\/ol>\n<div class=\"styled-subtitle\" style=\"text-align: justify;\">Tras la carrera, haremos un v\u00eddeo de un montaje fotogr\u00e1fico con los participantes, que se publicar\u00e1 posteriormente tanto en nuestra web como en nuestras redes sociales.<\/div>\n<p>[\/vc_column_text][vc_column_text css=\u00bb.vc_custom_1619862937719{margin-right: 30px !important;margin-left: 30px !important;}\u00bb]<\/p>\n<div class=\"styled-subtitle\" style=\"text-align: justify;\">El dinero recaudado con la carrera ir\u00e1 destinado a los diferentes proyectos de investigaci\u00f3n promovidos por CONFESQ.<\/div>\n<p>[\/vc_column_text][vc_column_text css=\u00bb.vc_custom_1619863409624{margin-right: 30px !important;margin-left: 30px !important;}\u00bb]<\/p>\n<div class=\"styled-subtitle\">\u00a1Esperamos contar con vuestra participaci\u00f3n!<\/div>\n<p>[\/vc_column_text][\/vc_column][\/vc_row]<\/p>\n<\/div>","protected":false},"excerpt":{"rendered":"<p>[vc_row][vc_column][vc_column_text css=\u00bb.vc_custom_1619800259994{margin-right: 30px !important;margin-left: 30px !important;}\u00bb] PROGRAMA PARA EL 12 DE MAYO [\/vc_column_text][vc_single_image image=\u00bb27781&#8243; img_size=\u00bblarge\u00bb alignment=\u00bbcenter\u00bb][vc_column_text css=\u00bb.vc_custom_1619800443490{margin-right: 30px !important;margin-left: 30px&#8230;<\/p>\n","protected":false},"author":2,"featured_media":27781,"comment_status":"closed","ping_status":"closed","sticky":false,"template":"","format":"aside","meta":{"footnotes":""},"categories":[105],"tags":[128],"class_list":{"0":"post-27725","1":"post","2":"type-post","3":"status-publish","4":"format-aside","5":"has-post-thumbnail","7":"category-novedades","8":"tag-12mayo","9":"post_format-post-format-aside"},"menu_order":0,"_links":{"self":[{"href":"https:\/\/confesq.org\/index.php?rest_route=\/wp\/v2\/posts\/27725","targetHints":{"allow":["GET"]}}],"collection":[{"href":"https:\/\/confesq.org\/index.php?rest_route=\/wp\/v2\/posts"}],"about":[{"href":"https:\/\/confesq.org\/index.php?rest_route=\/wp\/v2\/types\/post"}],"author":[{"embeddable":true,"href":"https:\/\/confesq.org\/index.php?rest_route=\/wp\/v2\/users\/2"}],"replies":[{"embeddable":true,"href":"https:\/\/confesq.org\/index.php?rest_route=%2Fwp%2Fv2%2Fcomments&post=27725"}],"version-history":[{"count":15,"href":"https:\/\/confesq.org\/index.php?rest_route=\/wp\/v2\/posts\/27725\/revisions"}],"predecessor-version":[{"id":28754,"href":"https:\/\/confesq.org\/index.php?rest_route=\/wp\/v2\/posts\/27725\/revisions\/28754"}],"wp:featuredmedia":[{"embeddable":true,"href":"https:\/\/confesq.org\/index.php?rest_route=\/wp\/v2\/media\/27781"}],"wp:attachment":[{"href":"https:\/\/confesq.org\/index.php?rest_route=%2Fwp%2Fv2%2Fmedia&parent=27725"}],"wp:term":[{"taxonomy":"category","embeddable":true,"href":"https:\/\/confesq.org\/index.php?rest_route=%2Fwp%2Fv2%2Fcategories&post=27725"},{"taxonomy":"post_tag","embeddable":true,"href":"https:\/\/confesq.org\/index.php?rest_route=%2Fwp%2Fv2%2Ftags&post=27725"}],"curies":[{"name":"wp","href":"https:\/\/api.w.org\/{rel}","templated":true}]}}