{"id":27201,"date":"2020-06-18T11:24:23","date_gmt":"2020-06-18T11:24:23","guid":{"rendered":"http:\/\/confederacionssc.es\/?p=27201"},"modified":"2022-01-26T12:50:18","modified_gmt":"2022-01-26T12:50:18","slug":"el-parlamento-europeo-aprueba-la-resolucion-a-favor-de-la-encefalomielitis-mialgica-sindrome-de-fatiga-cronica","status":"publish","type":"post","link":"https:\/\/confesq.org\/?p=27201","title":{"rendered":"EL PARLAMENTO EUROPEO APRUEBA LA RESOLUCI\u00d3N A FAVOR DE LA ENCEFALOMIELITIS MI\u00c1LGICA \/  S\u00cdNDROME DE FATIGA CR\u00d3NICA"},"content":{"rendered":"<div class=\"wpb-content-wrapper\"><p>[vc_row][vc_column][vc_column_text css=\u00bb.vc_custom_1592477945870{margin-right: 30px !important;margin-left: 30px !important;}\u00bb]<\/p>\n<h4 style=\"text-align: justify;\">EL PARLAMENTO EUROPEO APRUEBA LA RESOLUCI\u00d3N A FAVOR DE LA ENCEFALOMIELITIS MI\u00c1LGICA \/\u00a0 S\u00cdNDROME DE FATIGA CR\u00d3NICA<\/h4>\n<p>[\/vc_column_text][vc_single_image image=\u00bb27211&#8243; img_size=\u00bblarge\u00bb alignment=\u00bbcenter\u00bb][vc_column_text css=\u00bb.vc_custom_1592818020762{margin-right: 30px !important;margin-left: 30px !important;}\u00bb]<\/p>\n<div class=\"styled-subtitle\" style=\"text-align: justify;\">Con motivo de la\u00a0<span style=\"text-decoration: underline;\"><a href=\"https:\/\/www.europarl.europa.eu\/meetdocs\/2014_2019\/plmrep\/COMMITTEES\/PETI\/RE\/2020\/04-30\/1200263ES.pdf\" target=\"_blank\" rel=\"noopener\" data-saferedirecturl=\"https:\/\/www.google.com\/url?q=https:\/\/www.europarl.europa.eu\/meetdocs\/2014_2019\/plmrep\/COMMITTEES\/PETI\/RE\/2020\/04-30\/1200263ES.pdf&amp;source=gmail&amp;ust=1592563291630000&amp;usg=AFQjCNEfkzJrJ8RWOu4pvIm9rI_nG0LA2w\">Resoluci\u00f3n presentada en el Parlamento Europeo solicitando financiaci\u00f3n adicional para la investigaci\u00f3n biom\u00e9dica de la encefalomielitis mi\u00e1lgica (2020\/2580(RSP))<\/a><\/span>, os informamos que resultado oficial,<b>\u00a0tras la votaci\u00f3n que ha tenido lugar el 17 de junio en la Euroc\u00e1mara, ha sido aprobada con 676 votos a favor, 4 en contra y 8 abstenciones. <\/b>Estos datos est\u00e1n recogidos en el siguiente <a href=\"https:\/\/www.infosalus.com\/actualidad\/noticia-eurocamara-pide-mas-financiacion-investigar-sindrome-fatiga-cronica-20200618162741.html\" target=\"_blank\" rel=\"noopener\"><span style=\"text-decoration: underline;\">art\u00edculo<\/span><\/a>.<\/div>\n<p>[\/vc_column_text][vc_column_text css=\u00bb.vc_custom_1592817721993{margin-right: 30px !important;margin-left: 30px !important;}\u00bb]<\/p>\n<div class=\"styled-subtitle\" style=\"text-align: justify;\">As\u00ed lo defiende Cristina Maestre Mart\u00edn de Almagro, Vicepresidenta de la Comisi\u00f3n de Peticiones, que aprob\u00f3 por unanimidad la Resoluci\u00f3n para que se votara en el Parlamento Europeo:<\/div>\n<ul>\n<li>\n<div class=\"styled-subtitle\"><span style=\"text-decoration: underline;\"><a href=\"https:\/\/www.eldigitaldealbacete.com\/2020\/06\/18\/cristina-maestre-europa-va-a-apostar-por-la-investigacion-para-hacer-frente-a-la-fatiga-cronica\/\" target=\"_blank\" rel=\"noopener\">Declaraci\u00f3n<\/a><\/span><\/div>\n<\/li>\n<\/ul>\n<p>[\/vc_column_text][vc_column_text css=\u00bb.vc_custom_1592490435104{margin-left: 250px !important;}\u00bb]<\/p>\n<div style=\"width: 640px;\" class=\"wp-video\"><video class=\"wp-video-shortcode\" id=\"video-27201-1\" width=\"640\" height=\"400\" preload=\"metadata\" controls=\"controls\"><source type=\"video\/mp4\" src=\"https:\/\/confesq.org\/wp-content\/uploads\/2020\/06\/WhatsApp-Video-2020-06-18-at-14.32.33.mp4?_=1\" \/><a href=\"https:\/\/confesq.org\/wp-content\/uploads\/2020\/06\/WhatsApp-Video-2020-06-18-at-14.32.33.mp4\">https:\/\/confesq.org\/wp-content\/uploads\/2020\/06\/WhatsApp-Video-2020-06-18-at-14.32.33.mp4<\/a><\/video><\/div>\n<p>[\/vc_column_text][vc_column_text css=\u00bb.vc_custom_1592818455560{margin-right: 30px !important;margin-left: 30px !important;}\u00bb]<\/p>\n<div class=\"styled-subtitle\" style=\"text-align: justify;\">Igualmente, el partido pol\u00edtico Ciudadanos tambi\u00e9n celebra la aprobaci\u00f3n de esta Resoluci\u00f3n en el Parlamento Europeo, tal y como comenta Jordi Ca\u00f1as en <a href=\"https:\/\/www.infosalus.com\/actualidad\/noticia-ciudadanos-celebra-parlamento-europeo-inste-crear-fondo-investigacion-fatiga-cronica-20200619114150.html\" target=\"_blank\" rel=\"noopener\"><span style=\"text-decoration: underline;\">esta publicaci\u00f3n de Infosalus<\/span><\/a>.<\/div>\n<p>[\/vc_column_text][vc_column_text css=\u00bb.vc_custom_1592552891816{margin-right: 30px !important;margin-left: 30px !important;}\u00bb]<\/p>\n<div class=\"styled-subtitle\" style=\"text-align: justify;\">Desde que el pasado 17 de marzo se aprob\u00f3 dicha resoluci\u00f3n por la Comisi\u00f3n de Peticiones, hemos realizado una\u00a0<span style=\"text-decoration: underline;\"><a href=\"https:\/\/confesq.org\/?p=27181\" target=\"_blank\" rel=\"noopener\" data-saferedirecturl=\"https:\/\/www.google.com\/url?q=https:\/\/confesq.org\/?p%3D27181&amp;source=gmail&amp;ust=1592563291630000&amp;usg=AFQjCNFcglPcPv4U5YqbA5NCnKONj96YMQ\">serie de acciones<\/a>,<\/span> entre ellas: mantener una reuni\u00f3n con uno de los portavoces encargados, el eurodiputado D. Jordi Ca\u00f1as, publicar una nota de prensa junto a ME European Coalition, y tambi\u00e9n enviar una carta a todos los Eurodiputados espa\u00f1oles, Secretarios Generales de los partidos pol\u00edticos representados en la UE, Ministro de Sanidad y Ministro de Ciencia e Innovaci\u00f3n inform\u00e1ndoles sobre el estado de la resoluci\u00f3n y solicit\u00e1ndoles el voto favorable para su aprobaci\u00f3n. A su vez, tambi\u00e9n invitamos a las\u00a0asociaciones de pacientes de SFC\/EM europeas a escribir a sus parlamentarios.<\/div>\n<p>[\/vc_column_text][vc_column_text css=\u00bb.vc_custom_1592553000793{margin-left: 30px !important;}\u00bb]<\/p>\n<div class=\"styled-subtitle\" style=\"text-align: justify;\"><strong>AGRADECEMOS a todos los europarlamentarios espa\u00f1oles su apoyo a esta resoluci\u00f3n<\/strong>. Y, especialmente, a aquellos que respondieron a nuestra solicitud y nos informaron, previamente, de que su voto iba a ser a favor:<\/div>\n<div class=\"styled-subtitle\">\n<ul>\n<li>Soraya Rodr\u00edguez Ramos<\/li>\n<li>Manu Pineda<\/li>\n<li>Ernest Urtasun<\/li>\n<li>Izaskun Bilbao Barandica<\/li>\n<li>Delegaci\u00f3n Socialista Espa\u00f1ola en el Parlamente Europeo<\/li>\n<li>Rosa M\u00aa Gomez Iniesta<\/li>\n<li>Jordi Ca\u00f1as<\/li>\n<li>Dolors Montserrat<\/li>\n<li>Ib\u00e1n Garc\u00eda del Blanco<\/li>\n<li>Cristina Maestre<\/li>\n<li>Diana Riba<\/li>\n<\/ul>\n<p style=\"text-align: justify;\">Igualmente, no podemos dejar de reconocer el apoyo de todas las entidades que se han adherido a la campa\u00f1a de solicitud de voto:<\/p>\n<ul>\n<li><a href=\"https:\/\/confesq.org\/wp-content\/uploads\/2020\/06\/ParlamentoEuropeo.pdf\" target=\"_blank\" rel=\"noopener\"><span style=\"text-decoration: underline;\">Punto XIX de Fibromialgia y SFC<\/span>\u00a0\u00a0<\/a><\/li>\n<li>EMAN ESKUA. Vizcaya<\/li>\n<li>FIBRO-RIVA. Rivas Vacia Madrid<\/li>\n<li>BIZI-BIDE. Guip\u00fazcoa<\/li>\n<li>FIBROTRIARE<\/li>\n<li>AGRAFIM<\/li>\n<li>FEDERACI\u00d3N DE FM Y SFC CLM<\/li>\n<li>SFC-SQM Madrid<\/li>\n<li>SFC-SQM Euskadi<\/li>\n<li>SFC-SQM Castilla La Mancha<\/li>\n<li>SFC-SQM Comunidad Valenciana<\/li>\n<li>DOLFA<\/li>\n<li>FEXAF<\/li>\n<li>AGRAFIFEX<\/li>\n<li>FESAFA<\/li>\n<li>AFIXA<\/li>\n<li>Federaci\u00f3n de Castilla-Le\u00f3n<\/li>\n<li>ALUFI<\/li>\n<li>AFFI Bierzo<\/li>\n<\/ul>\n<p style=\"text-align: justify;\">Estamos muy ilusionadas con esta nueva oportunidad y consideramos que puede ser un gran avance para la medicina y la sociedad, que ayudar\u00e1 a mejorar la calidad de vida de tantas personas que sufren en la sombra. Desde CONFESQ, haremos todo lo posible para seguir dando visibilidad a la enfermedad y pondremos todo de nuestra parte para que este nuevo proyecto salga adelante de la forma m\u00e1s exitosa posible. Esperamos que este sea el inicio de una larga trayectoria en la investigaci\u00f3n en esta enfermedad tan compleja.<\/p>\n<\/div>\n<p>[\/vc_column_text][vc_column_text css=\u00bb.vc_custom_1592478659644{margin-left: 30px !important;}\u00bb]<\/p>\n<div class=\"styled-subtitle\" style=\"text-align: center;\">\u00a1Seguimos trabajando para que las propuestas se hagan realidad!<\/div>\n<p>[\/vc_column_text][\/vc_column][\/vc_row][vc_row][vc_column][\/vc_column][\/vc_row]<\/p>\n<\/div>","protected":false},"excerpt":{"rendered":"<p>[vc_row][vc_column][vc_column_text css=\u00bb.vc_custom_1592477945870{margin-right: 30px !important;margin-left: 30px !important;}\u00bb] EL PARLAMENTO EUROPEO APRUEBA LA RESOLUCI\u00d3N A FAVOR DE LA ENCEFALOMIELITIS MI\u00c1LGICA \/\u00a0 S\u00cdNDROME&#8230;<\/p>\n","protected":false},"author":2,"featured_media":27206,"comment_status":"closed","ping_status":"closed","sticky":false,"template":"","format":"aside","meta":{"footnotes":""},"categories":[105],"tags":[122],"class_list":{"0":"post-27201","1":"post","2":"type-post","3":"status-publish","4":"format-aside","5":"has-post-thumbnail","7":"category-novedades","8":"tag-resolucion-2020-2580rsp","9":"post_format-post-format-aside"},"menu_order":0,"_links":{"self":[{"href":"https:\/\/confesq.org\/index.php?rest_route=\/wp\/v2\/posts\/27201","targetHints":{"allow":["GET"]}}],"collection":[{"href":"https:\/\/confesq.org\/index.php?rest_route=\/wp\/v2\/posts"}],"about":[{"href":"https:\/\/confesq.org\/index.php?rest_route=\/wp\/v2\/types\/post"}],"author":[{"embeddable":true,"href":"https:\/\/confesq.org\/index.php?rest_route=\/wp\/v2\/users\/2"}],"replies":[{"embeddable":true,"href":"https:\/\/confesq.org\/index.php?rest_route=%2Fwp%2Fv2%2Fcomments&post=27201"}],"version-history":[{"count":13,"href":"https:\/\/confesq.org\/index.php?rest_route=\/wp\/v2\/posts\/27201\/revisions"}],"predecessor-version":[{"id":28183,"href":"https:\/\/confesq.org\/index.php?rest_route=\/wp\/v2\/posts\/27201\/revisions\/28183"}],"wp:featuredmedia":[{"embeddable":true,"href":"https:\/\/confesq.org\/index.php?rest_route=\/wp\/v2\/media\/27206"}],"wp:attachment":[{"href":"https:\/\/confesq.org\/index.php?rest_route=%2Fwp%2Fv2%2Fmedia&parent=27201"}],"wp:term":[{"taxonomy":"category","embeddable":true,"href":"https:\/\/confesq.org\/index.php?rest_route=%2Fwp%2Fv2%2Fcategories&post=27201"},{"taxonomy":"post_tag","embeddable":true,"href":"https:\/\/confesq.org\/index.php?rest_route=%2Fwp%2Fv2%2Ftags&post=27201"}],"curies":[{"name":"wp","href":"https:\/\/api.w.org\/{rel}","templated":true}]}}