{"id":27181,"date":"2020-06-12T14:44:18","date_gmt":"2020-06-12T14:44:18","guid":{"rendered":"http:\/\/confederacionssc.es\/?p=27181"},"modified":"2022-01-26T12:49:03","modified_gmt":"2022-01-26T12:49:03","slug":"campana-por-el-voto-europeo-para-nueva-financiacion-del-sfc-em","status":"publish","type":"post","link":"https:\/\/confesq.org\/?p=27181","title":{"rendered":"CAMPA\u00d1A POR EL VOTO EUROPEO PARA NUEVA FINANCIACI\u00d3N DEL SFC\/EM"},"content":{"rendered":"<div class=\"wpb-content-wrapper\"><p>[vc_row][vc_column][vc_column_text css=\u00bb.vc_custom_1591965796409{margin-right: 30px !important;margin-left: 30px !important;}\u00bb]<\/p>\n<h4>CAMPA\u00d1A POR EL VOTO EUROPEO PARA NUEVA FINANCIACI\u00d3N DEL SFC\/EM<\/h4>\n<p>[\/vc_column_text][vc_column_text css=\u00bb.vc_custom_1591966063801{margin-right: 30px !important;margin-left: 30px !important;}\u00bb]<\/p>\n<div class=\"styled-subtitle\" style=\"text-align: justify;\">Hace unas semanas os comunic\u00e1bamos esta buena noticia:\u00a0 <strong>la Comisi\u00f3n Parlamentaria de Peticiones ha aprobado, con el voto favorable de todos los miembros de los diferentes grupos pol\u00edticos que la componen, la resoluci\u00f3n presentada solicitando financiaci\u00f3n europea adicional para la investigaci\u00f3n de la Encefalomielitis Mi\u00e1lgica.<\/strong>\u00a0 A su vez, nos comunican que <span style=\"text-decoration: underline;\"><a href=\"https:\/\/confesq.org\/?p=26991\" target=\"_blank\" rel=\"noopener\">el siguiente paso<\/a><\/span> ser\u00eda votar dicha resoluci\u00f3n en la sesi\u00f3n plenaria del Parlamento Europeo.<\/div>\n<p>[\/vc_column_text][vc_single_image image=\u00bb27194&#8243; img_size=\u00bblarge\u00bb alignment=\u00bbcenter\u00bb][vc_column_text css=\u00bb.vc_custom_1591966271862{margin-right: 30px !important;margin-left: 30px !important;}\u00bb]<\/p>\n<div class=\"styled-subtitle\">La votaci\u00f3n se llevar\u00e1 a cabo el pr\u00f3ximo mi\u00e9rcoles, d\u00eda <strong>17 de junio 2020.<\/strong><\/div>\n<p>[\/vc_column_text][vc_column_text css=\u00bb.vc_custom_1591966407455{margin-right: 30px !important;margin-left: 30px !important;}\u00bb]<\/p>\n<div class=\"styled-subtitle\" style=\"text-align: justify;\">Hoy os comunicamos tambi\u00e9n que hay una aut\u00e9ntica campa\u00f1a de presi\u00f3n y concienciaci\u00f3n a nivel europeo ante esta oportunidad de avanzar en la investigaci\u00f3n de esta enfermedad y os invitamos a uniros a dicha campa\u00f1a.<\/div>\n<p>[\/vc_column_text]<div class=\"gem-icon-with-text gem-icon-with-text-icon-size-medium\" ><div style=\"margin-bottom:0px;padding-left: 30px;margin-top:0px; \" class=\"gem-icon-with-text-icon\"><div class=\"gem-icon gem-icon-pack-material gem-icon-size-medium  gem-icon-shape-square gem-simple-icon \"  style=\"opacity: 1;\"><div class=\"gem-icon-inner\" style=\"\"><span class=\"gem-icon-half-1\" style=\"color: #b82551;\"><span class=\"back-angle\">&#xf222;<\/span><\/span><span class=\"gem-icon-half-2\" style=\"color: #b82551;\"><span class=\"back-angle\">&#xf222;<\/span><\/span><\/div><\/div><\/div><div class=\"gem-icon-with-text-content\" ><div class=\"gem-icon-with-text-text\">[vc_column_text]<\/p>\n<div class=\"styled-subtitle\"><strong>ACCI\u00d3N 1<\/strong><\/div>\n<p>[\/vc_column_text][vc_column_text css=\u00bb.vc_custom_1591970254038{margin-right: 30px !important;}\u00bb]<\/p>\n<div class=\"styled-subtitle\" style=\"text-align: justify;\">El dia 10 de junio enviamos una <a href=\"https:\/\/m.europapress.es\/comunicados\/empresas-00908\/noticia-comunicado-cientificos-piden-mas-investigacion-europea-encefalomielitis-mialgica-sfc-20200610163853.html?fbclid=IwAR2-wat25XEakTTWTZWAFMqpM0-ugngbo_cT_A0pdcr1kDdUxZgR72n6sV0\" target=\"_blank\" rel=\"noopener\"><span style=\"text-decoration: underline;\">nota de prensa<\/span><\/a> conjunta con la ME European Coalition (EMEC), que se distribuy\u00f3 simult\u00e1neamente en m\u00e1s de 13 paises. La nota de prensa se ha distribuido en Espa\u00f1a con una difusi\u00f3n total de 56.516 env\u00edos y 170.179 impactos. Puedes ver el informe completo <a href=\"https:\/\/confesq.org\/wp-content\/uploads\/2020\/06\/informeNota1591955518.4982-EMEC.pdf\" target=\"_blank\" rel=\"noopener\"><span style=\"text-decoration: underline;\">aqu\u00ed.<\/span><\/a><\/div>\n<p>[\/vc_column_text][vc_column_text css=\u00bb.vc_custom_1591967238309{margin-right: 30px !important;}\u00bb]<\/p>\n<div class=\"styled-subtitle\" style=\"text-align: justify;\">Se ha distribuido con los hastags: #voteMEresearch y\u00a0#ScientistsUnitedforMEResearchEurope,\u00a0\u00a0y se ha publicado en distintos medios.<\/div>\n<p>[\/vc_column_text][vc_column_text css=\u00bb.vc_custom_1591967395376{margin-right: 30px !important;}\u00bb]<\/p>\n<div class=\"styled-subtitle\"><strong>Por favor, comp\u00e1rtela en tus redes y env\u00edasela a tus asociados y otros contactos.<\/strong><\/div>\n<p>[\/vc_column_text]<\/div><\/div><div class=\"clearboth\"><\/div><\/div><div class=\"gem-icon-with-text gem-icon-with-text-icon-size-medium\" ><div style=\"margin-bottom:0px;padding-left: 30px;margin-top:0px; \" class=\"gem-icon-with-text-icon\"><div class=\"gem-icon gem-icon-pack-material gem-icon-size-medium  gem-icon-shape-square gem-simple-icon \"  style=\"opacity: 1;\"><div class=\"gem-icon-inner\" style=\"\"><span class=\"gem-icon-half-1\" style=\"color: #b82551;\"><span class=\"back-angle\">&#xf222;<\/span><\/span><span class=\"gem-icon-half-2\" style=\"color: #b82551;\"><span class=\"back-angle\">&#xf222;<\/span><\/span><\/div><\/div><\/div><div class=\"gem-icon-with-text-content\" ><div class=\"gem-icon-with-text-text\">[vc_column_text]<\/p>\n<div class=\"styled-subtitle\"><strong>ACCI\u00d3N 2<\/strong><\/div>\n<p>[\/vc_column_text][vc_column_text css=\u00bb.vc_custom_1591968595550{margin-right: 30px !important;}\u00bb]<\/p>\n<div class=\"styled-subtitle\" style=\"text-align: justify;\"><strong>CARTA A LOS EUROPARLAMENTARIOS DESDE LAS ASOCIACIONES.<\/strong> Desde CONFESQ, se ha enviado a todos los europarlamentarios espa\u00f1oles europeos (58), un escrito pidiendo el apoyo y el voto ante la propuesta de la Comisi\u00f3n de Peticiones, y<strong> os pedimos que hag\u00e1is lo mismo desde cada una de vuestras entidades.<\/strong><\/div>\n<p>[\/vc_column_text][vc_column_text css=\u00bb.vc_custom_1591968791990{margin-right: 30px !important;}\u00bb]<\/p>\n<div class=\"styled-subtitle\" style=\"text-align: justify;\">Esta acci\u00f3n la hemos propuesto tambi\u00e9n a todas las asociaciones europeas de manera que\u00a0<b>entre el viernes 12 y el lunes 15 de junio<\/b>, vamos a inundar el Parlamento Europeo con escritos a todos los parlamentarios desde todas las asociaciones europeas pidiendo el voto a la propuesta de la Comisi\u00f3n de Peticiones.<\/div>\n<p>[\/vc_column_text][vc_column_text css=\u00bb.vc_custom_1591969971968{margin-right: 30px !important;}\u00bb]<\/p>\n<div class=\"styled-subtitle\" style=\"text-align: justify;\">Adjuntamos <span style=\"text-decoration: underline;\"><a href=\"https:\/\/confesq.org\/wp-content\/uploads\/2020\/06\/Asociaciones-SOLICITUD-EURODIPUTADOS-VOTO-FAVORABLE-PROPUESTA-EM-SFC-.docx\" target=\"_blank\" rel=\"noopener\">modelo de carta<\/a><\/span>\u00a0(en la que puedas poner los datos y logo de tu entidad) para adaptar como consideres y el\u00a0<a href=\"https:\/\/confesq.org\/wp-content\/uploads\/2020\/06\/EURODIPUTADOS-2020-ESPA\u00d1A.pdf\" target=\"_blank\" rel=\"noopener\"><span style=\"text-decoration: underline;\">listado de los correos de los europarlamentarios<\/span><\/a>\u00a0para facilitarte la tarea, as\u00ed como copia de\u00a0<a href=\"https:\/\/confesq.org\/wp-content\/uploads\/2020\/06\/CASTELLANO-SOLICITUD-EURODIPUTADOS-VOTO-FAVORABLE-PROPUESTA-EM-SFC.pdf\" target=\"_blank\" rel=\"noopener\"><span style=\"text-decoration: underline;\">nuestra carta<\/span><\/a>\u00a0 para tu informaci\u00f3n.<\/div>\n<p>[\/vc_column_text]<\/div><\/div><div class=\"clearboth\"><\/div><\/div><div class=\"gem-icon-with-text gem-icon-with-text-icon-size-medium\" ><div style=\"margin-bottom:0px;padding-left: 30px;margin-top:0px; \" class=\"gem-icon-with-text-icon\"><div class=\"gem-icon gem-icon-pack-material gem-icon-size-medium  gem-icon-shape-square gem-simple-icon \"  style=\"opacity: 1;\"><div class=\"gem-icon-inner\" style=\"\"><span class=\"gem-icon-half-1\" style=\"color: #b82551;\"><span class=\"back-angle\">&#xf222;<\/span><\/span><span class=\"gem-icon-half-2\" style=\"color: #b82551;\"><span class=\"back-angle\">&#xf222;<\/span><\/span><\/div><\/div><\/div><div class=\"gem-icon-with-text-content\" ><div class=\"gem-icon-with-text-text\">[vc_column_text]<\/p>\n<div class=\"styled-subtitle\"><strong>ACCI\u00d3N 3. INDIVIDUAL.<\/strong><\/div>\n<p>[\/vc_column_text][vc_column_text css=\u00bb.vc_custom_1591970420390{margin-right: 30px !important;}\u00bb]<\/p>\n<div class=\"styled-subtitle\" style=\"text-align: justify;\">Individuamente\u00a0puedes compartir la noticia en redes con los hastags\u00a0propuestos y\/o\u00a0 escribirles brevemente\u00a0alentando al voto de los europarlamentarios.<\/div>\n<p>[\/vc_column_text]<\/div><\/div><div class=\"clearboth\"><\/div><\/div>[vc_column_text css=\u00bb.vc_custom_1591970468989{margin-left: 30px !important;}\u00bb]<\/p>\n<div class=\"styled-subtitle\">\u00a1Muchas gracias por tu participaci\u00f3n!<\/div>\n<p>[\/vc_column_text][\/vc_column][\/vc_row]<\/p>\n<\/div>","protected":false},"excerpt":{"rendered":"<p>[vc_row][vc_column][vc_column_text css=\u00bb.vc_custom_1591965796409{margin-right: 30px !important;margin-left: 30px !important;}\u00bb] CAMPA\u00d1A POR EL VOTO EUROPEO PARA NUEVA FINANCIACI\u00d3N DEL SFC\/EM [\/vc_column_text][vc_column_text css=\u00bb.vc_custom_1591966063801{margin-right: 30px !important;margin-left:&#8230;<\/p>\n","protected":false},"author":2,"featured_media":27190,"comment_status":"closed","ping_status":"closed","sticky":false,"template":"","format":"aside","meta":{"footnotes":""},"categories":[105],"tags":[122],"class_list":{"0":"post-27181","1":"post","2":"type-post","3":"status-publish","4":"format-aside","5":"has-post-thumbnail","7":"category-novedades","8":"tag-resolucion-2020-2580rsp","9":"post_format-post-format-aside"},"menu_order":0,"_links":{"self":[{"href":"https:\/\/confesq.org\/index.php?rest_route=\/wp\/v2\/posts\/27181","targetHints":{"allow":["GET"]}}],"collection":[{"href":"https:\/\/confesq.org\/index.php?rest_route=\/wp\/v2\/posts"}],"about":[{"href":"https:\/\/confesq.org\/index.php?rest_route=\/wp\/v2\/types\/post"}],"author":[{"embeddable":true,"href":"https:\/\/confesq.org\/index.php?rest_route=\/wp\/v2\/users\/2"}],"replies":[{"embeddable":true,"href":"https:\/\/confesq.org\/index.php?rest_route=%2Fwp%2Fv2%2Fcomments&post=27181"}],"version-history":[{"count":12,"href":"https:\/\/confesq.org\/index.php?rest_route=\/wp\/v2\/posts\/27181\/revisions"}],"predecessor-version":[{"id":28182,"href":"https:\/\/confesq.org\/index.php?rest_route=\/wp\/v2\/posts\/27181\/revisions\/28182"}],"wp:featuredmedia":[{"embeddable":true,"href":"https:\/\/confesq.org\/index.php?rest_route=\/wp\/v2\/media\/27190"}],"wp:attachment":[{"href":"https:\/\/confesq.org\/index.php?rest_route=%2Fwp%2Fv2%2Fmedia&parent=27181"}],"wp:term":[{"taxonomy":"category","embeddable":true,"href":"https:\/\/confesq.org\/index.php?rest_route=%2Fwp%2Fv2%2Fcategories&post=27181"},{"taxonomy":"post_tag","embeddable":true,"href":"https:\/\/confesq.org\/index.php?rest_route=%2Fwp%2Fv2%2Ftags&post=27181"}],"curies":[{"name":"wp","href":"https:\/\/api.w.org\/{rel}","templated":true}]}}