{"id":26978,"date":"2020-04-27T09:28:46","date_gmt":"2020-04-27T09:28:46","guid":{"rendered":"http:\/\/confederacionssc.es\/?p=26978"},"modified":"2020-04-28T20:05:11","modified_gmt":"2020-04-28T20:05:11","slug":"memoria-social-2019","status":"publish","type":"post","link":"https:\/\/confesq.org\/?p=26978","title":{"rendered":"MEMORIA SOCIAL 2019"},"content":{"rendered":"<div class=\"wpb-content-wrapper\"><p>[vc_row][vc_column][vc_column_text css=\u00bb.vc_custom_1587977440571{margin-right: 30px !important;margin-left: 30px !important;}\u00bb]<\/p>\n<h4>MEMORIA SOCIAL 2019<\/h4>\n<p>[\/vc_column_text][\/vc_column][\/vc_row][vc_row][vc_column][vc_single_image image=\u00bb26981&#8243; img_size=\u00bblarge\u00bb alignment=\u00bbcenter\u00bb][\/vc_column][\/vc_row][vc_row][vc_column][vc_column_text css=\u00bb.vc_custom_1588103017240{margin-right: 30px !important;margin-left: 30px !important;}\u00bb]<\/p>\n<div class=\"styled-subtitle\" style=\"text-align: justify;\">Hoy presentamos la Memoria Social aprobada en la Asamblea General Ordinaria del d\u00eda 23 de abril, no sin antes agradecer la colaboraci\u00f3n de todas las entidades que nos han ayudado a hacer realidad nuestro proyectos. Nos sentimos muy orgullosos del trabajo realizado y cada vez nos sentimos con m\u00e1s fuerzas y ganas de continuar luchando por defender los derechos de los afectados por Fibromialgia, S\u00edndrome de Fatiga Cr\u00f3nica\/ Encefalomielitis Mi\u00e1lgica, Sensibilidad Qu\u00edmica M\u00faltiple y Electrohipersensibilidad.<\/div>\n<div class=\"styled-subtitle\">\n<ul>\n<li><a href=\"https:\/\/confesq.org\/wp-content\/uploads\/2020\/04\/MEMORIA-SOCIAL-ASAMBLEA-ANUAL.pdf\" target=\"_blank\" rel=\"noopener\"><span style=\"text-decoration: underline;\">PRESENTACI\u00d3N ASAMBLEA ANUAL<\/span><\/a><\/li>\n<\/ul>\n<\/div>\n<p>[\/vc_column_text][vc_column_text css=\u00bb.vc_custom_1588103340688{margin-right: 30px !important;margin-left: 30px !important;}\u00bb]<\/p>\n<div class=\"styled-subtitle\" style=\"text-align: justify;\">Compartimos adem\u00e1s con vosotros la carta escrita por nuestra Presidenta, M\u00aa Jos\u00e9 F\u00e9lix, para la memoria social:<\/div>\n<ul>\n<li class=\"styled-subtitle\" style=\"text-align: justify;\"><a href=\"https:\/\/confesq.org\/wp-content\/uploads\/2020\/04\/CARTA_PRESIDENCIA.pdf\" target=\"_blank\" rel=\"noopener\"><span style=\"text-decoration: underline;\">CARTA<\/span><\/a><\/li>\n<\/ul>\n<p>&nbsp;[\/vc_column_text][vc_column_text css=\u00bb.vc_custom_1588104222296{margin-right: 30px !important;margin-left: 30px !important;}\u00bb]<\/p>\n<div class=\"styled-subtitle\" style=\"text-align: justify;\">Tambi\u00e9n nos alegra la incorporaci\u00f3n de 3 nuevas entidades, ampliando las Comunidades Aut\u00f3nomas con representaci\u00f3n en CONFESQ, siendo representaci\u00f3n directa en este momento de 52 asociaciones\u00a0y a la espera de otras dos nuevas\u00a0<span style=\"text-decoration: underline;\"><a href=\"https:\/\/confesq.org\/?page_id=25342\" target=\"_blank\" rel=\"noopener\" data-saferedirecturl=\"https:\/\/www.google.com\/url?q=https:\/\/confesq.org\/?page_id%3D25342&amp;source=gmail&amp;ust=1588188768322000&amp;usg=AFQjCNHlFBR7JgFlZwZOx_x2554wrLx89A\">solicitudes<\/a><\/span> que se han presentado.<\/div>\n<p>[\/vc_column_text][\/vc_column][\/vc_row]<\/p>\n<\/div>","protected":false},"excerpt":{"rendered":"<p>[vc_row][vc_column][vc_column_text css=\u00bb.vc_custom_1587977440571{margin-right: 30px !important;margin-left: 30px !important;}\u00bb] MEMORIA SOCIAL 2019 [\/vc_column_text][\/vc_column][\/vc_row][vc_row][vc_column][vc_single_image image=\u00bb26981&#8243; img_size=\u00bblarge\u00bb alignment=\u00bbcenter\u00bb][\/vc_column][\/vc_row][vc_row][vc_column][vc_column_text css=\u00bb.vc_custom_1588103017240{margin-right: 30px !important;margin-left: 30px !important;}\u00bb] Hoy presentamos&#8230;<\/p>\n","protected":false},"author":2,"featured_media":26981,"comment_status":"closed","ping_status":"closed","sticky":false,"template":"","format":"aside","meta":{"footnotes":""},"categories":[105],"tags":[],"class_list":{"0":"post-26978","1":"post","2":"type-post","3":"status-publish","4":"format-aside","5":"has-post-thumbnail","7":"category-novedades","8":"post_format-post-format-aside"},"menu_order":0,"_links":{"self":[{"href":"https:\/\/confesq.org\/index.php?rest_route=\/wp\/v2\/posts\/26978","targetHints":{"allow":["GET"]}}],"collection":[{"href":"https:\/\/confesq.org\/index.php?rest_route=\/wp\/v2\/posts"}],"about":[{"href":"https:\/\/confesq.org\/index.php?rest_route=\/wp\/v2\/types\/post"}],"author":[{"embeddable":true,"href":"https:\/\/confesq.org\/index.php?rest_route=\/wp\/v2\/users\/2"}],"replies":[{"embeddable":true,"href":"https:\/\/confesq.org\/index.php?rest_route=%2Fwp%2Fv2%2Fcomments&post=26978"}],"version-history":[{"count":3,"href":"https:\/\/confesq.org\/index.php?rest_route=\/wp\/v2\/posts\/26978\/revisions"}],"predecessor-version":[{"id":26986,"href":"https:\/\/confesq.org\/index.php?rest_route=\/wp\/v2\/posts\/26978\/revisions\/26986"}],"wp:featuredmedia":[{"embeddable":true,"href":"https:\/\/confesq.org\/index.php?rest_route=\/wp\/v2\/media\/26981"}],"wp:attachment":[{"href":"https:\/\/confesq.org\/index.php?rest_route=%2Fwp%2Fv2%2Fmedia&parent=26978"}],"wp:term":[{"taxonomy":"category","embeddable":true,"href":"https:\/\/confesq.org\/index.php?rest_route=%2Fwp%2Fv2%2Fcategories&post=26978"},{"taxonomy":"post_tag","embeddable":true,"href":"https:\/\/confesq.org\/index.php?rest_route=%2Fwp%2Fv2%2Ftags&post=26978"}],"curies":[{"name":"wp","href":"https:\/\/api.w.org\/{rel}","templated":true}]}}