{"id":26944,"date":"2020-04-07T08:48:25","date_gmt":"2020-04-07T08:48:25","guid":{"rendered":"http:\/\/confederacionssc.es\/?p=26944"},"modified":"2020-04-09T13:41:23","modified_gmt":"2020-04-09T13:41:23","slug":"acciones-llevabas-a-cabo-ante-el-covid-19","status":"publish","type":"post","link":"https:\/\/confesq.org\/?p=26944","title":{"rendered":"ACCIONES LLEVADAS A CABO ANTE EL COVID-19"},"content":{"rendered":"<div class=\"wpb-content-wrapper\"><p>[vc_row][vc_column][vc_column_text css=\u00bb.vc_custom_1586244033738{margin-right: 30px !important;margin-left: 30px !important;}\u00bb]<\/p>\n<div class=\"title-h4\">ACCIONES LLEVADAS A CABO ANTE EL COVID-19<\/div>\n<p>[\/vc_column_text][\/vc_column][\/vc_row][vc_row][vc_column][vc_single_image image=\u00bb26946&#8243; img_size=\u00bblarge\u00bb alignment=\u00bbcenter\u00bb css=\u00bb.vc_custom_1586244307883{margin-right: 30px !important;margin-left: 30px !important;}\u00bb][\/vc_column][\/vc_row][vc_row][vc_column][vc_column_text css=\u00bb.vc_custom_1586439423800{margin-right: 30px !important;margin-left: 30px !important;}\u00bb]<\/p>\n<div class=\"styled-subtitle\" style=\"text-align: justify;\">Unos d\u00edas previos a que el Gobierno decretara el estado de alarma en nuestro pa\u00eds, ya nos preocupaba la situaci\u00f3n en la que est\u00e1bamos inmersos, especialmente por el colectivo al que representamos, personas de riesgo. Adem\u00e1s, en el caso de la Sensibilidad Qu\u00edmica M\u00faltiple, la escasez de mascarillas ha llevado a una p\u00e9rdida de protecci\u00f3n en el d\u00eda a d\u00eda, que se ve agravado por las desinfecciones masivas de espacios p\u00fablicos y colectivos.<\/div>\n<p>[\/vc_column_text][vc_column_text css=\u00bb.vc_custom_1586439469213{margin-right: 30px !important;margin-left: 30px !important;}\u00bb]<\/p>\n<div class=\"styled-subtitle\" style=\"text-align: justify;\">Por ello, dada nuestra preocupaci\u00f3n, hemos llevado a cabo una serie de acciones con el fin de proteger, en la medida de lo posible, a los afectados por alguna de las cuatro enfermedades.<\/div>\n<p>[\/vc_column_text][vc_column_text css=\u00bb.vc_custom_1586425443969{margin-right: 30px !important;margin-left: 30px !important;}\u00bb]<\/p>\n<div class=\"styled-subtitle\" style=\"text-align: justify;\">En primer lugar, recogimos informaci\u00f3n de relevancia para los afectados de Fibromialgia, S\u00edndrome de Fatiga Cr\u00f3nica\/Encefalomielitis Mi\u00e1lgica, Sensibilidad Qu\u00edmica M\u00faltiple y Eletrosensibilidad, que puedes encontrar <span style=\"text-decoration: underline;\"><a href=\"https:\/\/confesq.org\/?p=26916\" target=\"_blank\" rel=\"noopener\">aqu\u00ed<\/a><\/span>.<\/div>\n<p>[\/vc_column_text][vc_column_text css=\u00bb.vc_custom_1586429579498{margin-right: 30px !important;margin-left: 30px !important;}\u00bb]<\/p>\n<div class=\"styled-subtitle\" style=\"text-align: justify;\">\n<p>La segunda acci\u00f3n llevada a cabo fue redactar y enviar varias\u00a0<span style=\"text-decoration: underline;\"><a href=\"https:\/\/confesq.org\/wp-content\/uploads\/2020\/04\/CARTA-MINISTERIO-SANIDAD-Y-COMUNIDADES-AUT%C3%93NOMAS-definitiva.pdf\" target=\"_blank\" rel=\"noopener\" data-saferedirecturl=\"https:\/\/www.google.com\/url?q=https:\/\/confesq.org\/wp-content\/uploads\/2020\/04\/CARTA-MINISTERIO-SANIDAD-Y-COMUNIDADES-AUT%25C3%2593NOMAS-definitiva.pdf&amp;source=gmail&amp;ust=1586511052375000&amp;usg=AFQjCNFfoeufE80xRdmu7ngHvZngvVL0dg\">CARTAS<\/a><\/span>\u00a0para explicar la delicada situaci\u00f3n de nuestros asociados ante esta grave crisis sanitaria, dirigidas a:<\/p>\n<ul>\n<li><span style=\"text-decoration: underline;\"><a href=\"https:\/\/confesq.org\/wp-content\/uploads\/2020\/04\/PRESIDENCIADELGOBIERNO.pdf\" target=\"_blank\" rel=\"noopener\">A LA ATT. DEL EXCELENT\u00cdSIMO SR. PRESIDENTE DEL GOBIERNO, D. PEDRO S\u00c1NCHEZ.<\/a><\/span><\/li>\n<li><span style=\"text-decoration: underline;\"><a href=\"https:\/\/confesq.org\/wp-content\/uploads\/2020\/04\/MINISTERIOSANIDAD.pdf\" target=\"_blank\" rel=\"noopener\">A LA ATT. DEL EXCELENT\u00cdSIMO SR. MINISTRO DE SANIDAD, D. SALVADOR ILLA.<\/a><\/span><\/li>\n<li><span style=\"text-decoration: underline;\"><a href=\"https:\/\/confesq.org\/wp-content\/uploads\/2020\/04\/MIGRACIONES.pdf\" target=\"_blank\" rel=\"noopener\">A LA ATT. DEL EXCELENT\u00cdSIMO SR. MINISTRO DE INCLUSI\u00d3N, SEG. SOCIAL Y MIGRACIONES, D. JOS\u00c9 LUIS ESCRIV\u00c1.<\/a><\/span><\/li>\n<li><span style=\"text-decoration: underline;\"><a href=\"https:\/\/confesq.org\/wp-content\/uploads\/2020\/04\/INTERTERRITORIAL.pdf\" target=\"_blank\" rel=\"noopener\">A LA ATT. DEL CONSEJO INTERTERRITORIAL DEL SISTEMA NACIONAL DE SALUD.<\/a><\/span><\/li>\n<li><span style=\"text-decoration: underline;\"><a href=\"https:\/\/confesq.org\/wp-content\/uploads\/2020\/04\/SALUDPUBLICA.pdf\" target=\"_blank\" rel=\"noopener\">A LA ATT. DE DIRECCI\u00d3N GENERAL DE SALUD P\u00daBLICA, CALIDAD E INNOVACI\u00d3N.<\/a><\/span><\/li>\n<li><span style=\"text-decoration: underline;\"><a href=\"https:\/\/confesq.org\/wp-content\/uploads\/2020\/04\/FARMACIA.pdf\" target=\"_blank\" rel=\"noopener\">A LA ATT. DE DIRECCI\u00d3N GENERAL DE CARTERA B\u00c1SICA DE SERVICIOS DEL SISTEMA NACIONAL DE SALUD Y FARMACIA.<\/a><\/span><\/li>\n<\/ul>\n<\/div>\n<p>[\/vc_column_text][vc_column_text css=\u00bb.vc_custom_1586430582105{margin-right: 30px !important;margin-left: 30px !important;}\u00bb]<\/p>\n<div class=\"styled-subtitle\" style=\"text-align: justify;\">Como tercera acci\u00f3n, hemos lanzado una <a href=\"https:\/\/confesq.org\/wp-content\/uploads\/2020\/04\/Copia-de-NOTA-DE-PRENSA-CRISIS-COVID-19.pdf\" target=\"_blank\" rel=\"noopener\"><span style=\"text-decoration: underline;\">NOTA DE PRENSA<\/span><\/a> planteando las necesidades m\u00e1s acuciantes de los pacientes con EM\/SFC y SQM en el marco de la actual crisis sanitaria. Esta nota de prensa se ha difundido a trav\u00e9s de 4 medios digitales (e-mail, RSS, web y redes sociales) y ha tenidos una repercusi\u00f3n de 27.373 impactos y 40 menciones en redes sociales. <a href=\"https:\/\/confesq.org\/wp-content\/uploads\/2020\/04\/informeNota1586080347.9225-DEFINITIVO.pdf\" target=\"_blank\" rel=\"noopener\"><span style=\"text-decoration: underline;\">AQU\u00cd<\/span><\/a> puede leerse el informe completo.<\/div>\n<p>[\/vc_column_text][vc_column_text css=\u00bb.vc_custom_1586438309758{margin-right: 30px !important;margin-left: 30px !important;}\u00bb]<\/p>\n<div class=\"styled-subtitle\" style=\"text-align: justify;\">Hasta el momento, hemos recibido dos respuestas a nuestras cartas, en las que se muestra comprensi\u00f3n ante nuestra particular situaci\u00f3n, pero tambi\u00e9n se expone la terrible situaci\u00f3n por la que estamos pasando a causa de la pandemia del COVID-19 y c\u00f3mo en este momento es prioritario proteger al personal sanitario.<\/div>\n<div class=\"styled-subtitle\">\n<ul>\n<li><a href=\"https:\/\/confesq.org\/wp-content\/uploads\/2020\/04\/Director-del-Gabinete-de-la-Presidencia-del-Gobierno.pdf\" target=\"_blank\" rel=\"noopener\"><span style=\"text-decoration: underline;\">Director del Gabinete de Presidencia del Gobierno<\/span><\/a><\/li>\n<li><a href=\"https:\/\/confesq.org\/wp-content\/uploads\/2020\/04\/Gabinete-Ministerio-de-Seguridad-Social.pdf\" target=\"_blank\" rel=\"noopener\"><span style=\"text-decoration: underline;\">Director del Gabinete del Ministro de Seguridad Social, Inclusi\u00f3n y Migraciones<\/span><\/a><\/li>\n<\/ul>\n<\/div>\n<p>[\/vc_column_text][vc_column_text css=\u00bb.vc_custom_1586430785557{margin-right: 30px !important;margin-left: 30px !important;}\u00bb]<\/p>\n<div class=\"styled-subtitle\" style=\"text-align: justify;\">Nuestro colectivo siempre se queda en casa, pero ahora, m\u00e1s que nunca, todos debemos seguir haci\u00e9ndolo y debemos cumplir a rajatabla con todas las medidas establecidas. Este virus lo combatimos unidos, ya no se trata solo de evitar contagiarse, si no de evitar que los dem\u00e1s se contagien. Si te proteges t\u00fa, proteges al resto. Es desde la base de la solidaridad desde donde conseguiremos vencerlo. Nosotras nos quedamos en casa, \u00bfy t\u00fa?<\/div>\n<p>[\/vc_column_text][vc_row_inner][vc_column_inner width=\u00bb1\/2&#8243;][vc_column_text css=\u00bb.vc_custom_1586437841153{margin-right: 30px !important;margin-left: 30px !important;}\u00bb]<\/p>\n<div><\/div>\n<div><\/div>\n<div><\/div>\n<div class=\"title-h2\" style=\"text-align: center;\">#YOMEQUEDOENCASA<\/div>\n<p>[\/vc_column_text][\/vc_column_inner][vc_column_inner width=\u00bb1\/2&#8243;][vc_single_image image=\u00bb26950&#8243; img_size=\u00bbmedium\u00bb alignment=\u00bbcenter\u00bb css=\u00bb.vc_custom_1586437772796{margin-right: 30px !important;margin-left: 30px !important;}\u00bb][\/vc_column_inner][\/vc_row_inner][\/vc_column][\/vc_row]<\/p>\n<\/div>","protected":false},"excerpt":{"rendered":"<p>[vc_row][vc_column][vc_column_text css=\u00bb.vc_custom_1586244033738{margin-right: 30px !important;margin-left: 30px !important;}\u00bb] ACCIONES LLEVADAS A CABO ANTE EL COVID-19 [\/vc_column_text][\/vc_column][\/vc_row][vc_row][vc_column][vc_single_image image=\u00bb26946&#8243; img_size=\u00bblarge\u00bb alignment=\u00bbcenter\u00bb css=\u00bb.vc_custom_1586244307883{margin-right: 30px !important;margin-left:&#8230;<\/p>\n","protected":false},"author":2,"featured_media":26946,"comment_status":"closed","ping_status":"closed","sticky":false,"template":"","format":"aside","meta":{"footnotes":""},"categories":[105],"tags":[],"class_list":{"0":"post-26944","1":"post","2":"type-post","3":"status-publish","4":"format-aside","5":"has-post-thumbnail","7":"category-novedades","8":"post_format-post-format-aside"},"menu_order":0,"_links":{"self":[{"href":"https:\/\/confesq.org\/index.php?rest_route=\/wp\/v2\/posts\/26944","targetHints":{"allow":["GET"]}}],"collection":[{"href":"https:\/\/confesq.org\/index.php?rest_route=\/wp\/v2\/posts"}],"about":[{"href":"https:\/\/confesq.org\/index.php?rest_route=\/wp\/v2\/types\/post"}],"author":[{"embeddable":true,"href":"https:\/\/confesq.org\/index.php?rest_route=\/wp\/v2\/users\/2"}],"replies":[{"embeddable":true,"href":"https:\/\/confesq.org\/index.php?rest_route=%2Fwp%2Fv2%2Fcomments&post=26944"}],"version-history":[{"count":9,"href":"https:\/\/confesq.org\/index.php?rest_route=\/wp\/v2\/posts\/26944\/revisions"}],"predecessor-version":[{"id":26967,"href":"https:\/\/confesq.org\/index.php?rest_route=\/wp\/v2\/posts\/26944\/revisions\/26967"}],"wp:featuredmedia":[{"embeddable":true,"href":"https:\/\/confesq.org\/index.php?rest_route=\/wp\/v2\/media\/26946"}],"wp:attachment":[{"href":"https:\/\/confesq.org\/index.php?rest_route=%2Fwp%2Fv2%2Fmedia&parent=26944"}],"wp:term":[{"taxonomy":"category","embeddable":true,"href":"https:\/\/confesq.org\/index.php?rest_route=%2Fwp%2Fv2%2Fcategories&post=26944"},{"taxonomy":"post_tag","embeddable":true,"href":"https:\/\/confesq.org\/index.php?rest_route=%2Fwp%2Fv2%2Ftags&post=26944"}],"curies":[{"name":"wp","href":"https:\/\/api.w.org\/{rel}","templated":true}]}}