{"id":26926,"date":"2020-03-15T14:18:21","date_gmt":"2020-03-15T14:18:21","guid":{"rendered":"http:\/\/confederacionssc.es\/?p=26926"},"modified":"2020-03-16T10:59:17","modified_gmt":"2020-03-16T10:59:17","slug":"confesq-escribe-al-ministerio-de-sanidad-y-consejo-interterritorial-de-sanidad","status":"publish","type":"post","link":"https:\/\/confesq.org\/?p=26926","title":{"rendered":"CONFESQ ESCRIBE AL MINISTERIO DE SANIDAD Y CONSEJO INTERTERRITORIAL DE SANIDAD"},"content":{"rendered":"<div class=\"wpb-content-wrapper\"><p>[vc_row][vc_column][vc_column_text css=\u00bb.vc_custom_1584280842493{margin-right: 30px !important;margin-left: 30px !important;}\u00bb]<\/p>\n<h4><b>CONFESQ ESCRIBE\u00a0<\/b>AL MINISTERIO DE SANIDAD Y CONSEJO INTERTERRITORIAL DE SANIDAD<\/h4>\n<p>[\/vc_column_text][\/vc_column][\/vc_row][vc_row][vc_column][vc_single_image image=\u00bb26933&#8243; img_size=\u00bblarge\u00bb alignment=\u00bbcenter\u00bb][\/vc_column][\/vc_row][vc_row][vc_column][vc_column_text css=\u00bb.vc_custom_1584280892855{margin-right: 30px !important;margin-left: 30px !important;}\u00bb]<\/p>\n<div class=\"styled-subtitle\" style=\"text-align: justify;\">La grave crisis sanitaria por el COVID19\u00a0 que estamos viviendo, est\u00e1\u00a0 afectando especialmente a nuestros compa\u00f1eros con Sensibilidad Qu\u00edmica M\u00faltiple y S\u00edndrome de Fatiga Cr\u00f3nica. Por esto hemos enviado una carta al Ministerio de Sanidad, Consejo Interterritorial del SNS, Ministerio de Trabajo y Presidente del Gobierno.<\/div>\n<p>[\/vc_column_text][vc_column_text css=\u00bb.vc_custom_1584281044310{margin-right: 30px !important;margin-left: 30px !important;}\u00bb]<\/p>\n<div class=\"styled-subtitle\" style=\"font-weight: 400; text-align: justify;\">\n<p><span style=\"text-decoration: underline;\">Solicitamos que el Gobierno ponga en marcha un PROTOCOLO DE PROTECCI\u00d3N FRENTE AL COVID 19, que recoja entre otras medidas:<\/span><\/p>\n<\/div>\n<ol style=\"font-weight: 400;\">\n<li style=\"text-align: justify;\">\n<div class=\"styled-subtitle\">Reconocimiento expl\u00edcito como poblaci\u00f3n de riesgo de estos dos colectivos de enfermos, con los beneficios laborales de una IT en los mismos t\u00e9rminos reconocidos para las personas en cuarentena por exposici\u00f3n.<\/div>\n<\/li>\n<li style=\"text-align: justify;\">\n<div class=\"styled-subtitle\">La recomendaci\u00f3n expl\u00edcita de que las personas con SFC\/EM y\/o SQM permanezcan en sus domicilios, donde en caso de necesidad deber\u00edan recibir la atenci\u00f3n sanitaria\u00a0 domiciliaria adecuada, facilitando el suministro de medicaci\u00f3n y productos b\u00e1sicos.<\/div>\n<\/li>\n<li>\n<div class=\"styled-subtitle\" style=\"text-align: justify;\">En el caso especial de pacientes con Sensibilidad Qu\u00edmica M\u00faltiple (SQM)<strong>,<\/strong>\u00a0debido al gran desabastecimiento (o precio desorbitado) de mascarillas de alta protecci\u00f3n con filtro FF2 y FF3, tan necesarias para la vida cotidiana de las personas con SQM, m\u00e1s a\u00fan cuando se ha incrementado la limpieza con desinfectantes de los espacios p\u00fablicos y transportes, solicitamos el acceso a mascarillas de alta protecci\u00f3n para los afectados diagnosticados, mediante el mecanismo de distribuci\u00f3n que las Instituciones Sanitarias estimen oportuno, y a un precio asequible.<\/div>\n<\/li>\n<\/ol>\n<p>[\/vc_column_text][vc_column_text css=\u00bb.vc_custom_1584352467928{margin-right: 30px !important;margin-left: 30px !important;}\u00bb]<\/p>\n<div class=\"styled-subtitle\" style=\"text-align: center;\"><a href=\"https:\/\/confesq.org\/wp-content\/uploads\/2020\/03\/Ministerio-Sanidad_Farmacia-JustificanteFirmado_20014030814-1.pdf\" target=\"_blank\" rel=\"noopener\"><span style=\"text-decoration: underline;\">JUSTIFICANTE DE PRESENTACI\u00d3N<\/span><\/a><\/div>\n<p>[\/vc_column_text][vc_column_text]<\/p>\n<div class=\"styled-subtitle\" style=\"text-align: justify;\">La misma carta la estamos enviando las entidades locales que lo han considerado o no han cerrado completamente sus oficinas a las Consejer\u00edas de Sanidad de sus respectivas Comunidades Aut\u00f3nomas. Si alguna asociaci\u00f3n que no perteneciera a CONFESQ quiere hacerlo tambi\u00e9n, escribidnos a\u00a0<a href=\"mailto:info.confesq@gmail.com\" target=\"_blank\" rel=\"noopener\">info.confesq@gmail.com<\/a><\/div>\n<p>[\/vc_column_text][vc_column_text]<\/p>\n<div class=\"styled-subtitle\" style=\"text-align: justify;\"><span style=\"color: #808080;\">Estas cuestiones y otras relativas a los enfermos cr\u00f3nicos se han<\/span><span style=\"color: #000000;\">\u00a0<\/span>incluido\u00a0 en el documento presentado por la Plataforma de Organizaciones de Pacientes al Ministerio de Sanidad:\u00a0<a href=\"http:\/\/www.plataformadepacientes.org\/actualidad\/la-plataforma-de-organizaciones-de-pacientes-insta-al-ministerio-de-sanidad-a-difundir\" target=\"_blank\" rel=\"noopener\"><span style=\"text-decoration: underline;\">http:\/\/www.plataformadepacientes.org\/actualidad\/la-plataforma-de-organizaciones-de-pacientes-insta-al-ministerio-de-sanidad-a-difundir<\/span><\/a><\/div>\n<p>[\/vc_column_text][vc_column_text]<\/p>\n<div class=\"styled-subtitle\" style=\"text-align: justify;\">Son unos momentos dif\u00edciles para todos, y os pedimos que os cuid\u00e9is mucho y teng\u00e1is paciencia. <a href=\"https:\/\/confesq.org\/?p=26916\" target=\"_blank\" rel=\"noopener\"><span style=\"text-decoration: underline;\">Aqu\u00ed<\/span><\/a> ten\u00e9is recomendaciones para nuestras patolog\u00edas.<\/div>\n<p>[\/vc_column_text][vc_column_text]<\/p>\n<div class=\"styled-subtitle\" style=\"text-align: justify;\">Esperamos obtener alguna respuesta y, al menos, que tengamos acceso a mascarillas. En ese caso os informaremos.<\/div>\n<p>[\/vc_column_text][\/vc_column][\/vc_row]<\/p>\n<\/div>","protected":false},"excerpt":{"rendered":"<p>[vc_row][vc_column][vc_column_text css=\u00bb.vc_custom_1584280842493{margin-right: 30px !important;margin-left: 30px !important;}\u00bb] CONFESQ ESCRIBE\u00a0AL MINISTERIO DE SANIDAD Y CONSEJO INTERTERRITORIAL DE SANIDAD [\/vc_column_text][\/vc_column][\/vc_row][vc_row][vc_column][vc_single_image image=\u00bb26933&#8243; img_size=\u00bblarge\u00bb alignment=\u00bbcenter\u00bb][\/vc_column][\/vc_row][vc_row][vc_column][vc_column_text&#8230;<\/p>\n","protected":false},"author":2,"featured_media":26933,"comment_status":"closed","ping_status":"closed","sticky":false,"template":"","format":"aside","meta":{"footnotes":""},"categories":[105],"tags":[],"class_list":{"0":"post-26926","1":"post","2":"type-post","3":"status-publish","4":"format-aside","5":"has-post-thumbnail","7":"category-novedades","8":"post_format-post-format-aside"},"menu_order":0,"_links":{"self":[{"href":"https:\/\/confesq.org\/index.php?rest_route=\/wp\/v2\/posts\/26926","targetHints":{"allow":["GET"]}}],"collection":[{"href":"https:\/\/confesq.org\/index.php?rest_route=\/wp\/v2\/posts"}],"about":[{"href":"https:\/\/confesq.org\/index.php?rest_route=\/wp\/v2\/types\/post"}],"author":[{"embeddable":true,"href":"https:\/\/confesq.org\/index.php?rest_route=\/wp\/v2\/users\/2"}],"replies":[{"embeddable":true,"href":"https:\/\/confesq.org\/index.php?rest_route=%2Fwp%2Fv2%2Fcomments&post=26926"}],"version-history":[{"count":5,"href":"https:\/\/confesq.org\/index.php?rest_route=\/wp\/v2\/posts\/26926\/revisions"}],"predecessor-version":[{"id":26938,"href":"https:\/\/confesq.org\/index.php?rest_route=\/wp\/v2\/posts\/26926\/revisions\/26938"}],"wp:featuredmedia":[{"embeddable":true,"href":"https:\/\/confesq.org\/index.php?rest_route=\/wp\/v2\/media\/26933"}],"wp:attachment":[{"href":"https:\/\/confesq.org\/index.php?rest_route=%2Fwp%2Fv2%2Fmedia&parent=26926"}],"wp:term":[{"taxonomy":"category","embeddable":true,"href":"https:\/\/confesq.org\/index.php?rest_route=%2Fwp%2Fv2%2Fcategories&post=26926"},{"taxonomy":"post_tag","embeddable":true,"href":"https:\/\/confesq.org\/index.php?rest_route=%2Fwp%2Fv2%2Ftags&post=26926"}],"curies":[{"name":"wp","href":"https:\/\/api.w.org\/{rel}","templated":true}]}}