{"id":26916,"date":"2020-03-11T17:46:53","date_gmt":"2020-03-11T17:46:53","guid":{"rendered":"http:\/\/confederacionssc.es\/?p=26916"},"modified":"2020-03-16T10:02:44","modified_gmt":"2020-03-16T10:02:44","slug":"pacientes-de-confesq-frente-al-coronavirus","status":"publish","type":"post","link":"https:\/\/confesq.org\/?p=26916","title":{"rendered":"PACIENTES DE CONFESQ FRENTE AL CORONAVIRUS"},"content":{"rendered":"<div class=\"wpb-content-wrapper\"><p>[vc_row][vc_column][vc_column_text css=\u00bb.vc_custom_1583948078267{margin-right: 30px !important;margin-left: 30px !important;}\u00bb]<\/p>\n<h4>PACIENTES DE CONFESQ FRENTE AL CORONAVIRUS<\/h4>\n<p>[\/vc_column_text][\/vc_column][\/vc_row][vc_row][vc_column][vc_single_image image=\u00bb26917&#8243; img_size=\u00bblarge\u00bb alignment=\u00bbcenter\u00bb][\/vc_column][\/vc_row][vc_row][vc_column][vc_column_text css=\u00bb.vc_custom_1583948104642{margin-right: 30px !important;margin-left: 30px !important;}\u00bb]<\/p>\n<div class=\"styled-subtitle\" style=\"text-align: justify;\">El coronavirus llega a Espa\u00f1a como una noticia alarmante de la que debemos ser conscientes y tomar precauciones para que el n\u00famero de afectados deje de aumentar y, en su contra, se reduzca al m\u00e1ximo posible. Las personas con enfermedades cr\u00f3nicas debemos tener especial cuidado.<\/div>\n<p>[\/vc_column_text][vc_column_text css=\u00bb.vc_custom_1583946867343{margin-right: 30px !important;margin-left: 30px !important;}\u00bb]<\/p>\n<div class=\"styled-subtitle\" style=\"text-align: justify;\">Dada su importancia, han sido varias entidades de diferentes sectores las que han elaborado una serie de art\u00edculos y documentos para informar sobre la repercusi\u00f3n que este virus est\u00e1 teniendo, adem\u00e1s de detallar como afecta al entorno laboral, c\u00f3mo pueden prevenirlo los pacientes de SFC\/EM y SQM, los inmunosuprimidos, enfermos reum\u00e1ticos y discapacitados.<\/div>\n<p>[\/vc_column_text][vc_column_text css=\u00bb.vc_custom_1583946824617{margin-right: 30px !important;margin-left: 30px !important;}\u00bb]<\/p>\n<div class=\"styled-subtitle\">Entre ellos, podemos destacar los siguientes:<\/div>\n<p>[\/vc_column_text][vc_column_text css=\u00bb.vc_custom_1584282300249{margin-right: 30px !important;margin-left: 30px !important;}\u00bb]<\/p>\n<ul>\n<li class=\"styled-subtitle\"><a href=\"https:\/\/isanidad.com\/156883\/seimc-elabora-un-decalogo-para-prevenir-el-covid-19-en-pacientes-inmunodeprimidos\/?fbclid=IwAR2BSG_99PtbHFL89jOIqsxBs30GMD8HmMjr_ac73l95zvEOAzuIDarWFsg\" target=\"_blank\" rel=\"noopener\"><span style=\"text-decoration: underline;\">Prevenir el Covid-19 en pacientes inmunodeprimidos<\/span>.<\/a>\u00a0Sociedad Espa\u00f1ola de Enfermedades Infecciosas y Microbiolog\u00eda Cl\u00ednica.<\/li>\n<li class=\"styled-subtitle\"><a href=\"https:\/\/www.ser.es\/coronavirus-y-pacientes-con-enfermedades-reumaticas\/\" target=\"_blank\" rel=\"noopener\"><span style=\"text-decoration: underline;\">Coronavirus y pacientes con enfermedades reum\u00e1ticas<\/span><\/a>.\u00a0Sociedad Espa\u00f1ola de Reumatolog\u00eda.<\/li>\n<li class=\"styled-subtitle\"><a href=\"https:\/\/confesq.org\/wp-content\/uploads\/2020\/03\/Nota-Coronavirus-SFC-SQM-2020-RED-1.pdf\" target=\"_blank\" rel=\"noopener\"><span style=\"text-decoration: underline;\">Nota sobre prevenci\u00f3n en SFC\/EM y SQM<\/span>.<\/a> Red SFC-SQM.<\/li>\n<li>\n<div class=\"styled-subtitle\"><span style=\"text-decoration: underline;\"><a href=\"https:\/\/confesq.org\/wp-content\/uploads\/2020\/03\/PLAN-DE-ACTUACI\u00d3N-APLICABLE-EN-COCEMFE-ANTE-EL-CORONAVIRUS-COVID-19.pdf\" target=\"_blank\" rel=\"noopener\">Adaptaci\u00f3n de los espacios de trabajo y recomendaciones para personas discapacitadas.<\/a><\/span>\u00a0COCEMFE.<\/div>\n<\/li>\n<li>\n<div class=\"styled-subtitle\">V\u00eddeo de la Dra. Nancy Klimas- iImun\u00f3loga especializada en EM\/SFC (14 min.):<\/div>\n<\/li>\n<\/ul>\n<p>[\/vc_column_text][vc_column_text css=\u00bb.vc_custom_1584282735829{margin-left: 300px !important;}\u00bb]<iframe src=\"https:\/\/www.youtube.com\/embed\/pkGXiJ1jM14\" width=\"560\" height=\"315\" frameborder=\"0\" allowfullscreen=\"allowfullscreen\"><\/iframe>[\/vc_column_text][vc_column_text css=\u00bb.vc_custom_1584284478547{margin-left: 150px !important;}\u00bb]<\/p>\n<table class=\" aligncenter\">\n<tbody>\n<tr>\n<td colspan=\"2\" width=\"849\">\n<p style=\"text-align: center;\"><strong>RESUMEN<\/strong><\/p>\n<p style=\"text-align: center;\">Pacientes con EM\/SFC est\u00e1n tan solo algo m\u00e1s en riesgo, pero no como, por ejemplo, personas con c\u00e1ncer (entiendo se refiere a bajo quimioterapia). Aun as\u00ed, es bueno tomar algunas precauciones.<\/p>\n<p><strong>\u00a0<\/strong><\/td>\n<\/tr>\n<tr>\n<td width=\"425\">\n<p style=\"text-align: center;\"><strong>\u00a0<\/strong><strong>PRECAUCIONES<\/strong><\/p>\n<\/td>\n<td width=\"425\">\n<p>&nbsp;<\/p>\n<p style=\"text-align: justify;\">&#8211; Lavarse las manos, mantener distancia personal, limpiar superficies.<\/p>\n<p style=\"text-align: justify;\">&#8211; La mascarilla funciona mejor para los enfermos, no tanto para evitar ser infectados.<\/p>\n<p style=\"text-align: justify;\">&#8211; Sprays salinos para limpiar la nariz si hemos inhalado aire que pueda estar contaminado: protege la nariz para evitar que los virus se adhieran a la mucosa (por ejemplo, sprays de xilitol o de celulosa).<\/p>\n<p>&nbsp;<\/td>\n<\/tr>\n<tr>\n<td width=\"425\">\n<p style=\"text-align: center;\"><strong>\u00a0<\/strong><strong>SUPLEMENTOS PARA PREVENIR O PARA COMBATIR LA INFECCI\u00d3N<\/strong><\/p>\n<\/td>\n<td width=\"425\">\n<p>&nbsp;<\/p>\n<p>&#8211; PRIMERO subir los antioxidantes:<\/p>\n<ul>\n<li>Ubiquinol, 200 mg un mes, y luego bajar a 50-100 mg<\/li>\n<li>NAC: 600 mg 1 o 2 al d\u00eda<\/li>\n<li>Glutati\u00f3n liposomal<\/li>\n<li>Vitamina C<\/li>\n<li>Carnitina<\/li>\n<\/ul>\n<p>&#8211; SEGUNDO, dar energ\u00eda al sistema inmune:<\/p>\n<ul>\n<li>B12 y folato (mejor hidroxiB12 o MetilB12, y metilfolato)<\/li>\n<\/ul>\n<p>&#8211; SUPLEMENTO ANTIVIRAL:<\/p>\n<p style=\"text-align: justify;\">El f\u00e1rmaco Immunovir (en Canad\u00e1 y Europa) o Isoprinosine (en EE. UU.): ha demostrado eficacia en infecciones respiratorias y tambi\u00e9n ha mostrado mejorar la funci\u00f3n citot\u00f3xica (por ejemplo, en la lucha antiviral). Tomar 5 d\u00edas a la semana. Se adquiere sin receta.<\/p>\n<p>&nbsp;<\/td>\n<\/tr>\n<\/tbody>\n<\/table>\n<p style=\"text-align: center;\">[\/vc_column_text][vc_column_text css=\u00bb.vc_custom_1584284547704{margin-right: 30px !important;margin-left: 30px !important;}\u00bb]<\/p>\n<p style=\"text-align: center;\">Gracias a Sergio Ballesteros por este resumen en espa\u00f1ol.<\/p>\n<p>[\/vc_column_text][vc_column_text css=\u00bb.vc_custom_1584352953092{margin-right: 30px !important;margin-left: 30px !important;}\u00bb]<\/p>\n<div class=\"styled-subtitle\" style=\"text-align: justify;\">Una de las mayores preocupaciones tiene que ver con la cuarentena y la vida laboral. Estos art\u00edculos pueden resolver algunas de tus dudas:<\/div>\n<ul>\n<li>\n<div class=\"styled-subtitle\"><a href=\"https:\/\/www.expansion.com\/sociedad\/2020\/03\/10\/5e67bccb468aebca748b4586.html\" target=\"_blank\" rel=\"noopener\"><span style=\"text-decoration: underline;\">El aislamiento por coronavirus se cobrar\u00e1 como una baja laboral por accidente.<\/span> <\/a>Expansi\u00f3n.<\/div>\n<\/li>\n<li>\n<div class=\"styled-subtitle\"><span style=\"text-decoration: underline;\"><a href=\"https:\/\/miguelonarenas.blogspot.com\/2020\/03\/coronavirus-y-accidente-de-trabajo-al.html?fbclid=IwAR23nbm7K2XSO9wxWwZXohfCEP2rIzXhJMmR_Y9AaTUsZ7rkOsNXTG2hXdc\" target=\"_blank\" rel=\"noopener\">C\u00f3mo conseguir la baja por motivo del coronavirus por cuarentena&#8230;<\/a><\/span>\u00a0 Miguel Arenas.<\/div>\n<\/li>\n<li>\n<div class=\"styled-subtitle\"><a href=\"https:\/\/www.cronda.coop\/es\/Actualidad\/Articulos\/Coronavirus-respuestas-a-las-10-preguntas-mas-frecuentes\" target=\"_blank\" rel=\"noopener\"><span style=\"text-decoration: underline;\">10 preguntas y respuestas sobre situaci\u00f3n laboral y CORONAVIRUS.<\/span> <\/a>ColectivoRonda.<\/div>\n<\/li>\n<\/ul>\n<div class=\"styled-subtitle\" style=\"text-align: justify;\">Para una mayor tranquilidad y confianza sobre c\u00f3mo actuar frente a esta posible enfermedad, te enlazamos\u00a0la web del Ministerio de Sanidad y un listado de tel\u00e9fonos de informaci\u00f3n de las Comunidades Aut\u00f3nomas:<\/div>\n<ul>\n<li>\n<div class=\"styled-subtitle\"><span style=\"text-decoration: underline;\"><a href=\"https:\/\/www.mscbs.gob.es\/en\/profesionales\/saludPublica\/ccayes\/alertasActual\/nCov-China\/home.htm\" target=\"_blank\" rel=\"noopener\">Web Ministerio Sanidad.<\/a><\/span><\/div>\n<\/li>\n<li>\n<div class=\"styled-subtitle\" style=\"text-align: justify;\"><strong>Andaluc\u00eda:<\/strong> La Consejer\u00eda de Salud de Jes\u00fas Aguirre ha habilitado un tel\u00e9fono especial para consultas, denominado Salud Responde y que es el <strong>955 54 50 60<\/strong>.<\/div>\n<\/li>\n<li style=\"text-align: justify;\">\n<div class=\"styled-subtitle\"><strong>Arag\u00f3n:<\/strong> El Gobierno aragon\u00e9s prefiere que los usuarios llamen al<strong> 061<\/strong>.<\/div>\n<\/li>\n<li style=\"text-align: justify;\">\n<div class=\"styled-subtitle\"><strong>Canarias:<\/strong> El tel\u00e9fono para consultas generales en las Islas Canarias, donde cientos de personas han permanecido en cuarentena en un hotel de Adeje, es el <strong>900 112 061<\/strong>.<\/div>\n<\/li>\n<li style=\"text-align: justify;\">\n<div class=\"styled-subtitle\"><strong>Cantabria:<\/strong> La consejer\u00eda de Sanidad ha optado solamente por los n\u00fameros de tel\u00e9fono convencionales de emergencias y urgencias: <strong>112<\/strong> y<strong> 061<\/strong>.<\/div>\n<\/li>\n<li style=\"text-align: justify;\">\n<div class=\"styled-subtitle\"><strong>Castilla la Mancha:<\/strong> El departmento de Jes\u00fas Fern\u00e1ndez ha habilitado el <strong>900 122 112<\/strong> para el coronavirus.<\/div>\n<\/li>\n<li style=\"text-align: justify;\">\n<div class=\"styled-subtitle\"><strong>Castilla Le\u00f3n:<\/strong> Al igual que el resto de comunidades, reitera el llamamiento ante una posible sospecha de infecci\u00f3n a no acudir a centros m\u00e9dicos ni hospitales, permanecer en casa y llamar al <strong>900 222 000<\/strong>.<\/div>\n<\/li>\n<li style=\"text-align: justify;\">\n<div class=\"styled-subtitle\"><strong>Catalu\u00f1a:<\/strong> Catalu\u00f1a tambi\u00e9n opta por un n\u00famero telef\u00f3nico habitual para atender las consultas sobre esta patolog\u00eda: el <strong>061<\/strong>.<\/div>\n<\/li>\n<li style=\"text-align: justify;\">\n<div class=\"styled-subtitle\"><strong>Comunidad de Madrid:<\/strong> La Consejer\u00eda de Sanidad de Enrique Ruiz Escudero ha habilitado el <strong>900 102 112<\/strong> para derivar las llamadas de posibles casos a la Mesa de Coordinaci\u00f3n del SUMMA 112.<\/div>\n<\/li>\n<li style=\"text-align: justify;\">\n<div class=\"styled-subtitle\"><strong>Comunidad Foral de Navarra:<\/strong> Centralizan en el <strong>112<\/strong> las consultas sobre posibles casos al tener s\u00edntomas y haber venido de las zonas afectadas (o haber tenido un contacto estrecho con casos positivos) mientras que el tel\u00e9fono de consejo sanitario es el <strong>948 290 290<\/strong>.<\/div>\n<\/li>\n<li style=\"text-align: justify;\">\n<div class=\"styled-subtitle\"><strong>Comunidad Valenciana:<\/strong> El <strong>900 300 555<\/strong> es el n\u00famero para que cualquier persona de la Comunidad Valenciana con s\u00edntomas pueda ponerse en contacto con los servicios sanitarios.<\/div>\n<\/li>\n<li style=\"text-align: justify;\">\n<div class=\"styled-subtitle\"><strong>Extremadura:<\/strong> En caso de que alg\u00fan extreme\u00f1o presente s\u00edntomas o quiera resolver alguna cuesti\u00f3n, deber\u00e1 llamar al <strong>112<\/strong>.<\/div>\n<\/li>\n<li style=\"text-align: justify;\">\n<div class=\"styled-subtitle\"><strong>Galicia:<\/strong> En Galicia los usuarios que presenten s\u00edntomas deber\u00e1n llamar al <strong>061<\/strong> y, en el caso de buscar informaci\u00f3n general, el <strong>900 400 116<\/strong>.<\/div>\n<\/li>\n<li style=\"text-align: justify;\">\n<div class=\"styled-subtitle\"><strong>Islas Baleares:<\/strong> En las Islas Baleares se canalizar\u00e1n todas las consultas a trav\u00e9s del <strong>061<\/strong>.<\/div>\n<\/li>\n<li style=\"text-align: justify;\">\n<div class=\"styled-subtitle\"><strong>La Rioja:<\/strong> En La Rioja est\u00e1 disponible el tel\u00e9fono <strong>941 298 333<\/strong>, que se suma al <strong>112<\/strong>, para que los usuarios puedan hacer las consultas que necesiten.<\/div>\n<\/li>\n<li style=\"text-align: justify;\">\n<div class=\"styled-subtitle\"><strong>Regi\u00f3n de Murcia:<\/strong> Salud habilita el tel\u00e9fono de informaci\u00f3n del coronavirus <strong>900 121 212<\/strong>, aunque tambi\u00e9n se puede llamar al <strong>112<\/strong>.<\/div>\n<\/li>\n<li style=\"text-align: justify;\">\n<div class=\"styled-subtitle\"><strong>Pa\u00eds Vasco:<\/strong> <a href=\"https:\/\/www.20minutos.es\/noticia\/4180609\/0\/telefono-coronavirus-pais-vasco-alava-guipuzcoa-vizcaya\/\" target=\"_blank\" rel=\"noopener\">(Diario 20 min.)<\/a> Osakidetza ha abierto la l\u00ednea telef\u00f3nica del 941 298 333 para consultas sobre el coranavirus, y el siguiente tel\u00e9fono <strong>para las personas que noten s\u00edntomas<\/strong> de infecci\u00f3n respiratoria, como tos o dolor de garganta, <strong>y hayan viajado<\/strong> recientemente <strong>a una zona de riesgo, deben quedarse en casa y llamar al tel\u00e9fono del Consejo Sanitario de Osakidetza 900 203 050.<\/strong> M\u00e1s informaci\u00f3n en la p\u00e1gina web del departamento <a href=\"http:\/\/www.euskadi.eus\/informacion-y-recomendaciones-generales-de-actuacion-en-euskadi-ante-el-nuevo-coronavirus\/web01-a2gaixo\/es\/\" target=\"_blank\" rel=\"noopener\">[Enlace].<\/a><\/div>\n<\/li>\n<li>\n<div class=\"styled-subtitle\" style=\"text-align: justify;\"><strong>Principado de Asturias:<\/strong> Asturias mantendr\u00e1 el n\u00famero de emergencias, el <strong>112,<\/strong> como medio de comunicaci\u00f3n.<\/div>\n<\/li>\n<\/ul>\n<div class=\"styled-subtitle\" style=\"text-align: justify;\">Esperamos que dicha informaci\u00f3n os sea de utilidad para sobrellevar mejor esta pandemia y, recordad, tomad precauciones y protegeros para impedir su propagaci\u00f3n.<\/div>\n<p>[\/vc_column_text][\/vc_column][\/vc_row][vc_row][vc_column][\/vc_column][\/vc_row]<\/p>\n<\/div>","protected":false},"excerpt":{"rendered":"<p>[vc_row][vc_column][vc_column_text css=\u00bb.vc_custom_1583948078267{margin-right: 30px !important;margin-left: 30px !important;}\u00bb] PACIENTES DE CONFESQ FRENTE AL CORONAVIRUS [\/vc_column_text][\/vc_column][\/vc_row][vc_row][vc_column][vc_single_image image=\u00bb26917&#8243; img_size=\u00bblarge\u00bb alignment=\u00bbcenter\u00bb][\/vc_column][\/vc_row][vc_row][vc_column][vc_column_text css=\u00bb.vc_custom_1583948104642{margin-right: 30px !important;margin-left: 30px&#8230;<\/p>\n","protected":false},"author":2,"featured_media":26917,"comment_status":"closed","ping_status":"closed","sticky":false,"template":"","format":"aside","meta":{"footnotes":""},"categories":[105],"tags":[],"class_list":{"0":"post-26916","1":"post","2":"type-post","3":"status-publish","4":"format-aside","5":"has-post-thumbnail","7":"category-novedades","8":"post_format-post-format-aside"},"menu_order":0,"_links":{"self":[{"href":"https:\/\/confesq.org\/index.php?rest_route=\/wp\/v2\/posts\/26916","targetHints":{"allow":["GET"]}}],"collection":[{"href":"https:\/\/confesq.org\/index.php?rest_route=\/wp\/v2\/posts"}],"about":[{"href":"https:\/\/confesq.org\/index.php?rest_route=\/wp\/v2\/types\/post"}],"author":[{"embeddable":true,"href":"https:\/\/confesq.org\/index.php?rest_route=\/wp\/v2\/users\/2"}],"replies":[{"embeddable":true,"href":"https:\/\/confesq.org\/index.php?rest_route=%2Fwp%2Fv2%2Fcomments&post=26916"}],"version-history":[{"count":7,"href":"https:\/\/confesq.org\/index.php?rest_route=\/wp\/v2\/posts\/26916\/revisions"}],"predecessor-version":[{"id":26937,"href":"https:\/\/confesq.org\/index.php?rest_route=\/wp\/v2\/posts\/26916\/revisions\/26937"}],"wp:featuredmedia":[{"embeddable":true,"href":"https:\/\/confesq.org\/index.php?rest_route=\/wp\/v2\/media\/26917"}],"wp:attachment":[{"href":"https:\/\/confesq.org\/index.php?rest_route=%2Fwp%2Fv2%2Fmedia&parent=26916"}],"wp:term":[{"taxonomy":"category","embeddable":true,"href":"https:\/\/confesq.org\/index.php?rest_route=%2Fwp%2Fv2%2Fcategories&post=26916"},{"taxonomy":"post_tag","embeddable":true,"href":"https:\/\/confesq.org\/index.php?rest_route=%2Fwp%2Fv2%2Ftags&post=26916"}],"curies":[{"name":"wp","href":"https:\/\/api.w.org\/{rel}","templated":true}]}}