{"id":26881,"date":"2020-02-19T13:53:59","date_gmt":"2020-02-19T13:53:59","guid":{"rendered":"http:\/\/confederacionssc.es\/?p=26881"},"modified":"2020-02-19T15:49:18","modified_gmt":"2020-02-19T15:49:18","slug":"estreno-el-es-progreso-estupida","status":"publish","type":"post","link":"https:\/\/confesq.org\/?p=26881","title":{"rendered":"ESTRENO: \u00abES EL PROGRESO, EST\u00daPIDA\u00bb"},"content":{"rendered":"<div class=\"wpb-content-wrapper\"><p>[vc_row][vc_column][vc_column_text css=\u00bb.vc_custom_1582116182342{margin-right: 30px !important;margin-left: 30px !important;}\u00bb]<\/p>\n<h4>ESTRENO: \u00abES EL PROGRESO, EST\u00daPIDA\u00bb<\/h4>\n<p>[\/vc_column_text][\/vc_column][\/vc_row][vc_row][vc_column][vc_single_image image=\u00bb26884&#8243; img_size=\u00bblarge\u00bb alignment=\u00bbcenter\u00bb][\/vc_column][\/vc_row][vc_row][vc_column][vc_column_text css=\u00bb.vc_custom_1582119521618{margin-right: 30px !important;margin-left: 30px !important;}\u00bb]<\/p>\n<div class=\"styled-subtitle\" style=\"text-align: justify;\">Tenemos el placer de invitaros al estreno en Espa\u00f1a del corto \u00abES EL PROGRESO, EST\u00daPIDA\u00bb sobre Sensibilidad Qu\u00edmica M\u00faltiple\u00a0el\u00a0 viernes 6 de marzo a las 19h. en\u00a0la Casa Encendida (Ronda de Valencia 2, Madrid).<\/div>\n<p>[\/vc_column_text][vc_column_text css=\u00bb.vc_custom_1582119708878{margin-right: 30px !important;margin-left: 30px !important;}\u00bb]<\/p>\n<div class=\"styled-subtitle\" style=\"text-align: justify;\">Desde nuestra Coalici\u00f3n promovemos una gira de proyecciones a nivel nacional, que se inaugura en Madrid, organizada por\u00a0<a href=\"https:\/\/confesq.org\/\" target=\"_blank\" rel=\"noopener\" data-saferedirecturl=\"https:\/\/www.google.com\/url?q=https:\/\/confesq.org\/&amp;source=gmail&amp;ust=1582196210836000&amp;usg=AFQjCNGw7ovpDpZQQD1EeXmePNy-G37aYQ\">CONFESQ<\/a>\u00a0con la colaboraci\u00f3n de las asociaciones de pacientes\u00a0<a href=\"http:\/\/www.sfcsqm.com\/\" target=\"_blank\" rel=\"noopener\" data-saferedirecturl=\"https:\/\/www.google.com\/url?q=http:\/\/www.sfcsqm.com\/&amp;source=gmail&amp;ust=1582196210836000&amp;usg=AFQjCNFAIpJsCtB_00JAkqH55x7Js5PK5g\">SFC-SQM<\/a>\u00a0Madrid y<a href=\"https:\/\/electroyquimicosensibles.org\/\" target=\"_blank\" rel=\"noopener\" data-saferedirecturl=\"https:\/\/www.google.com\/url?q=https:\/\/electroyquimicosensibles.org\/&amp;source=gmail&amp;ust=1582196210836000&amp;usg=AFQjCNFdXSdGRfYtpgWoqF9vI4Nf4RYYAw\">\u00a0EQSDS<\/a>. La iniciativa de grabar este corto ha surgido de pacientes, que se ven representados por CONFESQ y que pertenecen a la asociaci\u00f3n <a href=\"https:\/\/asessca.wordpress.com\/\" target=\"_blank\" rel=\"noopener\">ASESSCA<\/a>, les estamos muy agradecidos, es un gran regalo para el colectivo.<\/div>\n<p>[\/vc_column_text][vc_column_text css=\u00bb.vc_custom_1582120369459{margin-right: 30px !important;margin-left: 30px !important;}\u00bb]<\/p>\n<div class=\"styled-subtitle\" style=\"font-weight: 400;\">FICHA T\u00c9CNICA:<\/div>\n<ul style=\"font-weight: 400;\">\n<li>\n<div class=\"styled-subtitle\">T\u00edtulo- Es el progreso, est\u00fapida<\/div>\n<\/li>\n<li>\n<div class=\"styled-subtitle\">Duraci\u00f3n- 14 minutos<\/div>\n<\/li>\n<li>\n<div class=\"styled-subtitle\">Direcci\u00f3n y gui\u00f3n- Patricia de Luna<\/div>\n<\/li>\n<li>\n<div class=\"styled-subtitle\">Direcci\u00f3n de fotograf\u00eda- Isabel Ruiz<\/div>\n<\/li>\n<li>\n<div class=\"styled-subtitle\">Montaje- Yolanda Rom\u00e1n<\/div>\n<\/li>\n<li>\n<div class=\"styled-subtitle\">Elenco- Amanda Guadamillas, Emilio Linder, Flora L\u00f3pez<\/div>\n<\/li>\n<\/ul>\n<div class=\"styled-subtitle\" style=\"text-align: justify;\">Presentar\u00e1 el acto Jos\u00e9 Araque, periodista.\u00a0 Al estreno acudir\u00e1 el equipo de la pel\u00edcula.<\/div>\n<div class=\"styled-subtitle\" style=\"text-align: justify;\">Despu\u00e9s de la proyecci\u00f3n comenzar\u00e1 un coloquio en el que se analizar\u00e1 el corto desde diversas perspectivas, y que contar\u00e1 con la participaci\u00f3n de <a href=\"https:\/\/www.mujeresdecine.com\/directoras\/item\/456-patricia-de-luna.html\" target=\"_blank\" rel=\"noopener\">Patricia de Luna<\/a> (Directora de la pel\u00edcula), <a href=\"https:\/\/festivalcinemadrid.es\/project\/amanda-guadamillas\/\" target=\"_blank\" rel=\"noopener\">Amanda Guadamillas<\/a> (Actriz protagonista), Dra. Pilar Mu\u00f1oz Calero\u00a0 (Especialista en medicina ambiental y Presidenta de la <a href=\"http:\/\/www.fundacion-alborada.org\/\" target=\"_blank\" rel=\"noopener\">Fundaci\u00f3n Blue-Alborada<\/a>), Mar\u00eda L\u00f3pez Matallana (Vicepresidenta de CONFESQ, asociaciones de pacientes), y Vanessa Basurto (afectada por sensibilidad qu\u00edmica m\u00faltiple).<\/div>\n<p>[\/vc_column_text][\/vc_column][\/vc_row]<\/p>\n<\/div>","protected":false},"excerpt":{"rendered":"<p>[vc_row][vc_column][vc_column_text css=\u00bb.vc_custom_1582116182342{margin-right: 30px !important;margin-left: 30px !important;}\u00bb] ESTRENO: \u00abES EL PROGRESO, EST\u00daPIDA\u00bb [\/vc_column_text][\/vc_column][\/vc_row][vc_row][vc_column][vc_single_image image=\u00bb26884&#8243; img_size=\u00bblarge\u00bb alignment=\u00bbcenter\u00bb][\/vc_column][\/vc_row][vc_row][vc_column][vc_column_text css=\u00bb.vc_custom_1582119521618{margin-right: 30px !important;margin-left: 30px !important;}\u00bb]&#8230;<\/p>\n","protected":false},"author":2,"featured_media":26884,"comment_status":"closed","ping_status":"closed","sticky":false,"template":"","format":"aside","meta":{"footnotes":""},"categories":[105],"tags":[],"class_list":{"0":"post-26881","1":"post","2":"type-post","3":"status-publish","4":"format-aside","5":"has-post-thumbnail","7":"category-novedades","8":"post_format-post-format-aside"},"menu_order":0,"_links":{"self":[{"href":"https:\/\/confesq.org\/index.php?rest_route=\/wp\/v2\/posts\/26881","targetHints":{"allow":["GET"]}}],"collection":[{"href":"https:\/\/confesq.org\/index.php?rest_route=\/wp\/v2\/posts"}],"about":[{"href":"https:\/\/confesq.org\/index.php?rest_route=\/wp\/v2\/types\/post"}],"author":[{"embeddable":true,"href":"https:\/\/confesq.org\/index.php?rest_route=\/wp\/v2\/users\/2"}],"replies":[{"embeddable":true,"href":"https:\/\/confesq.org\/index.php?rest_route=%2Fwp%2Fv2%2Fcomments&post=26881"}],"version-history":[{"count":6,"href":"https:\/\/confesq.org\/index.php?rest_route=\/wp\/v2\/posts\/26881\/revisions"}],"predecessor-version":[{"id":26888,"href":"https:\/\/confesq.org\/index.php?rest_route=\/wp\/v2\/posts\/26881\/revisions\/26888"}],"wp:featuredmedia":[{"embeddable":true,"href":"https:\/\/confesq.org\/index.php?rest_route=\/wp\/v2\/media\/26884"}],"wp:attachment":[{"href":"https:\/\/confesq.org\/index.php?rest_route=%2Fwp%2Fv2%2Fmedia&parent=26881"}],"wp:term":[{"taxonomy":"category","embeddable":true,"href":"https:\/\/confesq.org\/index.php?rest_route=%2Fwp%2Fv2%2Fcategories&post=26881"},{"taxonomy":"post_tag","embeddable":true,"href":"https:\/\/confesq.org\/index.php?rest_route=%2Fwp%2Fv2%2Ftags&post=26881"}],"curies":[{"name":"wp","href":"https:\/\/api.w.org\/{rel}","templated":true}]}}