{"id":26768,"date":"2019-12-17T11:23:38","date_gmt":"2019-12-17T11:23:38","guid":{"rendered":"http:\/\/confederacionssc.es\/?p=26768"},"modified":"2022-05-26T10:40:26","modified_gmt":"2022-05-26T10:40:26","slug":"confesq-en-el-cop25-como-fue","status":"publish","type":"post","link":"https:\/\/confesq.org\/?p=26768","title":{"rendered":"CONFESQ EN EL #COP25: C\u00d3MO FUE"},"content":{"rendered":"<div class=\"wpb-content-wrapper\"><p>[vc_row][vc_column][vc_column_text css=\u00bb.vc_custom_1576759572012{margin-right: 30px !important;margin-left: 30px !important;}\u00bb]<\/p>\n<h4>CONFESQ en el #COP25: C\u00d3MO FUE<\/h4>\n<p>[\/vc_column_text][\/vc_column][\/vc_row][vc_row][vc_column][vc_single_image image=\u00bb26766&#8243; img_size=\u00bblarge\u00bb alignment=\u00bbcenter\u00bb][\/vc_column][\/vc_row][vc_row][vc_column][vc_column_text css=\u00bb.vc_custom_1576759686990{margin-right: 30px !important;margin-left: 30px !important;}\u00bb]<\/p>\n<div class=\"styled-subtitle\" style=\"text-align: justify;\">\n<p>Como ya anunciamos, CONFESQ y varias de sus entidades participaron en la Cumbre Social del Clima 2019, que se celebr\u00f3 en Madrid con motivo del #COP25.<\/p>\n<p>El <strong>6 de diciembre<\/strong> se celebr\u00f3 en Madrid una multitudinaria manifestaci\u00f3n contra el cambio clim\u00e1tico y no pudimos dejar pasar la oportunidad de participar e informar sobre las enfermedades ambientales, concretamente sobre la Sensibilidad Qu\u00edmica M\u00faltiple y la Electrosensibilidad, ya que son dos graves enfermedades que representamos y los factores que la causan son los mismos que da\u00f1an el medio ambiente.<\/p>\n<\/div>\n<p>[\/vc_column_text][vc_gallery type=\u00bbimage_grid\u00bb images=\u00bb26753,26758,26757,26755&#8243; img_size=\u00bbmedium\u00bb onclick=\u00bbimg_link_large\u00bb custom_links_target=\u00bb_blank\u00bb css=\u00bb.vc_custom_1576760015700{margin-left: 170px !important;}\u00bb][\/vc_column][\/vc_row][vc_row][vc_column][vc_column_text css=\u00bb.vc_custom_1576576405063{margin-right: 30px !important;margin-left: 30px !important;}\u00bb]<\/p>\n<div class=\"styled-subtitle\" style=\"text-align: justify;\">En la siguiente imagen se puede ver a nuestra Vicepresidenta, Mar\u00eda L\u00f3pez Matallana, junto con un grupo de personas que tambi\u00e9n apoyaron la causa, repartiendo 2500 hojas informativas.<\/div>\n<p>[\/vc_column_text][\/vc_column][\/vc_row][vc_row][vc_column][vc_single_image image=\u00bb26771&#8243; img_size=\u00bblarge\u00bb alignment=\u00bbcenter\u00bb][\/vc_column][\/vc_row][vc_row][vc_column][vc_column_text css=\u00bb.vc_custom_1576577091282{margin-right: 30px !important;margin-left: 30px !important;}\u00bb]<\/p>\n<div class=\"styled-subtitle\" style=\"text-align: justify;\">El\u00a0 <strong>lunes 9 de diciembre<\/strong>, de 10:00-11:00 ten\u00edamos programada la actividad \u00abEnfermedades Ambientales: comunicado de los pacientes\u00bb, que fue dinamizada por Antonio G. Armas. director\u00a0del Programa de Radio \u00abInvestigadores por el Mundo\u00bb y \u00bb Enfermedades Raras\u00bb en Libertad FM Radio, con la participaci\u00f3n de\u00a0Maria Lopez Matallana, en calidad de Vicepresidenta de CONFESQ; Roc\u00edo Aparicio como afectada de Sensibilidad Qu\u00edmica M<span class=\"text_exposed_show\">\u00faltiple (SQM) y\/o Electrosensibilidad (EHS) y Margarita Girona como madre de afectado.<\/span><\/div>\n<div><\/div>\n<div class=\"styled-subtitle\" style=\"text-align: justify;\">El objetivo principal de esta actividad fue la de dar a conocer estas enfermedades a trav\u00e9s del testimonio de los pacientes, as\u00ed como presentar las reivindicaciones de las asociaciones.<\/div>\n<p>[\/vc_column_text][\/vc_column][\/vc_row][vc_row][vc_column][vc_single_image image=\u00bb26772&#8243; img_size=\u00bblarge\u00bb alignment=\u00bbcenter\u00bb][\/vc_column][\/vc_row][vc_row][vc_column][vc_column_text css=\u00bb.vc_custom_1576579851181{margin-right: 30px !important;margin-left: 30px !important;}\u00bb]<\/p>\n<div class=\"styled-subtitle\" style=\"text-align: justify;\">El d\u00eda <strong>10 de diciembre<\/strong> fue uno de los d\u00edas clave de la Cumbre del Clima puesto que nuestra representante, Carmen Lozano, Vicepresidenta de\u00a0SFC-SQM Castilla La Mancha,\u00a0pudo trasladar nuestro mensaje y testimonio, manifestado en la actividad del d\u00eda anterior, a responsables del Gobierno de Espa\u00f1a (Vicepresidenta y Secretario de Estado) y Alta Comisionada de Agenda 2030. Al igual que en varios medios de comunicaci\u00f3n que se mostraron interesados en nuestras reivindicaciones.<\/div>\n<p>[\/vc_column_text][vc_column_text css=\u00bb.vc_custom_1576838110941{margin-right: 30px !important;margin-left: 30px !important;}\u00bb]<\/p>\n<div class=\"styled-subtitle\">Art\u00edculos:<\/div>\n<ul>\n<li class=\"styled-subtitle\"><span style=\"text-decoration: underline;\"><a href=\"https:\/\/www.lanzadigital.com\/provincia\/una-ciudarrealena-arranca-a-la-vicepresidenta-calvo-un-compromiso-para-luchar-contra-la-contaminacion-interior\/?fbclid=IwAR1GLFjbNX8jz8XuAbKTeqt82i-_IR49WGegTKwkB3ZnlkhUHjK4QPyvRh8\" target=\"_blank\" rel=\"noopener\">Lanza- Diario de La Mancha<\/a><\/span><\/li>\n<li class=\"styled-subtitle\"><span style=\"text-decoration: underline;\"><a href=\"http:\/\/www.rtve.es\/m\/alacarta\/audios\/todo-noticias-tarde\/todo-noticias-tarde-vida-tras-mascara\/5464089\/?fbclid=IwAR2PuDyzrX7WloXHgpKRliA5GSP3sQNLFyhgToie5csz1uKbNwPqhoXMNGA\" target=\"_blank\" rel=\"noopener\">TVE<\/a><\/span><\/li>\n<li class=\"styled-subtitle\"><span style=\"text-decoration: underline;\"><a href=\"https:\/\/www.niusdiario.es\/sociedad\/medio-ambiente\/confidencias-entre-vicepresidenta-enferma-sensibilidad-quimica_18_2864670315.html?fbclid=IwAR1Wxx_IQd4kPvgjqA6SjqAVnIqfeZSF83sGVyjWPO-PNU8b6QrXonSsuPE\" target=\"_blank\" rel=\"noopener\">NIUS<\/a><\/span><\/li>\n<\/ul>\n<p>[\/vc_column_text][\/vc_column][\/vc_row][vc_row][vc_column][vc_single_image image=\u00bb26773&#8243; img_size=\u00bblarge\u00bb alignment=\u00bbcenter\u00bb][\/vc_column][\/vc_row][vc_row][vc_column][vc_column_text css=\u00bb.vc_custom_1576580210869{margin-right: 30px !important;margin-left: 30px !important;}\u00bb]<\/p>\n<div class=\"styled-subtitle\" style=\"text-align: justify;\">Adem\u00e1s, nuestra Presidenta, M\u00aaJos\u00e9 Felix, asisti\u00f3 en el Ministerio de Sanidad al acto\u00a0<span aria-label=\"hashtag\">#<\/span>COP25: \u00abAbordar las desigualdades de g\u00e9nero en salud y cambio clim\u00e1tico. Del marco a la acci\u00f3n, compartiendo las mejores pr\u00e1cticas\u00bb, representando estas\u00a0enfermedades ambientales<\/div>\n<div><\/div>\n<div class=\"styled-subtitle\" style=\"text-align: justify;\">Pudo trasladar a los representantes del Ministerio de Sanidad, la necesidad de que se activen los acuerdos adoptados en la PNL aprobada el pasado 13 de Diciembre de 2018,\u00a0 en la Comisi\u00f3n de Sanidad del Congreso de los diputados, por unanimidad de todos los partidos pol\u00edticos, entre los que se encontraba el reconocimiento del factor de g\u00e9nero asociado a estas patolog\u00edas, raz\u00f3n por el cual ha existido desigualdad en la atenci\u00f3n sanitaria recibida por los pacientes, al afectar mayoritariamente a mujeres. Adem\u00e1s se hizo menci\u00f3n a las graves consecuencias de los factores ambientales, y el papel desempe\u00f1ado por los disruptores endocrinos, motivo por el cual los da\u00f1os ocasionados por\u00a0 estos factores, no solo afectar\u00edan a los que hoy se exponen a ellos, sino que los da\u00f1os ocasionados pueden llegar a afectar a varias generaciones, pasando de padres a hijos los da\u00f1os sufridos. Tambi\u00e9n destac\u00f3 que la contaminaci\u00f3n ambiental (qu\u00edmica o electromagn\u00e9tica) ya est\u00e1 afectando notablemente a las personas m\u00e1s vulnerables, en especial a ni\u00f1os\/as y j\u00f3venes, quienes ven afectada su vida escolar, al no poder acudir regularmente a sus centros debido a estos factores ambientales,\u00a0 siendo necesario garantizar los derechos fundamentales de los m\u00e1s peque\u00f1os, entre los que se encuentran SALUD Y EDUCACI\u00d3N, siendo necesario PROTOCOLOS EDUCATIVOS, que les permitan normalizar su vida escolar, e integrarse socialmente, siendo preciso que existan \u00abZONAS BLANCAS\u00bb, libres de CONTAMINACI\u00d3N AMBIENTAL.<\/div>\n<p>[\/vc_column_text][vc_column_text css=\u00bb.vc_custom_1576838353326{margin-right: 30px !important;margin-left: 30px !important;}\u00bb]<\/p>\n<p>[\/vc_column_text][\/vc_column][\/vc_row][vc_row][vc_column][vc_single_image image=\u00bb26774&#8243; img_size=\u00bblarge\u00bb alignment=\u00bbcenter\u00bb][\/vc_column][\/vc_row][vc_row][vc_column][vc_column_text css=\u00bb.vc_custom_1576760111226{margin-right: 30px !important;margin-left: 30px !important;}\u00bb]<\/p>\n<div class=\"styled-subtitle\" style=\"text-align: justify;\">La conferencia\u00a0\u00ab<em>Contaminaci\u00f3n qu\u00edmica y radioel\u00e9ctrica: riesgos para la salud y nuevas enfermedades emergentes \u00bfy yo qu\u00e9 puedo hacer?\u00bb<\/em>, no pudo impartirla la Dra Mu\u00f1oz Calero, tal y como estaba programado, por un problema de salud, sin embargo cedi\u00f3 sus diapositivas y nuestras compa\u00f1eras Ana Colmenero (AFIXA Ja\u00e9n) y Minerva Palomar (EQSDS) pudieron presentar los principales contenidos al p\u00fablico asistente. Gracias a todas por vuestra generosidad.<\/div>\n<div>\n<div><\/div>\n<div class=\"styled-subtitle\">Art\u00edculo:<\/div>\n<ul>\n<li>\n<div class=\"styled-subtitle\"><span style=\"text-decoration: underline;\"><a href=\"https:\/\/www.cuerpomente.com\/ecologia\/sensibilidad-quimica-multiple_5662?fbclid=IwAR3f9enoJAuTvVOCNvHE8L59OgMI3C_aLSFX9tDsICeFiQiNKlnR-MWBx6g\" target=\"_blank\" rel=\"noopener\">Cuerpomente<\/a><\/span><\/div>\n<\/li>\n<\/ul>\n<\/div>\n<p>[\/vc_column_text][vc_column_text css=\u00bb.vc_custom_1576760507091{margin-right: 30px !important;margin-left: 30px !important;}\u00bb]<\/p>\n<div class=\"styled-subtitle\" style=\"text-align: justify;\">El <strong>d\u00eda 12<\/strong> se present\u00f3 la exposici\u00f3n: \u00ab<em>Enfermedades Ambientales: cuando el &#8216;medio&#8217; ambiente me enferma &#8216;entera&#8217;<\/em>\u00bb que puede verse en el Museo Virtual de Ecolog\u00eda Humana. La exposici\u00f3n fue presentada por nuestra Vicepresidenta, Mar\u00eda L\u00f3pez Matallana (SFC-SQM Madrid), Carlos Varea de la Asociaci\u00f3n de Estudios de Ecolog\u00eda Humana y Annibale Ferrini, Director de Fundaci\u00f3n Alborada.<\/div>\n<p>[\/vc_column_text][vc_column_text css=\u00bb.vc_custom_1576760259283{margin-right: 30px !important;margin-left: 30px !important;}\u00bb]<\/p>\n<div class=\"styled-subtitle\" style=\"text-align: justify;\">Los poemas que acompa\u00f1an las fotograf\u00edas, que<span class=\"text_exposed_show\">\u00a0han sido escritos por Pilar Merino y Ana Macias, ambas afectadas y socias de SFC SQM Madrid, fueron le\u00eddos de forma maravillosa y sobrecogedora para esta presentaci\u00f3n por Julia Villalba y Jose Bermudez, actrices de voz. Las fotografias, impactantes y narrativas, han sido realizadas por afectados\/as o sus familias para el concurso \u00abA Solas con SFC y\/o SQM\u00bb convocado en 2019 por la asociaci\u00f3n de afectados.<\/span><\/div>\n<p>[\/vc_column_text][vc_column_text css=\u00bb.vc_custom_1576760355100{margin-right: 30px !important;margin-left: 30px !important;}\u00bb]<\/p>\n<div class=\"styled-subtitle\" style=\"text-align: justify;\">La creaci\u00f3n de esta exposici\u00f3n ha transmitido un mensaje certero y necesario para concienciar a la sociedad: un cambio es necesario, un cambio que ha de ser radical y que hemos de tomar colectivamente en nuestros comportamientos, en nuestras elecciones y aspiraciones, antes de que estas patolog\u00edas se vuelvan epid\u00e9micas e irreversibles.<\/div>\n<p>[\/vc_column_text][\/vc_column][\/vc_row][vc_row][vc_column][vc_single_image image=\u00bb26776&#8243; img_size=\u00bblarge\u00bb alignment=\u00bbcenter\u00bb][\/vc_column][\/vc_row][vc_row][vc_column][vc_column_text css=\u00bb.vc_custom_1576761604112{margin-right: 30px !important;margin-left: 30px !important;}\u00bb]<\/p>\n<div class=\"styled-subtitle\" style=\"text-align: justify;\">Adem\u00e1s, <strong>entre los d\u00edas 7-12 de diciembre<\/strong> se habilit\u00f3 una secci\u00f3n en la que poder disfrutar de estas fotograf\u00edas, realizadas por afectados\/as o sus familias, que todav\u00eda puedes visualizar en el <span style=\"text-decoration: underline;\"><a href=\"http:\/\/museoecologiahumana.org\/sala\/ano-2019\/\" target=\"_blank\" rel=\"noopener\">Museo Virtual de Ecolog\u00eda Humana de la UAM.<\/a><\/span><\/div>\n<p>[\/vc_column_text][vc_single_image image=\u00bb26785&#8243; img_size=\u00bblarge\u00bb alignment=\u00bbcenter\u00bb][\/vc_column][\/vc_row][vc_row][vc_column][vc_column_text css=\u00bb.vc_custom_1576761133508{margin-right: 30px !important;margin-left: 30px !important;}\u00bb]<\/p>\n<div class=\"styled-subtitle\">El mensaje principal que hemos querido hacer llegar a la sociedad se resume en los siguientes puntos:<\/div>\n<div class=\"styled-subtitle\">\n<ul>\n<li style=\"text-align: justify;\">Las personas que padecemos Enfermedades Ambientales tenemos afectada la salud y no somos un aviso de lo que puede ocurrir, sino una voz de alarma, pues es algo que <em>est\u00e1 sucediendo ya.\u00a0<\/em><\/li>\n<li style=\"text-align: justify;\">Los enfermos de SQM apoyamos todas las medidas que se puedan tomar para frenar la contaminaci\u00f3n de gases invernadero. Pero tambi\u00e9n que hay que tomar medidas sobre el uso de los productos qu\u00edmicos de consumo dom\u00e9stico (que recientes estudios demuestran que son tan t\u00f3xicos como los contaminantes)<\/li>\n<li style=\"text-align: justify;\">Los afectados por EHS queremos comunicar que es necesario limitar la radiaci\u00f3n de Campos Electromagn\u00e9ticos (CEM), que son responsables del 14% de las emisiones de CO2.<\/li>\n<li style=\"text-align: justify;\">Necesitamos \u201czonas blancas\u201d para todos, no s\u00f3lo los afectados, en hospitales, colegios, y otros espacios p\u00fablicos, promoviendo pol\u00edticas de tecnolog\u00eda segura y asumiendo el principio de precauci\u00f3n.<\/li>\n<li style=\"text-align: justify;\">Apostamos por un desarrollo sostenible en el que se garantice la protecci\u00f3n de la salud, especialmente de los m\u00e1s vulnerables, ni\u00f1os y j\u00f3venes.<\/li>\n<\/ul>\n<\/div>\n<p>[\/vc_column_text][vc_column_text css=\u00bb.vc_custom_1576761167224{margin-right: 30px !important;margin-left: 30px !important;}\u00bb]<\/p>\n<div class=\"styled-subtitle\" style=\"text-align: justify;\">El resultado de la Cumbre oficial ha resultado decepcionante. No obstante, seguiremos luchando porque nuestra realidad cambie en beneficio de nuestra salud y la de nuestros hijos, porque la legislaci\u00f3n cambie y dar lugar a la prevenci\u00f3n.<\/div>\n<p>[\/vc_column_text][\/vc_column][\/vc_row]<\/p>\n<\/div>","protected":false},"excerpt":{"rendered":"<p>[vc_row][vc_column][vc_column_text css=\u00bb.vc_custom_1576759572012{margin-right: 30px !important;margin-left: 30px !important;}\u00bb] CONFESQ en el #COP25: C\u00d3MO FUE [\/vc_column_text][\/vc_column][\/vc_row][vc_row][vc_column][vc_single_image image=\u00bb26766&#8243; img_size=\u00bblarge\u00bb alignment=\u00bbcenter\u00bb][\/vc_column][\/vc_row][vc_row][vc_column][vc_column_text css=\u00bb.vc_custom_1576759686990{margin-right: 30px !important;margin-left: 30px&#8230;<\/p>\n","protected":false},"author":2,"featured_media":26766,"comment_status":"closed","ping_status":"closed","sticky":false,"template":"","format":"aside","meta":{"footnotes":""},"categories":[105],"tags":[129],"class_list":{"0":"post-26768","1":"post","2":"type-post","3":"status-publish","4":"format-aside","5":"has-post-thumbnail","7":"category-novedades","8":"tag-5g","9":"post_format-post-format-aside"},"menu_order":0,"_links":{"self":[{"href":"https:\/\/confesq.org\/index.php?rest_route=\/wp\/v2\/posts\/26768","targetHints":{"allow":["GET"]}}],"collection":[{"href":"https:\/\/confesq.org\/index.php?rest_route=\/wp\/v2\/posts"}],"about":[{"href":"https:\/\/confesq.org\/index.php?rest_route=\/wp\/v2\/types\/post"}],"author":[{"embeddable":true,"href":"https:\/\/confesq.org\/index.php?rest_route=\/wp\/v2\/users\/2"}],"replies":[{"embeddable":true,"href":"https:\/\/confesq.org\/index.php?rest_route=%2Fwp%2Fv2%2Fcomments&post=26768"}],"version-history":[{"count":12,"href":"https:\/\/confesq.org\/index.php?rest_route=\/wp\/v2\/posts\/26768\/revisions"}],"predecessor-version":[{"id":26798,"href":"https:\/\/confesq.org\/index.php?rest_route=\/wp\/v2\/posts\/26768\/revisions\/26798"}],"wp:featuredmedia":[{"embeddable":true,"href":"https:\/\/confesq.org\/index.php?rest_route=\/wp\/v2\/media\/26766"}],"wp:attachment":[{"href":"https:\/\/confesq.org\/index.php?rest_route=%2Fwp%2Fv2%2Fmedia&parent=26768"}],"wp:term":[{"taxonomy":"category","embeddable":true,"href":"https:\/\/confesq.org\/index.php?rest_route=%2Fwp%2Fv2%2Fcategories&post=26768"},{"taxonomy":"post_tag","embeddable":true,"href":"https:\/\/confesq.org\/index.php?rest_route=%2Fwp%2Fv2%2Ftags&post=26768"}],"curies":[{"name":"wp","href":"https:\/\/api.w.org\/{rel}","templated":true}]}}