{"id":26247,"date":"2019-05-12T10:52:48","date_gmt":"2019-05-12T10:52:48","guid":{"rendered":"http:\/\/confederacionssc.es\/?p=26247"},"modified":"2019-05-12T11:29:10","modified_gmt":"2019-05-12T11:29:10","slug":"manifiesto-12-de-mayo","status":"publish","type":"post","link":"https:\/\/confesq.org\/?p=26247","title":{"rendered":"FELIZ D\u00cdA MUNDIAL DE LA FM, SFC\/EM, SQM Y EHS"},"content":{"rendered":"<div class=\"wpb-content-wrapper\"><p>[vc_row][vc_column][vc_column_text css=\u00bb.vc_custom_1557658893955{margin-right: 30px !important;margin-left: 30px !important;}\u00bb]<\/p>\n<h4>FELIZ D\u00cdA MUNDIAL DE LA FM, SFC\/EM, SQM Y EHS<\/h4>\n<p>[\/vc_column_text][vc_single_image image=\u00bb26253&#8243; img_size=\u00bblarge\u00bb alignment=\u00bbcenter\u00bb onclick=\u00bbcustom_link\u00bb img_link_target=\u00bb_blank\u00bb link=\u00bbhttps:\/\/confesq.org\/wp-content\/uploads\/2019\/05\/BOLETIN-12-MAYO-19-4.pdf\u00bb][vc_empty_space][vc_column_text css=\u00bb.vc_custom_1557660125126{margin-right: 30px !important;margin-left: 30px !important;}\u00bb]<\/p>\n<div class=\"styled-subtitle\" style=\"text-align: justify;\">Hoy, d\u00eda mundial de la Fibromialgia, S\u00edndrome de Fatiga Cr\u00f3nica\/Encefalomielitis Mi\u00e1lgica, Sensibilidad Qu\u00edmica M\u00faltiple y Electrohipersensibilidad, creemos necesario hacer p\u00fablico este <span style=\"text-decoration: underline;\"><a href=\"https:\/\/confesq.org\/wp-content\/uploads\/2019\/05\/BOLETIN-12-MAYO-19-4.pdf\" target=\"_blank\" rel=\"noopener\">BOLET\u00cdN 12 DE MAYO<\/a><\/span><a href=\"https:\/\/confesq.org\/wp-content\/uploads\/2019\/05\/BOLETIN-12-MAYO-19-4.pdf\" target=\"_blank\" rel=\"noopener\">\u00a0<\/a>referido a las actividades que han realizado las diferentes asociaciones de estas patolog\u00edas para conmemorar este d\u00eda de gran consideraci\u00f3n y tan importante para nosotros. Igualmente, consideramos relevante destacar, hoy m\u00e1s que nunca,\u00a0<a href=\"https:\/\/confesq.org\/wp-content\/uploads\/2019\/05\/MANIFIESTO-12-DE-MAYO-2019.pdf\" target=\"_blank\" rel=\"noopener\"><span style=\"text-decoration: underline;\">ESTE MANIFIESTO<\/span><\/a> en el que, adem\u00e1s de detallar brevemente la afecci\u00f3n y s\u00edntomas de estas cuatro enfermedades, exponemos las acciones que se han de llevar a cabo para seguir avanzando y mejorar la calidad de vida del gran colectivo afectado.\u00a0Entre ellas, se encuentra la retirada, no distribuci\u00f3n y reelaboraci\u00f3n, con el asesoramiento de m\u00e9dicos expertos y participaci\u00f3n de los pacientes, de la gu\u00eda publicada por el INSS que tanta pol\u00e9mica ha causado estos d\u00edas atr\u00e1s y que muchos ya conocer\u00e9is puesto que hab\u00e9is tomado parte en la defensa de nuestros intereses.<\/div>\n<p>[\/vc_column_text][\/vc_column][\/vc_row][vc_row][vc_column][vc_column_text css=\u00bb.vc_custom_1557658002286{margin-right: 30px !important;margin-left: 30px !important;}\u00bb]<\/p>\n<div class=\"styled-subtitle\" style=\"text-align: justify;\">Del mismo modo, invitamos a toda la sociedad a conocer las enfermedades y sus s\u00edntomas con el fin de evitar prejucios y estigmas que puedan ser aun m\u00e1s dani\u00f1os para los enfermos y, sobre todo, hacemos un especial llamamiento a las organizaciones de pacientes para que sigamos trabajando juntos y sumando fuerzas para cambiar esta realidad lo antes posible.<\/div>\n<p>[\/vc_column_text][\/vc_column][\/vc_row][vc_row][vc_column][vc_column_text css=\u00bb.vc_custom_1557659124582{margin-right: 30px !important;margin-left: 30px !important;}\u00bb]<\/p>\n<div class=\"styled-subtitle\" style=\"text-align: justify;\">\u00a1Feliz D\u00eda Mundial de la Fibromialgia, S\u00edndrome de Fatiga Cr\u00f3nica\/EM, Sensibilidad Qu\u00edmica M\u00faltiple y Electrohipersensibilidad!<\/div>\n<p>[\/vc_column_text][\/vc_column][\/vc_row]<\/p>\n<\/div>","protected":false},"excerpt":{"rendered":"<p>[vc_row][vc_column][vc_column_text css=\u00bb.vc_custom_1557658893955{margin-right: 30px !important;margin-left: 30px !important;}\u00bb] FELIZ D\u00cdA MUNDIAL DE LA FM, SFC\/EM, SQM Y EHS [\/vc_column_text][vc_single_image image=\u00bb26253&#8243; img_size=\u00bblarge\u00bb alignment=\u00bbcenter\u00bb&#8230;<\/p>\n","protected":false},"author":2,"featured_media":26253,"comment_status":"closed","ping_status":"closed","sticky":false,"template":"","format":"aside","meta":{"footnotes":""},"categories":[105],"tags":[],"class_list":{"0":"post-26247","1":"post","2":"type-post","3":"status-publish","4":"format-aside","5":"has-post-thumbnail","7":"category-novedades","8":"post_format-post-format-aside"},"menu_order":0,"_links":{"self":[{"href":"https:\/\/confesq.org\/index.php?rest_route=\/wp\/v2\/posts\/26247","targetHints":{"allow":["GET"]}}],"collection":[{"href":"https:\/\/confesq.org\/index.php?rest_route=\/wp\/v2\/posts"}],"about":[{"href":"https:\/\/confesq.org\/index.php?rest_route=\/wp\/v2\/types\/post"}],"author":[{"embeddable":true,"href":"https:\/\/confesq.org\/index.php?rest_route=\/wp\/v2\/users\/2"}],"replies":[{"embeddable":true,"href":"https:\/\/confesq.org\/index.php?rest_route=%2Fwp%2Fv2%2Fcomments&post=26247"}],"version-history":[{"count":7,"href":"https:\/\/confesq.org\/index.php?rest_route=\/wp\/v2\/posts\/26247\/revisions"}],"predecessor-version":[{"id":26259,"href":"https:\/\/confesq.org\/index.php?rest_route=\/wp\/v2\/posts\/26247\/revisions\/26259"}],"wp:featuredmedia":[{"embeddable":true,"href":"https:\/\/confesq.org\/index.php?rest_route=\/wp\/v2\/media\/26253"}],"wp:attachment":[{"href":"https:\/\/confesq.org\/index.php?rest_route=%2Fwp%2Fv2%2Fmedia&parent=26247"}],"wp:term":[{"taxonomy":"category","embeddable":true,"href":"https:\/\/confesq.org\/index.php?rest_route=%2Fwp%2Fv2%2Fcategories&post=26247"},{"taxonomy":"post_tag","embeddable":true,"href":"https:\/\/confesq.org\/index.php?rest_route=%2Fwp%2Fv2%2Ftags&post=26247"}],"curies":[{"name":"wp","href":"https:\/\/api.w.org\/{rel}","templated":true}]}}